{"id":2318,"date":"2021-06-20T17:05:16","date_gmt":"2021-06-20T14:05:16","guid":{"rendered":"http:\/\/site.zile.bel.tr\/?p=2318"},"modified":"2021-06-20T17:06:00","modified_gmt":"2021-06-20T14:06:00","slug":"zile-bedensel-engellilerden-buyuk-basari","status":"publish","type":"post","link":"http:\/\/site.zile.bel.tr\/index.php\/2021\/06\/20\/zile-bedensel-engellilerden-buyuk-basari\/","title":{"rendered":"Zile Bedensel Engellilerden b\u00fcy\u00fck ba\u015far\u0131"},"content":{"rendered":"<p><strong><a href=\"http:\/\/site.zile.bel.tr\/index.php\/2021\/06\/20\/zile-bedensel-engellilerden-buyuk-basari\/132-kopya-1080-x-1080\/\" rel=\"attachment wp-att-2319\"><img loading=\"lazy\" decoding=\"async\" class=\"alignnone wp-image-2319\" src=\"http:\/\/site.zile.bel.tr\/wp-content\/uploads\/2021\/06\/132-kopya-1080-x-1080-1024x1024.jpg\" alt=\"\" width=\"800\" height=\"800\" srcset=\"http:\/\/site.zile.bel.tr\/wp-content\/uploads\/2021\/06\/132-kopya-1080-x-1080-1024x1024.jpg 1024w, http:\/\/site.zile.bel.tr\/wp-content\/uploads\/2021\/06\/132-kopya-1080-x-1080-300x300.jpg 300w, http:\/\/site.zile.bel.tr\/wp-content\/uploads\/2021\/06\/132-kopya-1080-x-1080-150x150.jpg 150w, http:\/\/site.zile.bel.tr\/wp-content\/uploads\/2021\/06\/132-kopya-1080-x-1080-768x768.jpg 768w, http:\/\/site.zile.bel.tr\/wp-content\/uploads\/2021\/06\/132-kopya-1080-x-1080.jpg 1080w\" sizes=\"auto, (max-width: 800px) 100vw, 800px\" \/><\/a><br \/>\nZile Bedensel Engellilerden b\u00fcy\u00fck ba\u015far\u0131<\/strong><\/p>\n<p>Ba\u015fkan \u015e\u00fckr\u00fc Sarg\u0131n bir \u00fcst lige \u00e7\u0131kma ba\u015far\u0131s\u0131 g\u00f6steren Bedensel Engelli sporcu ve y\u00f6neticilerine ba\u015far\u0131 dileyerek, tebrik etti.<\/p>\n<p>Tekerlekli Basketbol 3. Lig grup m\u00fcsabakalar\u0131nda 2. Lige \u00e7\u0131kan \u201cZile Bedensel Engelli Gen\u00e7lik Spor Kul\u00fcb\u00fc \u201c n\u00fcn ba\u015far\u0131lar\u0131n\u0131 tebrik eden Ba\u015fkan \u015e\u00fckr\u00fc Sarg\u0131n mesaj\u0131nda \u015funlar\u0131 s\u00f6yledi.<\/p>\n<p>\u201cYalova&#8217;da yap\u0131lan 3. Lig Grup M\u00fcsabakalar\u0131nda Zile\u2019mizi ba\u015far\u0131yla temsil eden Zile Bedensel Engelliler Gen\u00e7lik Spor Kul\u00fcb\u00fc Tekerlekli Sandalye Basketbol Tak\u0131m\u0131m\u0131z 2. Lige \u00e7\u0131karak bizleri gururland\u0131rm\u0131\u015flard\u0131r.\u00a0 Ba\u015fta Kul\u00fcp Ba\u015fkan\u0131m\u0131z Yasemin Anzerlio\u011flu ve Antren\u00f6r\u00fcm\u00fcz Hayri K\u0131y\u0131c\u0131o\u011flu olmak \u00fczere, ba\u015far\u0131lar\u0131yla bizleri gururland\u0131ran t\u00fcm oyuncular\u0131m\u0131z\u0131 tebrik ediyor, ba\u015far\u0131lar\u0131n\u0131n devam\u0131n\u0131 diliyorum.\u201d<\/p>\n\n\t\t<style type=\"text\/css\">\n\t\t\t#gallery-1 {\n\t\t\t\tmargin: auto;\n\t\t\t}\n\t\t\t#gallery-1 .gallery-item {\n\t\t\t\tfloat: left;\n\t\t\t\tmargin-top: 10px;\n\t\t\t\ttext-align: center;\n\t\t\t\twidth: 33%;\n\t\t\t}\n\t\t\t#gallery-1 img {\n\t\t\t\tborder: 2px solid #cfcfcf;\n\t\t\t}\n\t\t\t#gallery-1 .gallery-caption {\n\t\t\t\tmargin-left: 0;\n\t\t\t}\n\t\t\t\/* see gallery_shortcode() in wp-includes\/media.php *\/\n\t\t<\/style>\n\t\t<div id='gallery-1' class='gallery galleryid-2318 gallery-columns-3 gallery-size-thumbnail'><dl class='gallery-item'>\n\t\t\t<dt class='gallery-icon landscape'>\n\t\t\t\t<a href='http:\/\/site.zile.bel.tr\/wp-content\/uploads\/2021\/06\/E4UaC5GWUAAWbe9.jpg'><img loading=\"lazy\" decoding=\"async\" width=\"150\" height=\"150\" src=\"http:\/\/site.zile.bel.tr\/wp-content\/uploads\/2021\/06\/E4UaC5GWUAAWbe9-150x150.jpg\" class=\"attachment-thumbnail size-thumbnail\" alt=\"\" \/><\/a>\n\t\t\t<\/dt><\/dl><dl class='gallery-item'>\n\t\t\t<dt class='gallery-icon landscape'>\n\t\t\t\t<a href='http:\/\/site.zile.bel.tr\/wp-content\/uploads\/2021\/06\/E4UaEcVXwAAyV7D.jpg'><img loading=\"lazy\" decoding=\"async\" width=\"150\" height=\"150\" src=\"http:\/\/site.zile.bel.tr\/wp-content\/uploads\/2021\/06\/E4UaEcVXwAAyV7D-150x150.jpg\" class=\"attachment-thumbnail size-thumbnail\" alt=\"\" \/><\/a>\n\t\t\t<\/dt><\/dl><dl class='gallery-item'>\n\t\t\t<dt class='gallery-icon landscape'>\n\t\t\t\t<a href='http:\/\/site.zile.bel.tr\/wp-content\/uploads\/2021\/06\/E4UaFNNWQAYmPMf.jpg'><img loading=\"lazy\" decoding=\"async\" width=\"150\" height=\"150\" src=\"http:\/\/site.zile.bel.tr\/wp-content\/uploads\/2021\/06\/E4UaFNNWQAYmPMf-150x150.jpg\" class=\"attachment-thumbnail size-thumbnail\" alt=\"\" \/><\/a>\n\t\t\t<\/dt><\/dl><br style=\"clear: both\" \/>\n\t\t<\/div>\n\n","protected":false},"excerpt":{"rendered":"<p>Zile Bedensel Engellilerden b\u00fcy\u00fck ba\u015far\u0131 Ba\u015fkan \u015e\u00fckr\u00fc Sarg\u0131n bir \u00fcst lige \u00e7\u0131kma ba\u015far\u0131s\u0131 g\u00f6steren Bedensel Engelli sporcu ve y\u00f6neticilerine ba\u015far\u0131 dileyerek, tebrik etti. Tekerlekli Basketbol 3. Lig grup m\u00fcsabakalar\u0131nda 2. Lige \u00e7\u0131kan \u201cZile Bedensel Engelli Gen\u00e7lik Spor Kul\u00fcb\u00fc \u201c n\u00fcn ba\u015far\u0131lar\u0131n\u0131 tebrik eden Ba\u015fkan \u015e\u00fckr\u00fc Sarg\u0131n mesaj\u0131nda \u015funlar\u0131 s\u00f6yledi. \u201cYalova&#8217;da yap\u0131lan 3. Lig Grup M\u00fcsabakalar\u0131nda [&hellip;]<\/p>\n","protected":false},"author":1,"featured_media":2319,"comment_status":"open","ping_status":"open","sticky":false,"template":"","format":"standard","meta":{"footnotes":""},"categories":[11],"tags":[192,184,191,186,27],"class_list":["post-2318","post","type-post","status-publish","format-standard","has-post-thumbnail","hentry","category-haberler","tag-basari","tag-engelli","tag-klubu","tag-spor","tag-zile"],"_links":{"self":[{"href":"http:\/\/site.zile.bel.tr\/index.php\/wp-json\/wp\/v2\/posts\/2318","targetHints":{"allow":["GET"]}}],"collection":[{"href":"http:\/\/site.zile.bel.tr\/index.php\/wp-json\/wp\/v2\/posts"}],"about":[{"href":"http:\/\/site.zile.bel.tr\/index.php\/wp-json\/wp\/v2\/types\/post"}],"author":[{"embeddable":true,"href":"http:\/\/site.zile.bel.tr\/index.php\/wp-json\/wp\/v2\/users\/1"}],"replies":[{"embeddable":true,"href":"http:\/\/site.zile.bel.tr\/index.php\/wp-json\/wp\/v2\/comments?post=2318"}],"version-history":[{"count":3,"href":"http:\/\/site.zile.bel.tr\/index.php\/wp-json\/wp\/v2\/posts\/2318\/revisions"}],"predecessor-version":[{"id":2325,"href":"http:\/\/site.zile.bel.tr\/index.php\/wp-json\/wp\/v2\/posts\/2318\/revisions\/2325"}],"wp:featuredmedia":[{"embeddable":true,"href":"http:\/\/site.zile.bel.tr\/index.php\/wp-json\/wp\/v2\/media\/2319"}],"wp:attachment":[{"href":"http:\/\/site.zile.bel.tr\/index.php\/wp-json\/wp\/v2\/media?parent=2318"}],"wp:term":[{"taxonomy":"category","embeddable":true,"href":"http:\/\/site.zile.bel.tr\/index.php\/wp-json\/wp\/v2\/categories?post=2318"},{"taxonomy":"post_tag","embeddable":true,"href":"http:\/\/site.zile.bel.tr\/index.php\/wp-json\/wp\/v2\/tags?post=2318"}],"curies":[{"name":"wp","href":"https:\/\/api.w.org\/{rel}","templated":true}]}}