{"id":2351,"date":"2021-07-01T11:16:22","date_gmt":"2021-07-01T08:16:22","guid":{"rendered":"http:\/\/site.zile.bel.tr\/?p=2351"},"modified":"2021-07-01T11:16:43","modified_gmt":"2021-07-01T08:16:43","slug":"kurban-kesim-ucretleri","status":"publish","type":"post","link":"http:\/\/site.zile.bel.tr\/index.php\/2021\/07\/01\/kurban-kesim-ucretleri\/","title":{"rendered":"Kurban Kesim \u00dccretleri"},"content":{"rendered":"<p>Kurbanlar\u0131n\u0131 Belediye Mezbahas\u0131nda kestirmek isteyen vatanda\u015flar\u0131m\u0131z 28 Haziran Pazartesi g\u00fcn\u00fcnden itibaren B\u00fcy\u00fck Ba\u015f 200,00 TL,\u00a0 K\u00fc\u00e7\u00fck Ba\u015f 80,00 TL,\u00a0 kurban kesim \u00fccretlerini 14 Temmuz \u00c7ar\u015famba Saat:12.00 a kadar Belediye Emlak Servisine yat\u0131rarak Zab\u0131ta M\u00fcd\u00fcrl\u00fc\u011f\u00fcne ba\u015fvurmalar\u0131 gerekmektedir.<\/p>\n<p>Kurban kesim kuras\u0131 14 Temmuz \u00c7ar\u015famba g\u00fcn\u00fc saat:14.00 da Saray Sinemas\u0131nda yap\u0131lacakt\u0131r.<\/p>\n<p>Say\u0131n halk\u0131m\u0131za duyurulur.<\/p>\n<p><a href=\"http:\/\/site.zile.bel.tr\/index.php\/2021\/07\/01\/kurban-kesim-ucretleri\/kurban-kesim-2021\/\" rel=\"attachment wp-att-2352\"><img loading=\"lazy\" decoding=\"async\" class=\"alignnone wp-image-2352\" src=\"http:\/\/site.zile.bel.tr\/wp-content\/uploads\/2021\/07\/kurban-kesim-2021-1024x806.jpg\" alt=\"\" width=\"800\" height=\"630\" srcset=\"http:\/\/site.zile.bel.tr\/wp-content\/uploads\/2021\/07\/kurban-kesim-2021-1024x806.jpg 1024w, http:\/\/site.zile.bel.tr\/wp-content\/uploads\/2021\/07\/kurban-kesim-2021-300x236.jpg 300w, http:\/\/site.zile.bel.tr\/wp-content\/uploads\/2021\/07\/kurban-kesim-2021-768x604.jpg 768w, http:\/\/site.zile.bel.tr\/wp-content\/uploads\/2021\/07\/kurban-kesim-2021-1536x1209.jpg 1536w, http:\/\/site.zile.bel.tr\/wp-content\/uploads\/2021\/07\/kurban-kesim-2021.jpg 1667w\" sizes=\"auto, (max-width: 800px) 100vw, 800px\" \/><\/a><\/p>\n","protected":false},"excerpt":{"rendered":"<p>Kurbanlar\u0131n\u0131 Belediye Mezbahas\u0131nda kestirmek isteyen vatanda\u015flar\u0131m\u0131z 28 Haziran Pazartesi g\u00fcn\u00fcnden itibaren B\u00fcy\u00fck Ba\u015f 200,00 TL,\u00a0 K\u00fc\u00e7\u00fck Ba\u015f 80,00 TL,\u00a0 kurban kesim \u00fccretlerini 14 Temmuz \u00c7ar\u015famba Saat:12.00 a kadar Belediye Emlak Servisine yat\u0131rarak Zab\u0131ta M\u00fcd\u00fcrl\u00fc\u011f\u00fcne ba\u015fvurmalar\u0131 gerekmektedir. Kurban kesim kuras\u0131 14 Temmuz \u00c7ar\u015famba g\u00fcn\u00fc saat:14.00 da Saray Sinemas\u0131nda yap\u0131lacakt\u0131r. Say\u0131n halk\u0131m\u0131za duyurulur.<\/p>\n","protected":false},"author":1,"featured_media":2352,"comment_status":"open","ping_status":"open","sticky":false,"template":"","format":"standard","meta":{"footnotes":""},"categories":[11],"tags":[],"class_list":["post-2351","post","type-post","status-publish","format-standard","has-post-thumbnail","hentry","category-haberler"],"_links":{"self":[{"href":"http:\/\/site.zile.bel.tr\/index.php\/wp-json\/wp\/v2\/posts\/2351","targetHints":{"allow":["GET"]}}],"collection":[{"href":"http:\/\/site.zile.bel.tr\/index.php\/wp-json\/wp\/v2\/posts"}],"about":[{"href":"http:\/\/site.zile.bel.tr\/index.php\/wp-json\/wp\/v2\/types\/post"}],"author":[{"embeddable":true,"href":"http:\/\/site.zile.bel.tr\/index.php\/wp-json\/wp\/v2\/users\/1"}],"replies":[{"embeddable":true,"href":"http:\/\/site.zile.bel.tr\/index.php\/wp-json\/wp\/v2\/comments?post=2351"}],"version-history":[{"count":2,"href":"http:\/\/site.zile.bel.tr\/index.php\/wp-json\/wp\/v2\/posts\/2351\/revisions"}],"predecessor-version":[{"id":2354,"href":"http:\/\/site.zile.bel.tr\/index.php\/wp-json\/wp\/v2\/posts\/2351\/revisions\/2354"}],"wp:featuredmedia":[{"embeddable":true,"href":"http:\/\/site.zile.bel.tr\/index.php\/wp-json\/wp\/v2\/media\/2352"}],"wp:attachment":[{"href":"http:\/\/site.zile.bel.tr\/index.php\/wp-json\/wp\/v2\/media?parent=2351"}],"wp:term":[{"taxonomy":"category","embeddable":true,"href":"http:\/\/site.zile.bel.tr\/index.php\/wp-json\/wp\/v2\/categories?post=2351"},{"taxonomy":"post_tag","embeddable":true,"href":"http:\/\/site.zile.bel.tr\/index.php\/wp-json\/wp\/v2\/tags?post=2351"}],"curies":[{"name":"wp","href":"https:\/\/api.w.org\/{rel}","templated":true}]}}