{"id":2372,"date":"2021-07-06T16:10:42","date_gmt":"2021-07-06T13:10:42","guid":{"rendered":"http:\/\/site.zile.bel.tr\/?p=2372"},"modified":"2021-07-06T16:10:42","modified_gmt":"2021-07-06T13:10:42","slug":"zile-belediyesi-itfaiyesinden-basarili-operasyon","status":"publish","type":"post","link":"http:\/\/site.zile.bel.tr\/index.php\/2021\/07\/06\/zile-belediyesi-itfaiyesinden-basarili-operasyon\/","title":{"rendered":"Zile Belediyesi \u0130tfaiyesi\u2019nden ba\u015far\u0131l\u0131 operasyon"},"content":{"rendered":"<p><a href=\"http:\/\/site.zile.bel.tr\/index.php\/2021\/07\/06\/zile-belediyesi-itfaiyesinden-basarili-operasyon\/001-1870-x-1150\/\" rel=\"attachment wp-att-2373\"><img loading=\"lazy\" decoding=\"async\" class=\"alignnone wp-image-2373\" src=\"http:\/\/site.zile.bel.tr\/wp-content\/uploads\/2021\/07\/001-1870-x-1150-1024x630.jpg\" alt=\"\" width=\"800\" height=\"492\" srcset=\"http:\/\/site.zile.bel.tr\/wp-content\/uploads\/2021\/07\/001-1870-x-1150-1024x630.jpg 1024w, http:\/\/site.zile.bel.tr\/wp-content\/uploads\/2021\/07\/001-1870-x-1150-300x184.jpg 300w, http:\/\/site.zile.bel.tr\/wp-content\/uploads\/2021\/07\/001-1870-x-1150-768x472.jpg 768w, http:\/\/site.zile.bel.tr\/wp-content\/uploads\/2021\/07\/001-1870-x-1150-1536x945.jpg 1536w, http:\/\/site.zile.bel.tr\/wp-content\/uploads\/2021\/07\/001-1870-x-1150.jpg 1870w\" sizes=\"auto, (max-width: 800px) 100vw, 800px\" \/><\/a><br \/>\nBa\u015f\u0131, cam demirleri aras\u0131nda s\u0131k\u0131\u015fan \u00e7ocuk Zile \u0130tfaiyesi ekiplerince kurtar\u0131ld\u0131.<\/p>\n<p>Bug\u00fcn Nakka\u015f Mahallesi Cesur Sokak\u2019 taki dairede ya\u015fayan olayda, tek katl\u0131 evinin \u00f6n\u00fcnde oynayan 4 ya\u015f\u0131ndaki K.\u015e. cam\u0131n \u00f6n\u00fcnde oynad\u0131\u011f\u0131 s\u0131rada ba\u015f\u0131n\u0131 korkuluk demirlerinin aras\u0131na s\u0131k\u0131\u015ft\u0131rd\u0131.<\/p>\n<p>Aile hemen itfaiye ekibini arayarak, yard\u0131m istedi.<\/p>\n<p>K\u0131sa s\u00fcrede eve gelen Zile Belediyesi \u0130tfaiye ekipleri, \u00e7ocuk zarar g\u00f6rmeden demirleri ay\u0131rarak kurtard\u0131.<\/p>\n<p>Aile, itfaiye ekiplerine te\u015fekk\u00fcr etti.<\/p>\n<p><a href=\"http:\/\/site.zile.bel.tr\/index.php\/2021\/07\/06\/zile-belediyesi-itfaiyesinden-basarili-operasyon\/111-2\/\" rel=\"attachment wp-att-2374\"><img loading=\"lazy\" decoding=\"async\" class=\"alignnone wp-image-2374\" src=\"http:\/\/site.zile.bel.tr\/wp-content\/uploads\/2021\/07\/111-1024x558.jpg\" alt=\"\" width=\"800\" height=\"436\" srcset=\"http:\/\/site.zile.bel.tr\/wp-content\/uploads\/2021\/07\/111-1024x558.jpg 1024w, http:\/\/site.zile.bel.tr\/wp-content\/uploads\/2021\/07\/111-300x163.jpg 300w, http:\/\/site.zile.bel.tr\/wp-content\/uploads\/2021\/07\/111-768x418.jpg 768w, http:\/\/site.zile.bel.tr\/wp-content\/uploads\/2021\/07\/111-1536x837.jpg 1536w, http:\/\/site.zile.bel.tr\/wp-content\/uploads\/2021\/07\/111.jpg 1713w\" sizes=\"auto, (max-width: 800px) 100vw, 800px\" \/><\/a> <a href=\"http:\/\/site.zile.bel.tr\/index.php\/2021\/07\/06\/zile-belediyesi-itfaiyesinden-basarili-operasyon\/attachment\/222\/\" rel=\"attachment wp-att-2375\"><img loading=\"lazy\" decoding=\"async\" class=\"alignnone wp-image-2375\" src=\"http:\/\/site.zile.bel.tr\/wp-content\/uploads\/2021\/07\/222-1024x610.jpg\" alt=\"\" width=\"800\" height=\"476\" srcset=\"http:\/\/site.zile.bel.tr\/wp-content\/uploads\/2021\/07\/222-1024x610.jpg 1024w, http:\/\/site.zile.bel.tr\/wp-content\/uploads\/2021\/07\/222-300x179.jpg 300w, http:\/\/site.zile.bel.tr\/wp-content\/uploads\/2021\/07\/222-768x457.jpg 768w, http:\/\/site.zile.bel.tr\/wp-content\/uploads\/2021\/07\/222.jpg 1506w\" sizes=\"auto, (max-width: 800px) 100vw, 800px\" \/><\/a> <a href=\"http:\/\/site.zile.bel.tr\/index.php\/2021\/07\/06\/zile-belediyesi-itfaiyesinden-basarili-operasyon\/attachment\/333\/\" rel=\"attachment wp-att-2376\"><img loading=\"lazy\" decoding=\"async\" class=\"alignnone wp-image-2376\" src=\"http:\/\/site.zile.bel.tr\/wp-content\/uploads\/2021\/07\/333-1024x639.jpg\" alt=\"\" width=\"800\" height=\"499\" srcset=\"http:\/\/site.zile.bel.tr\/wp-content\/uploads\/2021\/07\/333-1024x639.jpg 1024w, http:\/\/site.zile.bel.tr\/wp-content\/uploads\/2021\/07\/333-300x187.jpg 300w, http:\/\/site.zile.bel.tr\/wp-content\/uploads\/2021\/07\/333-768x479.jpg 768w, http:\/\/site.zile.bel.tr\/wp-content\/uploads\/2021\/07\/333-1536x958.jpg 1536w, http:\/\/site.zile.bel.tr\/wp-content\/uploads\/2021\/07\/333.jpg 1587w\" sizes=\"auto, (max-width: 800px) 100vw, 800px\" \/><\/a><\/p>\n","protected":false},"excerpt":{"rendered":"<p>Ba\u015f\u0131, cam demirleri aras\u0131nda s\u0131k\u0131\u015fan \u00e7ocuk Zile \u0130tfaiyesi ekiplerince kurtar\u0131ld\u0131. Bug\u00fcn Nakka\u015f Mahallesi Cesur Sokak\u2019 taki dairede ya\u015fayan olayda, tek katl\u0131 evinin \u00f6n\u00fcnde oynayan 4 ya\u015f\u0131ndaki K.\u015e. cam\u0131n \u00f6n\u00fcnde oynad\u0131\u011f\u0131 s\u0131rada ba\u015f\u0131n\u0131 korkuluk demirlerinin aras\u0131na s\u0131k\u0131\u015ft\u0131rd\u0131. Aile hemen itfaiye ekibini arayarak, yard\u0131m istedi. K\u0131sa s\u00fcrede eve gelen Zile Belediyesi \u0130tfaiye ekipleri, \u00e7ocuk zarar g\u00f6rmeden demirleri [&hellip;]<\/p>\n","protected":false},"author":1,"featured_media":2373,"comment_status":"open","ping_status":"open","sticky":false,"template":"","format":"standard","meta":{"footnotes":""},"categories":[11],"tags":[],"class_list":["post-2372","post","type-post","status-publish","format-standard","has-post-thumbnail","hentry","category-haberler"],"_links":{"self":[{"href":"http:\/\/site.zile.bel.tr\/index.php\/wp-json\/wp\/v2\/posts\/2372","targetHints":{"allow":["GET"]}}],"collection":[{"href":"http:\/\/site.zile.bel.tr\/index.php\/wp-json\/wp\/v2\/posts"}],"about":[{"href":"http:\/\/site.zile.bel.tr\/index.php\/wp-json\/wp\/v2\/types\/post"}],"author":[{"embeddable":true,"href":"http:\/\/site.zile.bel.tr\/index.php\/wp-json\/wp\/v2\/users\/1"}],"replies":[{"embeddable":true,"href":"http:\/\/site.zile.bel.tr\/index.php\/wp-json\/wp\/v2\/comments?post=2372"}],"version-history":[{"count":2,"href":"http:\/\/site.zile.bel.tr\/index.php\/wp-json\/wp\/v2\/posts\/2372\/revisions"}],"predecessor-version":[{"id":2378,"href":"http:\/\/site.zile.bel.tr\/index.php\/wp-json\/wp\/v2\/posts\/2372\/revisions\/2378"}],"wp:featuredmedia":[{"embeddable":true,"href":"http:\/\/site.zile.bel.tr\/index.php\/wp-json\/wp\/v2\/media\/2373"}],"wp:attachment":[{"href":"http:\/\/site.zile.bel.tr\/index.php\/wp-json\/wp\/v2\/media?parent=2372"}],"wp:term":[{"taxonomy":"category","embeddable":true,"href":"http:\/\/site.zile.bel.tr\/index.php\/wp-json\/wp\/v2\/categories?post=2372"},{"taxonomy":"post_tag","embeddable":true,"href":"http:\/\/site.zile.bel.tr\/index.php\/wp-json\/wp\/v2\/tags?post=2372"}],"curies":[{"name":"wp","href":"https:\/\/api.w.org\/{rel}","templated":true}]}}