{"id":2417,"date":"2021-07-19T13:50:00","date_gmt":"2021-07-19T10:50:00","guid":{"rendered":"http:\/\/site.zile.bel.tr\/?p=2417"},"modified":"2021-07-19T13:50:00","modified_gmt":"2021-07-19T10:50:00","slug":"zilede-karakilcik-bugdayi-hasadi-yapildi","status":"publish","type":"post","link":"http:\/\/site.zile.bel.tr\/index.php\/2021\/07\/19\/zilede-karakilcik-bugdayi-hasadi-yapildi\/","title":{"rendered":"Zile\u2019de Karak\u0131l\u00e7\u0131k Bu\u011fday\u0131 hasad\u0131 yap\u0131ld\u0131"},"content":{"rendered":"<p><strong>Zile\u2019de Karak\u0131l\u00e7\u0131k Bu\u011fday\u0131 hasad\u0131 yap\u0131ld\u0131<\/strong><\/p>\n<p>Zile\u2019de \u201ckarak\u0131l\u00e7\u0131k Bu\u011fday\u0131n\u0131n Yayg\u0131nla\u015ft\u0131r\u0131lmas\u0131 Projesi\u201d kapsam\u0131nda ekimi yap\u0131lan Karak\u0131l\u00e7\u0131k Bu\u011fday\u0131n\u0131n hasad\u0131 yap\u0131ld\u0131.<\/p>\n<p>Zile Belediyesi taraf\u0131ndan Karak\u0131l\u00e7\u0131k Bu\u011fday\u0131n\u0131 tekrar ekme, yayg\u0131nla\u015ft\u0131rma ve bu\u011fday \u00fcreticilerine destek verme amac\u0131yla ba\u015flat\u0131lan proje kapsam\u0131nda \u0130stasyon Mahallesi\u2019ndeki tar\u0131m arazisine Karak\u0131l\u00e7\u0131k Bu\u011fday\u0131 ekildi.<\/p>\n<p>Karak\u0131l\u00e7\u0131k Bu\u011fday\u0131n\u0131 yayg\u0131nla\u015ft\u0131rma, bu\u011fday \u00fcreticisine ve hayvan yeti\u015ftiricilerine destek olmak ad\u0131na ba\u015flat\u0131lan \u00e7al\u0131\u015fmalar\u0131n meyvesini verdi\u011fini belirten Zile Belediye Ba\u015fkan\u0131 \u015e\u00fckr\u00fc Sarg\u0131n, sa\u011fl\u0131kl\u0131 g\u0131daya yerel tohumlarla ula\u015f\u0131labilece\u011fini ifade etti.<\/p>\n<p>\u2018<strong>1000 y\u0131ll\u0131k ata tohumu Karak\u0131l\u00e7\u0131k bu\u011fday\u0131\u2019<\/strong><\/p>\n<p>1000 y\u0131ll\u0131k ata tohumunun il\u00e7emizde yeti\u015ftirilmesi i\u00e7in \u00e7al\u0131\u015fmalara ba\u015flad\u0131klar\u0131n\u0131 ve ilk hasad\u0131 yapt\u0131klar\u0131n\u0131 belirten Zile Belediye Ba\u015fkan\u0131 \u015e\u00fckr\u00fc Sarg\u0131n, \u201cKarak\u0131l\u00e7\u0131k Bu\u011fday\u0131m\u0131z\u0131n ilk hasad\u0131n\u0131 yapman\u0131n mutlulu\u011fu ya\u015f\u0131yoruz. Pandemi s\u00fcrecinde \u00f6zellikle \u00fclkelerin bu d\u00f6nemde \u00fczerinde durduklar\u0131 en \u00f6nemli konulardan bir tanesi de g\u0131da arz g\u00fcvenli\u011fidir. Bu vesileyle Zile gibi geni\u015f tar\u0131m arazilerine sahip, iklim bak\u0131m\u0131ndan elveri\u015fli bu b\u00f6lgelerde \u00e7ok \u00f6nemli bir misyonumuz var. Zile Belediyesi ve halk\u0131 olarak \u00fclkemizin sa\u011fl\u0131kl\u0131 g\u0131daya eri\u015fimi noktas\u0131nda bir misyona sahip olabiliriz. Bu projeyi s\u00fcrd\u00fcrebilmek i\u00e7in kendimize \u00f6zg\u00fc bu t\u00fcr tohumlarla elde etti\u011fimiz \u00fcr\u00fcnleri ihtiya\u00e7 duyan insanlara sunmam\u0131z gerekiyor. Bu a\u00e7\u0131dan bu \u00e7al\u0131\u015fmay\u0131 \u00f6nemsiyoruz. \u0130l\u00e7emizin geli\u015fmesi a\u00e7\u0131s\u0131ndan turizm ve tar\u0131m odakl\u0131 \u00e7al\u0131\u015fmalar\u0131m\u0131z devam edecektir. Zile Belediyesi olarak k\u0131rsalda hizmet etmeye, k\u0131rsaldaki vatanda\u015flar\u0131m\u0131z\u0131n yan\u0131nda olmaya ve yerel tohumlarla tar\u0131m\u0131 desteklemeye devam edece\u011fiz\u201d \u015feklinde konu\u015ftu.<\/p>\n\n\t\t<style type=\"text\/css\">\n\t\t\t#gallery-1 {\n\t\t\t\tmargin: auto;\n\t\t\t}\n\t\t\t#gallery-1 .gallery-item {\n\t\t\t\tfloat: left;\n\t\t\t\tmargin-top: 10px;\n\t\t\t\ttext-align: center;\n\t\t\t\twidth: 33%;\n\t\t\t}\n\t\t\t#gallery-1 img {\n\t\t\t\tborder: 2px solid #cfcfcf;\n\t\t\t}\n\t\t\t#gallery-1 .gallery-caption {\n\t\t\t\tmargin-left: 0;\n\t\t\t}\n\t\t\t\/* see gallery_shortcode() in wp-includes\/media.php *\/\n\t\t<\/style>\n\t\t<div id='gallery-1' class='gallery galleryid-2417 gallery-columns-3 gallery-size-thumbnail'><dl class='gallery-item'>\n\t\t\t<dt class='gallery-icon landscape'>\n\t\t\t\t<a href='http:\/\/site.zile.bel.tr\/wp-content\/uploads\/2021\/07\/01-2.jpg'><img loading=\"lazy\" decoding=\"async\" width=\"150\" height=\"150\" src=\"http:\/\/site.zile.bel.tr\/wp-content\/uploads\/2021\/07\/01-2-150x150.jpg\" class=\"attachment-thumbnail size-thumbnail\" alt=\"\" \/><\/a>\n\t\t\t<\/dt><\/dl><dl class='gallery-item'>\n\t\t\t<dt class='gallery-icon landscape'>\n\t\t\t\t<a href='http:\/\/site.zile.bel.tr\/wp-content\/uploads\/2021\/07\/02-2.jpg'><img loading=\"lazy\" decoding=\"async\" width=\"150\" height=\"150\" src=\"http:\/\/site.zile.bel.tr\/wp-content\/uploads\/2021\/07\/02-2-150x150.jpg\" class=\"attachment-thumbnail size-thumbnail\" alt=\"\" \/><\/a>\n\t\t\t<\/dt><\/dl><dl class='gallery-item'>\n\t\t\t<dt class='gallery-icon landscape'>\n\t\t\t\t<a href='http:\/\/site.zile.bel.tr\/wp-content\/uploads\/2021\/07\/03-2.jpg'><img loading=\"lazy\" decoding=\"async\" width=\"150\" height=\"150\" src=\"http:\/\/site.zile.bel.tr\/wp-content\/uploads\/2021\/07\/03-2-150x150.jpg\" class=\"attachment-thumbnail size-thumbnail\" alt=\"\" \/><\/a>\n\t\t\t<\/dt><\/dl><br style=\"clear: both\" \/><dl class='gallery-item'>\n\t\t\t<dt class='gallery-icon landscape'>\n\t\t\t\t<a href='http:\/\/site.zile.bel.tr\/wp-content\/uploads\/2021\/07\/04-2.jpg'><img loading=\"lazy\" decoding=\"async\" width=\"150\" height=\"150\" src=\"http:\/\/site.zile.bel.tr\/wp-content\/uploads\/2021\/07\/04-2-150x150.jpg\" class=\"attachment-thumbnail size-thumbnail\" alt=\"\" \/><\/a>\n\t\t\t<\/dt><\/dl><dl class='gallery-item'>\n\t\t\t<dt class='gallery-icon landscape'>\n\t\t\t\t<a href='http:\/\/site.zile.bel.tr\/wp-content\/uploads\/2021\/07\/05-2.jpg'><img loading=\"lazy\" decoding=\"async\" width=\"150\" height=\"150\" src=\"http:\/\/site.zile.bel.tr\/wp-content\/uploads\/2021\/07\/05-2-150x150.jpg\" class=\"attachment-thumbnail size-thumbnail\" alt=\"\" \/><\/a>\n\t\t\t<\/dt><\/dl><dl class='gallery-item'>\n\t\t\t<dt class='gallery-icon landscape'>\n\t\t\t\t<a href='http:\/\/site.zile.bel.tr\/wp-content\/uploads\/2021\/07\/06-2.jpg'><img loading=\"lazy\" decoding=\"async\" width=\"150\" height=\"150\" src=\"http:\/\/site.zile.bel.tr\/wp-content\/uploads\/2021\/07\/06-2-150x150.jpg\" class=\"attachment-thumbnail size-thumbnail\" alt=\"\" \/><\/a>\n\t\t\t<\/dt><\/dl><br style=\"clear: both\" \/><dl class='gallery-item'>\n\t\t\t<dt class='gallery-icon landscape'>\n\t\t\t\t<a href='http:\/\/site.zile.bel.tr\/wp-content\/uploads\/2021\/07\/07-2.jpg'><img loading=\"lazy\" decoding=\"async\" width=\"150\" height=\"150\" src=\"http:\/\/site.zile.bel.tr\/wp-content\/uploads\/2021\/07\/07-2-150x150.jpg\" class=\"attachment-thumbnail size-thumbnail\" alt=\"\" \/><\/a>\n\t\t\t<\/dt><\/dl>\n\t\t\t<br style='clear: both' \/>\n\t\t<\/div>\n\n","protected":false},"excerpt":{"rendered":"<p>Zile\u2019de Karak\u0131l\u00e7\u0131k Bu\u011fday\u0131 hasad\u0131 yap\u0131ld\u0131 Zile\u2019de \u201ckarak\u0131l\u00e7\u0131k Bu\u011fday\u0131n\u0131n Yayg\u0131nla\u015ft\u0131r\u0131lmas\u0131 Projesi\u201d kapsam\u0131nda ekimi yap\u0131lan Karak\u0131l\u00e7\u0131k Bu\u011fday\u0131n\u0131n hasad\u0131 yap\u0131ld\u0131. Zile Belediyesi taraf\u0131ndan Karak\u0131l\u00e7\u0131k Bu\u011fday\u0131n\u0131 tekrar ekme, yayg\u0131nla\u015ft\u0131rma ve bu\u011fday \u00fcreticilerine destek verme amac\u0131yla ba\u015flat\u0131lan proje kapsam\u0131nda \u0130stasyon Mahallesi\u2019ndeki tar\u0131m arazisine Karak\u0131l\u00e7\u0131k Bu\u011fday\u0131 ekildi. Karak\u0131l\u00e7\u0131k Bu\u011fday\u0131n\u0131 yayg\u0131nla\u015ft\u0131rma, bu\u011fday \u00fcreticisine ve hayvan yeti\u015ftiricilerine destek olmak ad\u0131na ba\u015flat\u0131lan \u00e7al\u0131\u015fmalar\u0131n meyvesini [&hellip;]<\/p>\n","protected":false},"author":1,"featured_media":2419,"comment_status":"open","ping_status":"open","sticky":false,"template":"","format":"standard","meta":{"footnotes":""},"categories":[11],"tags":[],"class_list":["post-2417","post","type-post","status-publish","format-standard","has-post-thumbnail","hentry","category-haberler"],"_links":{"self":[{"href":"http:\/\/site.zile.bel.tr\/index.php\/wp-json\/wp\/v2\/posts\/2417","targetHints":{"allow":["GET"]}}],"collection":[{"href":"http:\/\/site.zile.bel.tr\/index.php\/wp-json\/wp\/v2\/posts"}],"about":[{"href":"http:\/\/site.zile.bel.tr\/index.php\/wp-json\/wp\/v2\/types\/post"}],"author":[{"embeddable":true,"href":"http:\/\/site.zile.bel.tr\/index.php\/wp-json\/wp\/v2\/users\/1"}],"replies":[{"embeddable":true,"href":"http:\/\/site.zile.bel.tr\/index.php\/wp-json\/wp\/v2\/comments?post=2417"}],"version-history":[{"count":1,"href":"http:\/\/site.zile.bel.tr\/index.php\/wp-json\/wp\/v2\/posts\/2417\/revisions"}],"predecessor-version":[{"id":2425,"href":"http:\/\/site.zile.bel.tr\/index.php\/wp-json\/wp\/v2\/posts\/2417\/revisions\/2425"}],"wp:featuredmedia":[{"embeddable":true,"href":"http:\/\/site.zile.bel.tr\/index.php\/wp-json\/wp\/v2\/media\/2419"}],"wp:attachment":[{"href":"http:\/\/site.zile.bel.tr\/index.php\/wp-json\/wp\/v2\/media?parent=2417"}],"wp:term":[{"taxonomy":"category","embeddable":true,"href":"http:\/\/site.zile.bel.tr\/index.php\/wp-json\/wp\/v2\/categories?post=2417"},{"taxonomy":"post_tag","embeddable":true,"href":"http:\/\/site.zile.bel.tr\/index.php\/wp-json\/wp\/v2\/tags?post=2417"}],"curies":[{"name":"wp","href":"https:\/\/api.w.org\/{rel}","templated":true}]}}