{"id":2444,"date":"2021-08-11T13:30:53","date_gmt":"2021-08-11T10:30:53","guid":{"rendered":"https:\/\/site.zile.bel.tr\/?p=2444"},"modified":"2021-08-11T13:30:53","modified_gmt":"2021-08-11T10:30:53","slug":"izmirden-gelen-35-kampci-zileyi-gezdi","status":"publish","type":"post","link":"http:\/\/site.zile.bel.tr\/index.php\/2021\/08\/11\/izmirden-gelen-35-kampci-zileyi-gezdi\/","title":{"rendered":"\u0130zmir\u2019den gelen 35 kamp\u00e7\u0131 Zile\u2019yi gezdi"},"content":{"rendered":"<p><strong>\u0130zmir\u2019den gelen 35 kamp\u00e7\u0131 Zile\u2019yi gezdi<\/strong><\/p>\n<p>\u0130zmir\u2019de bulunan Pusula 35 Da\u011fc\u0131l\u0131k Kamp\u00e7\u0131l\u0131k ve Do\u011fa Sporlar\u0131 Derne\u011fi, Zile\u2019ye g\u00fcn\u00fc birlik bir gezi d\u00fczenleyerek tarihi ve k\u00fclt\u00fcrel yerleri gezdi.<\/p>\n<p>Zile Belediyesi K\u00fclt\u00fcr ve Sosyal \u0130\u015fleri M\u00fcd\u00fcrl\u00fc\u011f\u00fc taraf\u0131ndan il\u00e7enin tarihi yerleri gezdirilen 35 kamp\u00e7\u0131, tarihi Zile Kalesi ve leblebisini \u00e7ok be\u011fendiklerini ve uzun s\u00fcrekli kamp i\u00e7in gezi programlar\u0131na Zile\u2019yi de eklediklerini belirttiler.<\/p>\n<p>Tan\u0131t\u0131m \u00e7al\u0131\u015fmalar\u0131n\u0131n kar\u015f\u0131l\u0131\u011f\u0131n\u0131 almaya ba\u015flad\u0131klar\u0131n\u0131 belirten Zile Belediye Ba\u015fkan\u0131 \u015e\u00fckr\u00fc Sarg\u0131n, \u201cTar\u0131m ve turizm odakl\u0131 \u00e7al\u0131\u015fmalar\u0131m\u0131z h\u0131zla devam ediyor. \u00d6zelikle turizm noktas\u0131nda teknolojik bir\u00e7ok \u00e7al\u0131\u015fmam\u0131z olacak. \u00c7al\u0131\u015fmas\u0131n\u0131 k\u0131sa s\u00fcrede tamamlayaca\u011f\u0131m\u0131z, Bas\u0131n Yay\u0131n ve Halkla \u0130li\u015fikiler birimimiz taraf\u0131ndan haz\u0131rlanan kare kod ve gezi rotas\u0131 uygulamalar\u0131m\u0131z ile il\u00e7emize gelen ziyaret\u00e7ilerimize b\u00f6lgede farkl\u0131 bir turizm hizmeti sunmay\u0131 hedefliyoruz. Rehber ihtiyac\u0131 duymadan gelen ziyaret\u00e7ilerimizin bir\u00e7ok dilde an\u0131nda istedi\u011fi bilgiye ula\u015fabilece\u011fi ve gezilecek yerleri kendi telefonu ile rota olu\u015fturarak bulabilecekleri projemiz Zile\u2019mize katma de\u011fer kataca\u011f\u0131 gibi zamanla il\u00e7emize yap\u0131lacak olan gezi taleplerini de art\u0131racakt\u0131r\u201d dedi.<\/p>\n\n\t\t<style type=\"text\/css\">\n\t\t\t#gallery-1 {\n\t\t\t\tmargin: auto;\n\t\t\t}\n\t\t\t#gallery-1 .gallery-item {\n\t\t\t\tfloat: left;\n\t\t\t\tmargin-top: 10px;\n\t\t\t\ttext-align: center;\n\t\t\t\twidth: 33%;\n\t\t\t}\n\t\t\t#gallery-1 img {\n\t\t\t\tborder: 2px solid #cfcfcf;\n\t\t\t}\n\t\t\t#gallery-1 .gallery-caption {\n\t\t\t\tmargin-left: 0;\n\t\t\t}\n\t\t\t\/* see gallery_shortcode() in wp-includes\/media.php *\/\n\t\t<\/style>\n\t\t<div id='gallery-1' class='gallery galleryid-2444 gallery-columns-3 gallery-size-thumbnail'><dl class='gallery-item'>\n\t\t\t<dt class='gallery-icon landscape'>\n\t\t\t\t<a href='http:\/\/site.zile.bel.tr\/wp-content\/uploads\/2021\/08\/1.jpg'><img loading=\"lazy\" decoding=\"async\" width=\"150\" height=\"150\" src=\"http:\/\/site.zile.bel.tr\/wp-content\/uploads\/2021\/08\/1-150x150.jpg\" class=\"attachment-thumbnail size-thumbnail\" alt=\"\" \/><\/a>\n\t\t\t<\/dt><\/dl><dl class='gallery-item'>\n\t\t\t<dt class='gallery-icon portrait'>\n\t\t\t\t<a href='http:\/\/site.zile.bel.tr\/wp-content\/uploads\/2021\/08\/2-rotated.jpg'><img loading=\"lazy\" decoding=\"async\" width=\"150\" height=\"150\" src=\"http:\/\/site.zile.bel.tr\/wp-content\/uploads\/2021\/08\/2-150x150.jpg\" class=\"attachment-thumbnail size-thumbnail\" alt=\"\" \/><\/a>\n\t\t\t<\/dt><\/dl><dl class='gallery-item'>\n\t\t\t<dt class='gallery-icon landscape'>\n\t\t\t\t<a href='http:\/\/site.zile.bel.tr\/wp-content\/uploads\/2021\/08\/3.jpg'><img loading=\"lazy\" decoding=\"async\" width=\"150\" height=\"150\" src=\"http:\/\/site.zile.bel.tr\/wp-content\/uploads\/2021\/08\/3-150x150.jpg\" class=\"attachment-thumbnail size-thumbnail\" alt=\"\" \/><\/a>\n\t\t\t<\/dt><\/dl><br style=\"clear: both\" \/><dl class='gallery-item'>\n\t\t\t<dt class='gallery-icon landscape'>\n\t\t\t\t<a href='http:\/\/site.zile.bel.tr\/wp-content\/uploads\/2021\/08\/4.jpg'><img loading=\"lazy\" decoding=\"async\" width=\"150\" height=\"150\" src=\"http:\/\/site.zile.bel.tr\/wp-content\/uploads\/2021\/08\/4-150x150.jpg\" class=\"attachment-thumbnail size-thumbnail\" alt=\"\" \/><\/a>\n\t\t\t<\/dt><\/dl><dl class='gallery-item'>\n\t\t\t<dt class='gallery-icon landscape'>\n\t\t\t\t<a href='http:\/\/site.zile.bel.tr\/wp-content\/uploads\/2021\/08\/5.jpg'><img loading=\"lazy\" decoding=\"async\" width=\"150\" height=\"150\" src=\"http:\/\/site.zile.bel.tr\/wp-content\/uploads\/2021\/08\/5-150x150.jpg\" class=\"attachment-thumbnail size-thumbnail\" alt=\"\" \/><\/a>\n\t\t\t<\/dt><\/dl><dl class='gallery-item'>\n\t\t\t<dt class='gallery-icon landscape'>\n\t\t\t\t<a href='http:\/\/site.zile.bel.tr\/wp-content\/uploads\/2021\/08\/6.jpg'><img loading=\"lazy\" decoding=\"async\" width=\"150\" height=\"150\" src=\"http:\/\/site.zile.bel.tr\/wp-content\/uploads\/2021\/08\/6-150x150.jpg\" class=\"attachment-thumbnail size-thumbnail\" alt=\"\" \/><\/a>\n\t\t\t<\/dt><\/dl><br style=\"clear: both\" \/><dl class='gallery-item'>\n\t\t\t<dt class='gallery-icon landscape'>\n\t\t\t\t<a href='http:\/\/site.zile.bel.tr\/wp-content\/uploads\/2021\/08\/7.jpg'><img loading=\"lazy\" decoding=\"async\" width=\"150\" height=\"150\" src=\"http:\/\/site.zile.bel.tr\/wp-content\/uploads\/2021\/08\/7-150x150.jpg\" class=\"attachment-thumbnail size-thumbnail\" alt=\"\" \/><\/a>\n\t\t\t<\/dt><\/dl>\n\t\t\t<br style='clear: both' \/>\n\t\t<\/div>\n\n","protected":false},"excerpt":{"rendered":"<p>\u0130zmir\u2019den gelen 35 kamp\u00e7\u0131 Zile\u2019yi gezdi \u0130zmir\u2019de bulunan Pusula 35 Da\u011fc\u0131l\u0131k Kamp\u00e7\u0131l\u0131k ve Do\u011fa Sporlar\u0131 Derne\u011fi, Zile\u2019ye g\u00fcn\u00fc birlik bir gezi d\u00fczenleyerek tarihi ve k\u00fclt\u00fcrel yerleri gezdi. Zile Belediyesi K\u00fclt\u00fcr ve Sosyal \u0130\u015fleri M\u00fcd\u00fcrl\u00fc\u011f\u00fc taraf\u0131ndan il\u00e7enin tarihi yerleri gezdirilen 35 kamp\u00e7\u0131, tarihi Zile Kalesi ve leblebisini \u00e7ok be\u011fendiklerini ve uzun s\u00fcrekli kamp i\u00e7in gezi programlar\u0131na [&hellip;]<\/p>\n","protected":false},"author":1,"featured_media":2445,"comment_status":"open","ping_status":"open","sticky":false,"template":"","format":"standard","meta":{"footnotes":""},"categories":[11],"tags":[],"class_list":["post-2444","post","type-post","status-publish","format-standard","has-post-thumbnail","hentry","category-haberler"],"_links":{"self":[{"href":"http:\/\/site.zile.bel.tr\/index.php\/wp-json\/wp\/v2\/posts\/2444","targetHints":{"allow":["GET"]}}],"collection":[{"href":"http:\/\/site.zile.bel.tr\/index.php\/wp-json\/wp\/v2\/posts"}],"about":[{"href":"http:\/\/site.zile.bel.tr\/index.php\/wp-json\/wp\/v2\/types\/post"}],"author":[{"embeddable":true,"href":"http:\/\/site.zile.bel.tr\/index.php\/wp-json\/wp\/v2\/users\/1"}],"replies":[{"embeddable":true,"href":"http:\/\/site.zile.bel.tr\/index.php\/wp-json\/wp\/v2\/comments?post=2444"}],"version-history":[{"count":1,"href":"http:\/\/site.zile.bel.tr\/index.php\/wp-json\/wp\/v2\/posts\/2444\/revisions"}],"predecessor-version":[{"id":2452,"href":"http:\/\/site.zile.bel.tr\/index.php\/wp-json\/wp\/v2\/posts\/2444\/revisions\/2452"}],"wp:featuredmedia":[{"embeddable":true,"href":"http:\/\/site.zile.bel.tr\/index.php\/wp-json\/wp\/v2\/media\/2445"}],"wp:attachment":[{"href":"http:\/\/site.zile.bel.tr\/index.php\/wp-json\/wp\/v2\/media?parent=2444"}],"wp:term":[{"taxonomy":"category","embeddable":true,"href":"http:\/\/site.zile.bel.tr\/index.php\/wp-json\/wp\/v2\/categories?post=2444"},{"taxonomy":"post_tag","embeddable":true,"href":"http:\/\/site.zile.bel.tr\/index.php\/wp-json\/wp\/v2\/tags?post=2444"}],"curies":[{"name":"wp","href":"https:\/\/api.w.org\/{rel}","templated":true}]}}