{"id":245,"date":"2021-02-01T00:29:40","date_gmt":"2021-01-31T21:29:40","guid":{"rendered":"http:\/\/site.zile.bel.tr\/?p=245"},"modified":"2021-02-01T01:08:35","modified_gmt":"2021-01-31T22:08:35","slug":"zilede-ata-tohumu-karakilcik-bugdayi-toprakla-bulustu","status":"publish","type":"post","link":"http:\/\/site.zile.bel.tr\/index.php\/2021\/02\/01\/zilede-ata-tohumu-karakilcik-bugdayi-toprakla-bulustu\/","title":{"rendered":"Zile\u2019de Ata tohumu &#8216;Karak\u0131l\u00e7\u0131k&#8217; bu\u011fday\u0131 toprakla bulu\u015ftu"},"content":{"rendered":"<p>Zile Belediyesi, Ata tohumu Karak\u0131l\u00e7\u0131k bu\u011fday\u0131n\u0131n \u00fcretimini yayg\u0131nla\u015ft\u0131rma projesini hayata ge\u00e7irdi. Zile Belediyesi Park ve Bah\u00e7eler M\u00fcd\u00fcrl\u00fc\u011f\u00fc, \u0130stasyon mahallesinde bulunan belediye arazisinde karak\u0131l\u00e7\u0131k bu\u011fday\u0131n\u0131 toprakla bulu\u015fturdu.<\/p>\n<p>1000 y\u0131ll\u0131k ata tohumunun il\u00e7emizde yeti\u015ftirilmesi i\u00e7in \u00e7al\u0131\u015fmalara ba\u015flad\u0131klar\u0131n\u0131 belirten Zile Belediye Ba\u015fkan\u0131 \u015e\u00fckr\u00fc Sarg\u0131n, \u201cPandemi s\u00fcreci ya\u015f\u0131yoruz. Bu pandemi s\u00fcrecinde \u00f6zellikle \u00fclkelerin bu d\u00f6nemde \u00fczerinde durduklar\u0131 en \u00f6nemli konulardan bir tanesi de g\u0131da arz g\u00fcvenli\u011fidir. Bu vesileyle Zile gibi geni\u015f tar\u0131m arazilerine sahip, iklim bak\u0131m\u0131ndan elveri\u015fli bu b\u00f6lgelerde \u00e7ok \u00f6nemli bir misyonumuz var. Zile olarak \u00fclkemizin sa\u011fl\u0131kl\u0131 g\u0131daya eri\u015fimi noktas\u0131nda bir misyona sahip olabiliriz. Bunu s\u00fcrd\u00fcrebilmemiz a\u00e7\u0131s\u0131ndan kendimize \u00f6zg\u00fc bu t\u00fcr tohumlarla elde etti\u011fimiz \u00fcr\u00fcnleri Anadolu\u2019ya ve ihtiya\u00e7 olan yurt d\u0131\u015f\u0131ndaki insanlara sunmam\u0131z gerekiyor. Bu a\u00e7\u0131dan bu \u00e7al\u0131\u015fmay\u0131 \u00f6nemsiyoruz. \u0130l\u00e7emizin geli\u015fmesi a\u00e7\u0131s\u0131ndan turizm ve tar\u0131m odakl\u0131 \u00e7al\u0131\u015fmalar\u0131m\u0131z devam edecektir.\u201d \u015feklinde konu\u015ftu.<\/p>\n\n\t\t<style type=\"text\/css\">\n\t\t\t#gallery-1 {\n\t\t\t\tmargin: auto;\n\t\t\t}\n\t\t\t#gallery-1 .gallery-item {\n\t\t\t\tfloat: left;\n\t\t\t\tmargin-top: 10px;\n\t\t\t\ttext-align: center;\n\t\t\t\twidth: 33%;\n\t\t\t}\n\t\t\t#gallery-1 img {\n\t\t\t\tborder: 2px solid #cfcfcf;\n\t\t\t}\n\t\t\t#gallery-1 .gallery-caption {\n\t\t\t\tmargin-left: 0;\n\t\t\t}\n\t\t\t\/* see gallery_shortcode() in wp-includes\/media.php *\/\n\t\t<\/style>\n\t\t<div id='gallery-1' class='gallery galleryid-245 gallery-columns-3 gallery-size-thumbnail'><dl class='gallery-item'>\n\t\t\t<dt class='gallery-icon landscape'>\n\t\t\t\t<a href='http:\/\/site.zile.bel.tr\/wp-content\/uploads\/2021\/02\/1_21.jpg'><img loading=\"lazy\" decoding=\"async\" width=\"150\" height=\"150\" src=\"http:\/\/site.zile.bel.tr\/wp-content\/uploads\/2021\/02\/1_21-150x150.jpg\" class=\"attachment-thumbnail size-thumbnail\" alt=\"\" \/><\/a>\n\t\t\t<\/dt><\/dl><dl class='gallery-item'>\n\t\t\t<dt class='gallery-icon landscape'>\n\t\t\t\t<a href='http:\/\/site.zile.bel.tr\/wp-content\/uploads\/2021\/02\/2_31.jpg'><img loading=\"lazy\" decoding=\"async\" width=\"150\" height=\"150\" src=\"http:\/\/site.zile.bel.tr\/wp-content\/uploads\/2021\/02\/2_31-150x150.jpg\" class=\"attachment-thumbnail size-thumbnail\" alt=\"\" \/><\/a>\n\t\t\t<\/dt><\/dl><dl class='gallery-item'>\n\t\t\t<dt class='gallery-icon landscape'>\n\t\t\t\t<a href='http:\/\/site.zile.bel.tr\/wp-content\/uploads\/2021\/02\/zile-de-ata-tohumu-karakilcik-bugdayi-toprakla-bulustu.jpg'><img loading=\"lazy\" decoding=\"async\" width=\"150\" height=\"150\" src=\"http:\/\/site.zile.bel.tr\/wp-content\/uploads\/2021\/02\/zile-de-ata-tohumu-karakilcik-bugdayi-toprakla-bulustu-150x150.jpg\" class=\"attachment-thumbnail size-thumbnail\" alt=\"\" \/><\/a>\n\t\t\t<\/dt><\/dl><br style=\"clear: both\" \/>\n\t\t<\/div>\n\n","protected":false},"excerpt":{"rendered":"<p>Zile Belediyesi, Ata tohumu Karak\u0131l\u00e7\u0131k bu\u011fday\u0131n\u0131n \u00fcretimini yayg\u0131nla\u015ft\u0131rma projesini hayata ge\u00e7irdi. Zile Belediyesi Park ve Bah\u00e7eler M\u00fcd\u00fcrl\u00fc\u011f\u00fc, \u0130stasyon mahallesinde bulunan belediye arazisinde karak\u0131l\u00e7\u0131k bu\u011fday\u0131n\u0131 toprakla bulu\u015fturdu. 1000 y\u0131ll\u0131k ata tohumunun il\u00e7emizde yeti\u015ftirilmesi i\u00e7in \u00e7al\u0131\u015fmalara ba\u015flad\u0131klar\u0131n\u0131 belirten Zile Belediye Ba\u015fkan\u0131 \u015e\u00fckr\u00fc Sarg\u0131n, \u201cPandemi s\u00fcreci ya\u015f\u0131yoruz. Bu pandemi s\u00fcrecinde \u00f6zellikle \u00fclkelerin bu d\u00f6nemde \u00fczerinde durduklar\u0131 en \u00f6nemli [&hellip;]<\/p>\n","protected":false},"author":1,"featured_media":247,"comment_status":"open","ping_status":"open","sticky":false,"template":"","format":"standard","meta":{"footnotes":""},"categories":[11],"tags":[33,32,34,27],"class_list":["post-245","post","type-post","status-publish","format-standard","has-post-thumbnail","hentry","category-haberler","tag-ata","tag-karakilcik","tag-tohumu","tag-zile"],"_links":{"self":[{"href":"http:\/\/site.zile.bel.tr\/index.php\/wp-json\/wp\/v2\/posts\/245","targetHints":{"allow":["GET"]}}],"collection":[{"href":"http:\/\/site.zile.bel.tr\/index.php\/wp-json\/wp\/v2\/posts"}],"about":[{"href":"http:\/\/site.zile.bel.tr\/index.php\/wp-json\/wp\/v2\/types\/post"}],"author":[{"embeddable":true,"href":"http:\/\/site.zile.bel.tr\/index.php\/wp-json\/wp\/v2\/users\/1"}],"replies":[{"embeddable":true,"href":"http:\/\/site.zile.bel.tr\/index.php\/wp-json\/wp\/v2\/comments?post=245"}],"version-history":[{"count":1,"href":"http:\/\/site.zile.bel.tr\/index.php\/wp-json\/wp\/v2\/posts\/245\/revisions"}],"predecessor-version":[{"id":249,"href":"http:\/\/site.zile.bel.tr\/index.php\/wp-json\/wp\/v2\/posts\/245\/revisions\/249"}],"wp:featuredmedia":[{"embeddable":true,"href":"http:\/\/site.zile.bel.tr\/index.php\/wp-json\/wp\/v2\/media\/247"}],"wp:attachment":[{"href":"http:\/\/site.zile.bel.tr\/index.php\/wp-json\/wp\/v2\/media?parent=245"}],"wp:term":[{"taxonomy":"category","embeddable":true,"href":"http:\/\/site.zile.bel.tr\/index.php\/wp-json\/wp\/v2\/categories?post=245"},{"taxonomy":"post_tag","embeddable":true,"href":"http:\/\/site.zile.bel.tr\/index.php\/wp-json\/wp\/v2\/tags?post=245"}],"curies":[{"name":"wp","href":"https:\/\/api.w.org\/{rel}","templated":true}]}}