{"id":250,"date":"2021-02-01T00:31:52","date_gmt":"2021-01-31T21:31:52","guid":{"rendered":"http:\/\/site.zile.bel.tr\/?p=250"},"modified":"2021-02-01T00:31:52","modified_gmt":"2021-01-31T21:31:52","slug":"cop-konteynerleri-mavi-ve-gri-renge-boyandi","status":"publish","type":"post","link":"http:\/\/site.zile.bel.tr\/index.php\/2021\/02\/01\/cop-konteynerleri-mavi-ve-gri-renge-boyandi\/","title":{"rendered":"\u00c7\u00f6p Konteynerleri Mavi ve Gri Renge Boyand\u0131"},"content":{"rendered":"<p>S\u0131f\u0131r at\u0131k projesi y\u00f6netmeli\u011fi kapsam\u0131nda Zile Belediyesi \u00c7evre Koruma ve Temizlik \u0130\u015fleri M\u00fcd\u00fcrl\u00fc\u011f\u00fc, pilot b\u00f6lge olarak belirledi\u011fi Yunusemre Mahallesi\u2019nde \u00e7\u00f6plerin konteynerlerde ayr\u0131\u015ft\u0131r\u0131lmas\u0131n\u0131 sa\u011flayacak.<\/p>\n<p>Vatanda\u015f, evsel ve ambalaj at\u0131klar\u0131 ayr\u0131 renklere boyanan mavi ve gri konteynerlere atacak. Bu ayr\u0131\u015fan \u00e7\u00f6pler geri d\u00f6n\u00fc\u015f\u00fcmde kullan\u0131lmak \u00fczere belediye taraf\u0131ndan toplan\u0131p g\u00f6nderilecek. Mavi konteynerlere ambalaj at\u0131klar\u0131, plastik, ka\u011f\u0131t, cam ve metal at\u0131l\u0131rken gri olan konteynerlere de di\u011fer at\u0131klar at\u0131l\u0131yor.<\/p>\n<p>Tokat\u2019ta s\u0131f\u0131r at\u0131k belgesini alan ilk belediye olduklar\u0131n\u0131 ve \u00e7evreye verdikleri \u00f6nemi belirten Zile Belediye Ba\u015fkan\u0131 \u015e\u00fckr\u00fc Sarg\u0131n, \u201cS\u0131f\u0131r at\u0131k projesi ile temizlik i\u015flerinin y\u00fck\u00fc azalm\u0131\u015f olurken \u00e7\u00f6p miktarlar\u0131 d\u00fc\u015fm\u00fc\u015f olacak. Dolas\u0131yla belediyemiz akaryak\u0131t ve i\u015f g\u00fcc\u00fc tasarrufu sa\u011flayacak. Yak\u0131nda t\u00fcm il\u00e7emize uygulayaca\u011f\u0131z. \u00c7\u00f6p konteynerlerini mavi ve gri renge boyad\u0131k. At\u0131klardan gelir elde ederken ayn\u0131 zamanda \u00e7\u00f6p miktar\u0131m\u0131z azal\u0131yor. Yapm\u0131\u015f oldu\u011fumuz bu \u00e7al\u0131\u015fma di\u011fer il\u00e7e ve \u015fehirlere de \u00f6rnek olacakt\u0131r.\u201d \u015feklinde konu\u015ftu.<\/p>\n\n\t\t<style type=\"text\/css\">\n\t\t\t#gallery-1 {\n\t\t\t\tmargin: auto;\n\t\t\t}\n\t\t\t#gallery-1 .gallery-item {\n\t\t\t\tfloat: left;\n\t\t\t\tmargin-top: 10px;\n\t\t\t\ttext-align: center;\n\t\t\t\twidth: 33%;\n\t\t\t}\n\t\t\t#gallery-1 img {\n\t\t\t\tborder: 2px solid #cfcfcf;\n\t\t\t}\n\t\t\t#gallery-1 .gallery-caption {\n\t\t\t\tmargin-left: 0;\n\t\t\t}\n\t\t\t\/* see gallery_shortcode() in wp-includes\/media.php *\/\n\t\t<\/style>\n\t\t<div id='gallery-1' class='gallery galleryid-250 gallery-columns-3 gallery-size-thumbnail'><dl class='gallery-item'>\n\t\t\t<dt class='gallery-icon landscape'>\n\t\t\t\t<a href='http:\/\/site.zile.bel.tr\/wp-content\/uploads\/2021\/02\/cop-konteynerleri-mavi-ve-gri-renge-boyandi-scaled.jpg'><img loading=\"lazy\" decoding=\"async\" width=\"150\" height=\"150\" src=\"http:\/\/site.zile.bel.tr\/wp-content\/uploads\/2021\/02\/cop-konteynerleri-mavi-ve-gri-renge-boyandi-150x150.jpg\" class=\"attachment-thumbnail size-thumbnail\" alt=\"\" \/><\/a>\n\t\t\t<\/dt><\/dl><dl class='gallery-item'>\n\t\t\t<dt class='gallery-icon landscape'>\n\t\t\t\t<a href='http:\/\/site.zile.bel.tr\/wp-content\/uploads\/2021\/02\/YSR_1951-scaled.jpg'><img loading=\"lazy\" decoding=\"async\" width=\"150\" height=\"150\" src=\"http:\/\/site.zile.bel.tr\/wp-content\/uploads\/2021\/02\/YSR_1951-150x150.jpg\" class=\"attachment-thumbnail size-thumbnail\" alt=\"\" \/><\/a>\n\t\t\t<\/dt><\/dl>\n\t\t\t<br style='clear: both' \/>\n\t\t<\/div>\n\n","protected":false},"excerpt":{"rendered":"<p>S\u0131f\u0131r at\u0131k projesi y\u00f6netmeli\u011fi kapsam\u0131nda Zile Belediyesi \u00c7evre Koruma ve Temizlik \u0130\u015fleri M\u00fcd\u00fcrl\u00fc\u011f\u00fc, pilot b\u00f6lge olarak belirledi\u011fi Yunusemre Mahallesi\u2019nde \u00e7\u00f6plerin konteynerlerde ayr\u0131\u015ft\u0131r\u0131lmas\u0131n\u0131 sa\u011flayacak. Vatanda\u015f, evsel ve ambalaj at\u0131klar\u0131 ayr\u0131 renklere boyanan mavi ve gri konteynerlere atacak. Bu ayr\u0131\u015fan \u00e7\u00f6pler geri d\u00f6n\u00fc\u015f\u00fcmde kullan\u0131lmak \u00fczere belediye taraf\u0131ndan toplan\u0131p g\u00f6nderilecek. Mavi konteynerlere ambalaj at\u0131klar\u0131, plastik, ka\u011f\u0131t, cam ve [&hellip;]<\/p>\n","protected":false},"author":1,"featured_media":252,"comment_status":"open","ping_status":"open","sticky":false,"template":"","format":"standard","meta":{"footnotes":""},"categories":[11],"tags":[37,24,35,36,30,27],"class_list":["post-250","post","type-post","status-publish","format-standard","has-post-thumbnail","hentry","category-haberler","tag-atik","tag-cop","tag-konteynir","tag-sifir","tag-tokat","tag-zile"],"_links":{"self":[{"href":"http:\/\/site.zile.bel.tr\/index.php\/wp-json\/wp\/v2\/posts\/250","targetHints":{"allow":["GET"]}}],"collection":[{"href":"http:\/\/site.zile.bel.tr\/index.php\/wp-json\/wp\/v2\/posts"}],"about":[{"href":"http:\/\/site.zile.bel.tr\/index.php\/wp-json\/wp\/v2\/types\/post"}],"author":[{"embeddable":true,"href":"http:\/\/site.zile.bel.tr\/index.php\/wp-json\/wp\/v2\/users\/1"}],"replies":[{"embeddable":true,"href":"http:\/\/site.zile.bel.tr\/index.php\/wp-json\/wp\/v2\/comments?post=250"}],"version-history":[{"count":1,"href":"http:\/\/site.zile.bel.tr\/index.php\/wp-json\/wp\/v2\/posts\/250\/revisions"}],"predecessor-version":[{"id":253,"href":"http:\/\/site.zile.bel.tr\/index.php\/wp-json\/wp\/v2\/posts\/250\/revisions\/253"}],"wp:featuredmedia":[{"embeddable":true,"href":"http:\/\/site.zile.bel.tr\/index.php\/wp-json\/wp\/v2\/media\/252"}],"wp:attachment":[{"href":"http:\/\/site.zile.bel.tr\/index.php\/wp-json\/wp\/v2\/media?parent=250"}],"wp:term":[{"taxonomy":"category","embeddable":true,"href":"http:\/\/site.zile.bel.tr\/index.php\/wp-json\/wp\/v2\/categories?post=250"},{"taxonomy":"post_tag","embeddable":true,"href":"http:\/\/site.zile.bel.tr\/index.php\/wp-json\/wp\/v2\/tags?post=250"}],"curies":[{"name":"wp","href":"https:\/\/api.w.org\/{rel}","templated":true}]}}