{"id":2537,"date":"2021-08-12T15:28:21","date_gmt":"2021-08-12T12:28:21","guid":{"rendered":"https:\/\/site.zile.bel.tr\/?p=2537"},"modified":"2021-08-12T15:28:21","modified_gmt":"2021-08-12T12:28:21","slug":"baskan-sargindan-ekrem-imamogluna-ziyaret","status":"publish","type":"post","link":"http:\/\/site.zile.bel.tr\/index.php\/2021\/08\/12\/baskan-sargindan-ekrem-imamogluna-ziyaret\/","title":{"rendered":"Ba\u015fkan Sarg\u0131n\u2019dan Ekrem \u0130mamo\u011flu\u2019na ziyaret"},"content":{"rendered":"<p>Ba\u015fkan Sarg\u0131n\u2019dan Ekrem \u0130mamo\u011flu\u2019na ziyaret<\/p>\n<p>Zile Belediye Ba\u015fkan\u0131 \u015e\u00fckr\u00fc Sarg\u0131n \u0130stanbul B\u00fcy\u00fck\u015fehir Belediyesi Ba\u015fkan\u0131 Ekrem \u0130mamo\u011flu\u2019nu ziyaret etti.<\/p>\n<p>Zile Belediye Ba\u015fkan\u0131 \u015e\u00fckr\u00fc Sarg\u0131n, \u0130stanbul B\u00fcy\u00fck\u015fehir Belediye Ba\u015fkan\u0131 Ekrem \u0130mamo\u011flu\u2019nu makam\u0131nda ziyaret ederek Zile\u2019ye yap\u0131lmas\u0131n\u0131 planlad\u0131\u011f\u0131 yat\u0131r\u0131mlar ve projeler hakk\u0131nda g\u00f6r\u00fc\u015fme ger\u00e7ekle\u015ftirdi.<\/p>\n<p>Ba\u015fkan \u0130mamo\u011flu\u2019na, Zile\u2019yi anlatan ve Zile\u2019nin y\u00f6resel \u00fcr\u00fcnlerini hediye eden Ba\u015fkan Sarg\u0131n, \u0130mamo\u011flu\u2019nun ba\u015fkanl\u0131k deneyimlerinin kendileri i\u00e7in \u00f6nemli oldu\u011funu belirterek, Ba\u015fkan Ekrem \u0130mamo\u011flu\u2019nu Zile\u2019de misafir etmekten mutluluk duyacaklar\u0131n\u0131 ifade etti.<\/p>\n<p>Samimi ortamda ger\u00e7ekle\u015fen g\u00f6r\u00fc\u015fme sonras\u0131 ziyaretten duydu\u011fu memnuniyeti belirten Ba\u015fkan \u0130mamo\u011flu, Zile\u2019nin kentsel geli\u015fimi i\u00e7in t\u00fcm \u00e7al\u0131\u015fmalara imk\u00e2nlar \u00f6l\u00e7\u00fcs\u00fcnde destek vereceklerini belirterek Ba\u015fkan Sarg\u0131n\u2019a \u00e7al\u0131\u015fmalar\u0131nda ba\u015far\u0131lar diledi.<\/p>\n<p><img loading=\"lazy\" decoding=\"async\" class=\"alignnone wp-image-2538\" src=\"http:\/\/site.zile.bel.tr\/wp-content\/uploads\/2021\/08\/1-1.jpg\" alt=\"\" width=\"800\" height=\"533\" srcset=\"http:\/\/site.zile.bel.tr\/wp-content\/uploads\/2021\/08\/1-1.jpg 1024w, http:\/\/site.zile.bel.tr\/wp-content\/uploads\/2021\/08\/1-1-300x200.jpg 300w, http:\/\/site.zile.bel.tr\/wp-content\/uploads\/2021\/08\/1-1-768x512.jpg 768w\" sizes=\"auto, (max-width: 800px) 100vw, 800px\" \/><\/p>\n<p><img loading=\"lazy\" decoding=\"async\" class=\"alignnone wp-image-2539\" src=\"http:\/\/site.zile.bel.tr\/wp-content\/uploads\/2021\/08\/2-2.jpg\" alt=\"\" width=\"800\" height=\"533\" srcset=\"http:\/\/site.zile.bel.tr\/wp-content\/uploads\/2021\/08\/2-2.jpg 1024w, http:\/\/site.zile.bel.tr\/wp-content\/uploads\/2021\/08\/2-2-300x200.jpg 300w, http:\/\/site.zile.bel.tr\/wp-content\/uploads\/2021\/08\/2-2-768x512.jpg 768w\" sizes=\"auto, (max-width: 800px) 100vw, 800px\" \/><\/p>\n<p><img loading=\"lazy\" decoding=\"async\" class=\"alignnone wp-image-2540\" src=\"http:\/\/site.zile.bel.tr\/wp-content\/uploads\/2021\/08\/3-3.jpg\" alt=\"\" width=\"800\" height=\"533\" srcset=\"http:\/\/site.zile.bel.tr\/wp-content\/uploads\/2021\/08\/3-3.jpg 1024w, http:\/\/site.zile.bel.tr\/wp-content\/uploads\/2021\/08\/3-3-300x200.jpg 300w, http:\/\/site.zile.bel.tr\/wp-content\/uploads\/2021\/08\/3-3-768x512.jpg 768w\" sizes=\"auto, (max-width: 800px) 100vw, 800px\" \/><\/p>\n<p><img loading=\"lazy\" decoding=\"async\" class=\"alignnone wp-image-2541\" src=\"http:\/\/site.zile.bel.tr\/wp-content\/uploads\/2021\/08\/4-3.jpg\" alt=\"\" width=\"800\" height=\"533\" srcset=\"http:\/\/site.zile.bel.tr\/wp-content\/uploads\/2021\/08\/4-3.jpg 1024w, http:\/\/site.zile.bel.tr\/wp-content\/uploads\/2021\/08\/4-3-300x200.jpg 300w, http:\/\/site.zile.bel.tr\/wp-content\/uploads\/2021\/08\/4-3-768x512.jpg 768w\" sizes=\"auto, (max-width: 800px) 100vw, 800px\" \/><\/p>\n","protected":false},"excerpt":{"rendered":"<p>Ba\u015fkan Sarg\u0131n\u2019dan Ekrem \u0130mamo\u011flu\u2019na ziyaret Zile Belediye Ba\u015fkan\u0131 \u015e\u00fckr\u00fc Sarg\u0131n \u0130stanbul B\u00fcy\u00fck\u015fehir Belediyesi Ba\u015fkan\u0131 Ekrem \u0130mamo\u011flu\u2019nu ziyaret etti. Zile Belediye Ba\u015fkan\u0131 \u015e\u00fckr\u00fc Sarg\u0131n, \u0130stanbul B\u00fcy\u00fck\u015fehir Belediye Ba\u015fkan\u0131 Ekrem \u0130mamo\u011flu\u2019nu makam\u0131nda ziyaret ederek Zile\u2019ye yap\u0131lmas\u0131n\u0131 planlad\u0131\u011f\u0131 yat\u0131r\u0131mlar ve projeler hakk\u0131nda g\u00f6r\u00fc\u015fme ger\u00e7ekle\u015ftirdi. Ba\u015fkan \u0130mamo\u011flu\u2019na, Zile\u2019yi anlatan ve Zile\u2019nin y\u00f6resel \u00fcr\u00fcnlerini hediye eden Ba\u015fkan Sarg\u0131n, \u0130mamo\u011flu\u2019nun ba\u015fkanl\u0131k [&hellip;]<\/p>\n","protected":false},"author":1,"featured_media":2538,"comment_status":"open","ping_status":"open","sticky":false,"template":"","format":"standard","meta":{"footnotes":""},"categories":[11],"tags":[197,196,27],"class_list":["post-2537","post","type-post","status-publish","format-standard","has-post-thumbnail","hentry","category-haberler","tag-ekremimamoglu","tag-ibb","tag-zile"],"_links":{"self":[{"href":"http:\/\/site.zile.bel.tr\/index.php\/wp-json\/wp\/v2\/posts\/2537","targetHints":{"allow":["GET"]}}],"collection":[{"href":"http:\/\/site.zile.bel.tr\/index.php\/wp-json\/wp\/v2\/posts"}],"about":[{"href":"http:\/\/site.zile.bel.tr\/index.php\/wp-json\/wp\/v2\/types\/post"}],"author":[{"embeddable":true,"href":"http:\/\/site.zile.bel.tr\/index.php\/wp-json\/wp\/v2\/users\/1"}],"replies":[{"embeddable":true,"href":"http:\/\/site.zile.bel.tr\/index.php\/wp-json\/wp\/v2\/comments?post=2537"}],"version-history":[{"count":1,"href":"http:\/\/site.zile.bel.tr\/index.php\/wp-json\/wp\/v2\/posts\/2537\/revisions"}],"predecessor-version":[{"id":2542,"href":"http:\/\/site.zile.bel.tr\/index.php\/wp-json\/wp\/v2\/posts\/2537\/revisions\/2542"}],"wp:featuredmedia":[{"embeddable":true,"href":"http:\/\/site.zile.bel.tr\/index.php\/wp-json\/wp\/v2\/media\/2538"}],"wp:attachment":[{"href":"http:\/\/site.zile.bel.tr\/index.php\/wp-json\/wp\/v2\/media?parent=2537"}],"wp:term":[{"taxonomy":"category","embeddable":true,"href":"http:\/\/site.zile.bel.tr\/index.php\/wp-json\/wp\/v2\/categories?post=2537"},{"taxonomy":"post_tag","embeddable":true,"href":"http:\/\/site.zile.bel.tr\/index.php\/wp-json\/wp\/v2\/tags?post=2537"}],"curies":[{"name":"wp","href":"https:\/\/api.w.org\/{rel}","templated":true}]}}