{"id":2545,"date":"2021-08-19T13:21:03","date_gmt":"2021-08-19T10:21:03","guid":{"rendered":"https:\/\/site.zile.bel.tr\/?p=2545"},"modified":"2021-08-19T13:21:03","modified_gmt":"2021-08-19T10:21:03","slug":"zileden-sel-felaketinin-yasandigi-ayancika-sulama-araci","status":"publish","type":"post","link":"http:\/\/site.zile.bel.tr\/index.php\/2021\/08\/19\/zileden-sel-felaketinin-yasandigi-ayancika-sulama-araci\/","title":{"rendered":"Zile\u2019den sel felaketinin ya\u015fand\u0131\u011f\u0131 Ayanc\u0131k\u2019a sulama arac\u0131"},"content":{"rendered":"<div class=\"kvgmc6g5 cxmmr5t8 oygrvhab hcukyx3x c1et5uql ii04i59q\">\n<div dir=\"auto\">Zile\u2019den sel felaketinin ya\u015fand\u0131\u011f\u0131 Ayanc\u0131k\u2019a sulama arac\u0131<\/div>\n<div dir=\"auto\"><\/div>\n<\/div>\n<div class=\"o9v6fnle cxmmr5t8 oygrvhab hcukyx3x c1et5uql ii04i59q\">\n<div dir=\"auto\">Sel felaketinin ya\u015fand\u0131\u011f\u0131 Sinop\u2019un Ayanc\u0131k il\u00e7esinin talep etti\u011fi 20 tonluk tanker Zile Belediyesi\u2019nden felaket b\u00f6lgesine g\u00f6nderildi.<\/div>\n<\/div>\n<div class=\"o9v6fnle cxmmr5t8 oygrvhab hcukyx3x c1et5uql ii04i59q\">\n<div dir=\"auto\">Bir\u00e7ok belediyeden sel felaketi b\u00f6lgesine yard\u0131m g\u00f6nderildi\u011fine i\u015faret eden Ba\u015fkan \u015e\u00fckr\u00fc Sarg\u0131n, \u201cAyanc\u0131k Belediyesi\u2019nin talebi \u00fczerine 20 tonluk bir tankerimizi g\u00f6nderiyoruz. Tankerle birlikte giden arkada\u015flar\u0131m\u0131z Ayanc\u0131kl\u0131lar\u0131n yaralar\u0131n\u0131n sar\u0131lmas\u0131na bir nebze de olsun destek olacaklar. Her zaman afet b\u00f6lgesindeki vatanda\u015flar\u0131m\u0131z\u0131n yan\u0131nda olaca\u011f\u0131z. Zile Belediyesi olarak ihtiya\u00e7 duyulacak her noktada imk\u00e2nlar\u0131m\u0131z \u00f6l\u00e7\u00fcs\u00fcnde yard\u0131mc\u0131 olmaya gayret g\u00f6steriyoruz. Bir daha b\u00f6yle felaketlerin ya\u015fanmamas\u0131n\u0131 ve sel felaketinde ya\u015fam\u0131n\u0131 yitiren vatanda\u015flar\u0131m\u0131za Allah&#8217;tan rahmet, yaral\u0131 vatanda\u015flar\u0131m\u0131za da acil \u015fifalar diliyorum\u201d dedi.<\/div>\n<div dir=\"auto\"><img loading=\"lazy\" decoding=\"async\" class=\"alignnone wp-image-2546\" src=\"http:\/\/site.zile.bel.tr\/wp-content\/uploads\/2021\/08\/2222.jpg\" alt=\"\" width=\"800\" height=\"533\" srcset=\"http:\/\/site.zile.bel.tr\/wp-content\/uploads\/2021\/08\/2222.jpg 1024w, http:\/\/site.zile.bel.tr\/wp-content\/uploads\/2021\/08\/2222-300x200.jpg 300w, http:\/\/site.zile.bel.tr\/wp-content\/uploads\/2021\/08\/2222-768x512.jpg 768w\" sizes=\"auto, (max-width: 800px) 100vw, 800px\" \/><\/div>\n<\/div>\n","protected":false},"excerpt":{"rendered":"<p>Zile\u2019den sel felaketinin ya\u015fand\u0131\u011f\u0131 Ayanc\u0131k\u2019a sulama arac\u0131 Sel felaketinin ya\u015fand\u0131\u011f\u0131 Sinop\u2019un Ayanc\u0131k il\u00e7esinin talep etti\u011fi 20 tonluk tanker Zile Belediyesi\u2019nden felaket b\u00f6lgesine g\u00f6nderildi. Bir\u00e7ok belediyeden sel felaketi b\u00f6lgesine yard\u0131m g\u00f6nderildi\u011fine i\u015faret eden Ba\u015fkan \u015e\u00fckr\u00fc Sarg\u0131n, \u201cAyanc\u0131k Belediyesi\u2019nin talebi \u00fczerine 20 tonluk bir tankerimizi g\u00f6nderiyoruz. Tankerle birlikte giden arkada\u015flar\u0131m\u0131z Ayanc\u0131kl\u0131lar\u0131n yaralar\u0131n\u0131n sar\u0131lmas\u0131na bir nebze de olsun [&hellip;]<\/p>\n","protected":false},"author":1,"featured_media":2546,"comment_status":"open","ping_status":"open","sticky":false,"template":"","format":"standard","meta":{"footnotes":""},"categories":[11],"tags":[],"class_list":["post-2545","post","type-post","status-publish","format-standard","has-post-thumbnail","hentry","category-haberler"],"_links":{"self":[{"href":"http:\/\/site.zile.bel.tr\/index.php\/wp-json\/wp\/v2\/posts\/2545","targetHints":{"allow":["GET"]}}],"collection":[{"href":"http:\/\/site.zile.bel.tr\/index.php\/wp-json\/wp\/v2\/posts"}],"about":[{"href":"http:\/\/site.zile.bel.tr\/index.php\/wp-json\/wp\/v2\/types\/post"}],"author":[{"embeddable":true,"href":"http:\/\/site.zile.bel.tr\/index.php\/wp-json\/wp\/v2\/users\/1"}],"replies":[{"embeddable":true,"href":"http:\/\/site.zile.bel.tr\/index.php\/wp-json\/wp\/v2\/comments?post=2545"}],"version-history":[{"count":1,"href":"http:\/\/site.zile.bel.tr\/index.php\/wp-json\/wp\/v2\/posts\/2545\/revisions"}],"predecessor-version":[{"id":2547,"href":"http:\/\/site.zile.bel.tr\/index.php\/wp-json\/wp\/v2\/posts\/2545\/revisions\/2547"}],"wp:featuredmedia":[{"embeddable":true,"href":"http:\/\/site.zile.bel.tr\/index.php\/wp-json\/wp\/v2\/media\/2546"}],"wp:attachment":[{"href":"http:\/\/site.zile.bel.tr\/index.php\/wp-json\/wp\/v2\/media?parent=2545"}],"wp:term":[{"taxonomy":"category","embeddable":true,"href":"http:\/\/site.zile.bel.tr\/index.php\/wp-json\/wp\/v2\/categories?post=2545"},{"taxonomy":"post_tag","embeddable":true,"href":"http:\/\/site.zile.bel.tr\/index.php\/wp-json\/wp\/v2\/tags?post=2545"}],"curies":[{"name":"wp","href":"https:\/\/api.w.org\/{rel}","templated":true}]}}