{"id":2548,"date":"2021-08-23T16:10:28","date_gmt":"2021-08-23T13:10:28","guid":{"rendered":"https:\/\/site.zile.bel.tr\/?p=2548"},"modified":"2021-08-23T16:10:28","modified_gmt":"2021-08-23T13:10:28","slug":"muharrem-ayi-munasebetiyle-asure-dagitimi-gerceklestirildi","status":"publish","type":"post","link":"http:\/\/site.zile.bel.tr\/index.php\/2021\/08\/23\/muharrem-ayi-munasebetiyle-asure-dagitimi-gerceklestirildi\/","title":{"rendered":"Muharrem Ay\u0131 m\u00fcnasebetiyle a\u015fure da\u011f\u0131t\u0131m\u0131 ger\u00e7ekle\u015ftirildi"},"content":{"rendered":"<p>Muharrem Ay\u0131 m\u00fcnasebetiyle a\u015fure da\u011f\u0131t\u0131m\u0131 ger\u00e7ekle\u015ftirildi<\/p>\n<p>Zile Belediyesi taraf\u0131ndan Muharrem ay\u0131 dolay\u0131s\u0131yla 3 bin ki\u015filik a\u015fure da\u011f\u0131t\u0131ld\u0131.<\/p>\n<p>Muharrem ay\u0131n\u0131n bereketi ve payla\u015fman\u0131n anlam\u0131 olan A\u015fure G\u00fcn\u00fc m\u00fcnasebetiyle ger\u00e7ekle\u015ftirilen a\u015fure da\u011f\u0131t\u0131m\u0131 etkinli\u011fine Tokat Milletvekili Kadim Durmaz, Zile Belediye Ba\u015fkan\u0131 \u015e\u00fckr\u00fc Sarg\u0131n ve il\u00e7e sakinleri kat\u0131ld\u0131.<\/p>\n<p>Etkinlikte vatanda\u015flara a\u015fure ikram\u0131nda bulunan Zile Belediye Ba\u015fkan\u0131 \u015e\u00fckr\u00fc Sarg\u0131n, \u201c Muharrem ay\u0131 dolay\u0131s\u0131yla 3 bin ki\u015filik a\u015fure haz\u0131rlad\u0131k ve vatanda\u015f\u0131m\u0131za ikram ediyoruz. Muharrem ay\u0131n\u0131n 10. g\u00fcn\u00fc Hz. Muhammed\u2019in torunu Hz. H\u00fcseyin efendimiz ve arkada\u015flar\u0131n\u0131n \u015fehit edildi\u011fi bir matem g\u00fcn\u00fcd\u00fcr. Bug\u00fcn b\u00fct\u00fcn M\u00fcsl\u00fcmanlar\u0131n ortak h\u00fcz\u00fcn g\u00fcn\u00fcd\u00fcr. Yap\u0131lan zul\u00fcmleri anlatmaya ne dilin g\u00fcc\u00fc yeter ne de ac\u0131s\u0131na g\u00f6n\u00fcller katlan\u0131r. Bizler, ne zalimi ne de mazlumu asla unutmayaca\u011f\u0131z. A\u015fure g\u00fcn\u00fcm\u00fcz ve matemimiz y\u00fcre\u011fimiz de hep bir s\u0131z\u0131 olarak kalacakt\u0131r. Y\u00fcce Allah bir daha insanl\u0131\u011fa b\u00f6yle bir zul\u00fcm ya\u015fatmas\u0131n. Muharrem ay\u0131n\u0131n t\u00fcm halk\u0131m\u0131za bereket, birlik, beraberlik ve karde\u015flik getirmesini temenni ediyorum. Vatanda\u015flar\u0131m\u0131za da bu tevecc\u00fch ve kat\u0131l\u0131mlar\u0131ndan dolay\u0131 te\u015fekk\u00fcr ediyorum&#8221; dedi.<\/p>\n<p>Yap\u0131lan konu\u015fmalar\u0131n ard\u0131ndan kat\u0131l\u0131mc\u0131lara a\u015fure ikram\u0131nda bulunuldu.<\/p>\n\n\t\t<style type=\"text\/css\">\n\t\t\t#gallery-1 {\n\t\t\t\tmargin: auto;\n\t\t\t}\n\t\t\t#gallery-1 .gallery-item {\n\t\t\t\tfloat: left;\n\t\t\t\tmargin-top: 10px;\n\t\t\t\ttext-align: center;\n\t\t\t\twidth: 33%;\n\t\t\t}\n\t\t\t#gallery-1 img {\n\t\t\t\tborder: 2px solid #cfcfcf;\n\t\t\t}\n\t\t\t#gallery-1 .gallery-caption {\n\t\t\t\tmargin-left: 0;\n\t\t\t}\n\t\t\t\/* see gallery_shortcode() in wp-includes\/media.php *\/\n\t\t<\/style>\n\t\t<div id='gallery-1' class='gallery galleryid-2548 gallery-columns-3 gallery-size-thumbnail'><dl class='gallery-item'>\n\t\t\t<dt class='gallery-icon landscape'>\n\t\t\t\t<a href='http:\/\/site.zile.bel.tr\/wp-content\/uploads\/2021\/08\/1-2.jpg'><img loading=\"lazy\" decoding=\"async\" width=\"150\" height=\"150\" src=\"http:\/\/site.zile.bel.tr\/wp-content\/uploads\/2021\/08\/1-2-150x150.jpg\" class=\"attachment-thumbnail size-thumbnail\" alt=\"\" \/><\/a>\n\t\t\t<\/dt><\/dl><dl class='gallery-item'>\n\t\t\t<dt class='gallery-icon landscape'>\n\t\t\t\t<a href='http:\/\/site.zile.bel.tr\/wp-content\/uploads\/2021\/08\/2-3.jpg'><img loading=\"lazy\" decoding=\"async\" width=\"150\" height=\"150\" src=\"http:\/\/site.zile.bel.tr\/wp-content\/uploads\/2021\/08\/2-3-150x150.jpg\" class=\"attachment-thumbnail size-thumbnail\" alt=\"\" \/><\/a>\n\t\t\t<\/dt><\/dl><dl class='gallery-item'>\n\t\t\t<dt class='gallery-icon landscape'>\n\t\t\t\t<a href='http:\/\/site.zile.bel.tr\/wp-content\/uploads\/2021\/08\/3-4.jpg'><img loading=\"lazy\" decoding=\"async\" width=\"150\" height=\"150\" src=\"http:\/\/site.zile.bel.tr\/wp-content\/uploads\/2021\/08\/3-4-150x150.jpg\" class=\"attachment-thumbnail size-thumbnail\" alt=\"\" \/><\/a>\n\t\t\t<\/dt><\/dl><br style=\"clear: both\" \/><dl class='gallery-item'>\n\t\t\t<dt class='gallery-icon landscape'>\n\t\t\t\t<a href='http:\/\/site.zile.bel.tr\/wp-content\/uploads\/2021\/08\/4-4.jpg'><img loading=\"lazy\" decoding=\"async\" width=\"150\" height=\"150\" src=\"http:\/\/site.zile.bel.tr\/wp-content\/uploads\/2021\/08\/4-4-150x150.jpg\" class=\"attachment-thumbnail size-thumbnail\" alt=\"\" \/><\/a>\n\t\t\t<\/dt><\/dl><dl class='gallery-item'>\n\t\t\t<dt class='gallery-icon landscape'>\n\t\t\t\t<a href='http:\/\/site.zile.bel.tr\/wp-content\/uploads\/2021\/08\/5-3.jpg'><img loading=\"lazy\" decoding=\"async\" width=\"150\" height=\"150\" src=\"http:\/\/site.zile.bel.tr\/wp-content\/uploads\/2021\/08\/5-3-150x150.jpg\" class=\"attachment-thumbnail size-thumbnail\" alt=\"\" \/><\/a>\n\t\t\t<\/dt><\/dl><dl class='gallery-item'>\n\t\t\t<dt class='gallery-icon landscape'>\n\t\t\t\t<a href='http:\/\/site.zile.bel.tr\/wp-content\/uploads\/2021\/08\/6-2.jpg'><img loading=\"lazy\" decoding=\"async\" width=\"150\" height=\"150\" src=\"http:\/\/site.zile.bel.tr\/wp-content\/uploads\/2021\/08\/6-2-150x150.jpg\" class=\"attachment-thumbnail size-thumbnail\" alt=\"\" \/><\/a>\n\t\t\t<\/dt><\/dl><br style=\"clear: both\" \/>\n\t\t<\/div>\n\n","protected":false},"excerpt":{"rendered":"<p>Muharrem Ay\u0131 m\u00fcnasebetiyle a\u015fure da\u011f\u0131t\u0131m\u0131 ger\u00e7ekle\u015ftirildi Zile Belediyesi taraf\u0131ndan Muharrem ay\u0131 dolay\u0131s\u0131yla 3 bin ki\u015filik a\u015fure da\u011f\u0131t\u0131ld\u0131. Muharrem ay\u0131n\u0131n bereketi ve payla\u015fman\u0131n anlam\u0131 olan A\u015fure G\u00fcn\u00fc m\u00fcnasebetiyle ger\u00e7ekle\u015ftirilen a\u015fure da\u011f\u0131t\u0131m\u0131 etkinli\u011fine Tokat Milletvekili Kadim Durmaz, Zile Belediye Ba\u015fkan\u0131 \u015e\u00fckr\u00fc Sarg\u0131n ve il\u00e7e sakinleri kat\u0131ld\u0131. Etkinlikte vatanda\u015flara a\u015fure ikram\u0131nda bulunan Zile Belediye Ba\u015fkan\u0131 \u015e\u00fckr\u00fc Sarg\u0131n, \u201c [&hellip;]<\/p>\n","protected":false},"author":1,"featured_media":2554,"comment_status":"open","ping_status":"open","sticky":false,"template":"","format":"standard","meta":{"footnotes":""},"categories":[11],"tags":[198,82,27],"class_list":["post-2548","post","type-post","status-publish","format-standard","has-post-thumbnail","hentry","category-haberler","tag-asure","tag-belediye","tag-zile"],"_links":{"self":[{"href":"http:\/\/site.zile.bel.tr\/index.php\/wp-json\/wp\/v2\/posts\/2548","targetHints":{"allow":["GET"]}}],"collection":[{"href":"http:\/\/site.zile.bel.tr\/index.php\/wp-json\/wp\/v2\/posts"}],"about":[{"href":"http:\/\/site.zile.bel.tr\/index.php\/wp-json\/wp\/v2\/types\/post"}],"author":[{"embeddable":true,"href":"http:\/\/site.zile.bel.tr\/index.php\/wp-json\/wp\/v2\/users\/1"}],"replies":[{"embeddable":true,"href":"http:\/\/site.zile.bel.tr\/index.php\/wp-json\/wp\/v2\/comments?post=2548"}],"version-history":[{"count":1,"href":"http:\/\/site.zile.bel.tr\/index.php\/wp-json\/wp\/v2\/posts\/2548\/revisions"}],"predecessor-version":[{"id":2555,"href":"http:\/\/site.zile.bel.tr\/index.php\/wp-json\/wp\/v2\/posts\/2548\/revisions\/2555"}],"wp:featuredmedia":[{"embeddable":true,"href":"http:\/\/site.zile.bel.tr\/index.php\/wp-json\/wp\/v2\/media\/2554"}],"wp:attachment":[{"href":"http:\/\/site.zile.bel.tr\/index.php\/wp-json\/wp\/v2\/media?parent=2548"}],"wp:term":[{"taxonomy":"category","embeddable":true,"href":"http:\/\/site.zile.bel.tr\/index.php\/wp-json\/wp\/v2\/categories?post=2548"},{"taxonomy":"post_tag","embeddable":true,"href":"http:\/\/site.zile.bel.tr\/index.php\/wp-json\/wp\/v2\/tags?post=2548"}],"curies":[{"name":"wp","href":"https:\/\/api.w.org\/{rel}","templated":true}]}}