{"id":2625,"date":"2021-08-25T11:22:11","date_gmt":"2021-08-25T08:22:11","guid":{"rendered":"https:\/\/site.zile.bel.tr\/?p=2625"},"modified":"2021-08-25T11:22:11","modified_gmt":"2021-08-25T08:22:11","slug":"zile-belediyesinden-girisimcilik-uretim-ve-istihdama-destek","status":"publish","type":"post","link":"http:\/\/site.zile.bel.tr\/index.php\/2021\/08\/25\/zile-belediyesinden-girisimcilik-uretim-ve-istihdama-destek\/","title":{"rendered":"Zile Belediyesi\u2019nden giri\u015fimcilik, \u00fcretim ve istihdama destek"},"content":{"rendered":"<p>Zile Belediyesi\u2019nden giri\u015fimcilik, \u00fcretim ve istihdama destek<\/p>\n<p>Zile Belediyesi, Zile S.S. Kad\u0131n Giri\u015fimi \u00dcretim ve \u0130\u015fletme Kooperatifi b\u00fcnyesinde \u00e7al\u0131\u015fan kad\u0131nlar\u0131n eri\u015fte \u00fcretimine destek vermek i\u00e7in ekmeklik f\u0131r\u0131n binas\u0131 yap\u0131m\u0131n\u0131 tamamlad\u0131.<\/p>\n<p>Ba\u015fkan Sarg\u0131n, kad\u0131nlar\u0131n kooperatiflerde bir araya gelmesinin \u00e7ok anlaml\u0131 oldu\u011funu s\u00f6yledi. Kooperatifler sayesinde kad\u0131nlar\u0131n ba\u011f\u0131ms\u0131zl\u0131\u011f\u0131n\u0131 ve ki\u015fisel ekonomilerini kurabildi\u011fine dikkat \u00e7eken Ba\u015fkan Sarg\u0131n, \u201cKad\u0131nlar, bu sayede kendi olanaklar\u0131yla \u00e7ocuklar\u0131n\u0131 b\u00fcy\u00fct\u00fcyor, okutuyor. Bir \u00fclkenin geli\u015fmi\u015fli\u011fini belirleyen en \u00f6nemli kriter kad\u0131nlar\u0131n ba\u011f\u0131ms\u0131z birey olarak sosyo-ekonomik hayatta var olabilmesidir\u201d dedi.<\/p>\n<p>Zile Belediyesi olarak yasalar ve olanaklar \u00f6l\u00e7\u00fcs\u00fcnde kad\u0131n kooperatiflerini, \u00fcretim ve istihdam olu\u015fturacak giri\u015fimcilik faaliyetlerini desteklemeye devam edeceklerini belirten Ba\u015fkan Sarg\u0131n s\u00f6zlerini \u015f\u00f6yle s\u00fcrd\u00fcrd\u00fc.<\/p>\n<p>\u201cKad\u0131n kooperatifimizin \u0130htiyac\u0131 olan ekmeklik f\u0131r\u0131n \u00fcretimini ger\u00e7ekle\u015ftirdik. Kad\u0131nlar\u0131m\u0131z burada eri\u015fte \u00fcretimine ba\u015flad\u0131lar. Bug\u00fcn 7 ki\u015fi ile ba\u015flayan bu \u00fcretim zamanla daha \u00e7ok kad\u0131m\u0131za ekmek kap\u0131s\u0131 olacakt\u0131r. Zileli han\u0131mlar\u0131n \u00fcrettikleri el eme\u011fi g\u00f6z nuru \u00fcr\u00fcnlerinin sat\u0131\u015f\u0131n\u0131 yapabilecekleri pazarlar olu\u015fturarak, \u00fcretimlerini ekonomiye kazand\u0131rmaya ve aile b\u00fct\u00e7elerine katk\u0131da bulunmaya \u00e7al\u0131\u015f\u0131yoruz. \u00d6n\u00fcm\u00fczdeki d\u00f6nemde bu \u00e7al\u0131\u015fmalar\u0131m\u0131z \u00e7e\u015fitlendirilerek, \u00fcr\u00fcnlerin dijital pazarlama ve e-ticaret uygulamalar\u0131 yoluyla sat\u0131lmas\u0131 amac\u0131na d\u00f6n\u00fck dijital \u00e7a\u011fa uygun hale getirilecektir. Bu vesileyle hem\u015ferilerimizin bu y\u00f6ndeki g\u0131da ihtiya\u00e7lar\u0131n\u0131 Zile S.S. Kad\u0131n Giri\u015fimi \u00dcretim ve \u0130\u015fletme Kooperatifi\u2019nden kar\u015f\u0131layarak bu giri\u015fime destek vermeye \u00e7a\u011f\u0131r\u0131yorum.\u201d<\/p>\n\n\t\t<style type=\"text\/css\">\n\t\t\t#gallery-1 {\n\t\t\t\tmargin: auto;\n\t\t\t}\n\t\t\t#gallery-1 .gallery-item {\n\t\t\t\tfloat: left;\n\t\t\t\tmargin-top: 10px;\n\t\t\t\ttext-align: center;\n\t\t\t\twidth: 33%;\n\t\t\t}\n\t\t\t#gallery-1 img {\n\t\t\t\tborder: 2px solid #cfcfcf;\n\t\t\t}\n\t\t\t#gallery-1 .gallery-caption {\n\t\t\t\tmargin-left: 0;\n\t\t\t}\n\t\t\t\/* see gallery_shortcode() in wp-includes\/media.php *\/\n\t\t<\/style>\n\t\t<div id='gallery-1' class='gallery galleryid-2625 gallery-columns-3 gallery-size-thumbnail'><dl class='gallery-item'>\n\t\t\t<dt class='gallery-icon landscape'>\n\t\t\t\t<a href='http:\/\/site.zile.bel.tr\/wp-content\/uploads\/2021\/08\/1-3-scaled.jpg'><img loading=\"lazy\" decoding=\"async\" width=\"150\" height=\"150\" src=\"http:\/\/site.zile.bel.tr\/wp-content\/uploads\/2021\/08\/1-3-150x150.jpg\" class=\"attachment-thumbnail size-thumbnail\" alt=\"\" \/><\/a>\n\t\t\t<\/dt><\/dl><dl class='gallery-item'>\n\t\t\t<dt class='gallery-icon landscape'>\n\t\t\t\t<a href='http:\/\/site.zile.bel.tr\/wp-content\/uploads\/2021\/08\/2-4-scaled.jpg'><img loading=\"lazy\" decoding=\"async\" width=\"150\" height=\"150\" src=\"http:\/\/site.zile.bel.tr\/wp-content\/uploads\/2021\/08\/2-4-150x150.jpg\" class=\"attachment-thumbnail size-thumbnail\" alt=\"\" \/><\/a>\n\t\t\t<\/dt><\/dl><dl class='gallery-item'>\n\t\t\t<dt class='gallery-icon landscape'>\n\t\t\t\t<a href='http:\/\/site.zile.bel.tr\/wp-content\/uploads\/2021\/08\/3-5-scaled.jpg'><img loading=\"lazy\" decoding=\"async\" width=\"150\" height=\"150\" src=\"http:\/\/site.zile.bel.tr\/wp-content\/uploads\/2021\/08\/3-5-150x150.jpg\" class=\"attachment-thumbnail size-thumbnail\" alt=\"\" \/><\/a>\n\t\t\t<\/dt><\/dl><br style=\"clear: both\" \/><dl class='gallery-item'>\n\t\t\t<dt class='gallery-icon landscape'>\n\t\t\t\t<a href='http:\/\/site.zile.bel.tr\/wp-content\/uploads\/2021\/08\/4-5-scaled.jpg'><img loading=\"lazy\" decoding=\"async\" width=\"150\" height=\"150\" src=\"http:\/\/site.zile.bel.tr\/wp-content\/uploads\/2021\/08\/4-5-150x150.jpg\" class=\"attachment-thumbnail size-thumbnail\" alt=\"\" \/><\/a>\n\t\t\t<\/dt><\/dl><dl class='gallery-item'>\n\t\t\t<dt class='gallery-icon landscape'>\n\t\t\t\t<a href='http:\/\/site.zile.bel.tr\/wp-content\/uploads\/2021\/08\/5-4-scaled.jpg'><img loading=\"lazy\" decoding=\"async\" width=\"150\" height=\"150\" src=\"http:\/\/site.zile.bel.tr\/wp-content\/uploads\/2021\/08\/5-4-150x150.jpg\" class=\"attachment-thumbnail size-thumbnail\" alt=\"\" \/><\/a>\n\t\t\t<\/dt><\/dl><dl class='gallery-item'>\n\t\t\t<dt class='gallery-icon landscape'>\n\t\t\t\t<a href='http:\/\/site.zile.bel.tr\/wp-content\/uploads\/2021\/08\/6-3-scaled.jpg'><img loading=\"lazy\" decoding=\"async\" width=\"150\" height=\"150\" src=\"http:\/\/site.zile.bel.tr\/wp-content\/uploads\/2021\/08\/6-3-150x150.jpg\" class=\"attachment-thumbnail size-thumbnail\" alt=\"\" \/><\/a>\n\t\t\t<\/dt><\/dl><br style=\"clear: both\" \/><dl class='gallery-item'>\n\t\t\t<dt class='gallery-icon landscape'>\n\t\t\t\t<a href='http:\/\/site.zile.bel.tr\/wp-content\/uploads\/2021\/08\/7-2-scaled.jpg'><img loading=\"lazy\" decoding=\"async\" width=\"150\" height=\"150\" src=\"http:\/\/site.zile.bel.tr\/wp-content\/uploads\/2021\/08\/7-2-150x150.jpg\" class=\"attachment-thumbnail size-thumbnail\" alt=\"\" \/><\/a>\n\t\t\t<\/dt><\/dl>\n\t\t\t<br style='clear: both' \/>\n\t\t<\/div>\n\n","protected":false},"excerpt":{"rendered":"<p>Zile Belediyesi\u2019nden giri\u015fimcilik, \u00fcretim ve istihdama destek Zile Belediyesi, Zile S.S. Kad\u0131n Giri\u015fimi \u00dcretim ve \u0130\u015fletme Kooperatifi b\u00fcnyesinde \u00e7al\u0131\u015fan kad\u0131nlar\u0131n eri\u015fte \u00fcretimine destek vermek i\u00e7in ekmeklik f\u0131r\u0131n binas\u0131 yap\u0131m\u0131n\u0131 tamamlad\u0131. Ba\u015fkan Sarg\u0131n, kad\u0131nlar\u0131n kooperatiflerde bir araya gelmesinin \u00e7ok anlaml\u0131 oldu\u011funu s\u00f6yledi. Kooperatifler sayesinde kad\u0131nlar\u0131n ba\u011f\u0131ms\u0131zl\u0131\u011f\u0131n\u0131 ve ki\u015fisel ekonomilerini kurabildi\u011fine dikkat \u00e7eken Ba\u015fkan Sarg\u0131n, \u201cKad\u0131nlar, bu [&hellip;]<\/p>\n","protected":false},"author":1,"featured_media":2626,"comment_status":"open","ping_status":"open","sticky":false,"template":"","format":"standard","meta":{"footnotes":""},"categories":[11],"tags":[82,200,106,199,27],"class_list":["post-2625","post","type-post","status-publish","format-standard","has-post-thumbnail","hentry","category-haberler","tag-belediye","tag-destek","tag-kadin","tag-uretim","tag-zile"],"_links":{"self":[{"href":"http:\/\/site.zile.bel.tr\/index.php\/wp-json\/wp\/v2\/posts\/2625","targetHints":{"allow":["GET"]}}],"collection":[{"href":"http:\/\/site.zile.bel.tr\/index.php\/wp-json\/wp\/v2\/posts"}],"about":[{"href":"http:\/\/site.zile.bel.tr\/index.php\/wp-json\/wp\/v2\/types\/post"}],"author":[{"embeddable":true,"href":"http:\/\/site.zile.bel.tr\/index.php\/wp-json\/wp\/v2\/users\/1"}],"replies":[{"embeddable":true,"href":"http:\/\/site.zile.bel.tr\/index.php\/wp-json\/wp\/v2\/comments?post=2625"}],"version-history":[{"count":1,"href":"http:\/\/site.zile.bel.tr\/index.php\/wp-json\/wp\/v2\/posts\/2625\/revisions"}],"predecessor-version":[{"id":2633,"href":"http:\/\/site.zile.bel.tr\/index.php\/wp-json\/wp\/v2\/posts\/2625\/revisions\/2633"}],"wp:featuredmedia":[{"embeddable":true,"href":"http:\/\/site.zile.bel.tr\/index.php\/wp-json\/wp\/v2\/media\/2626"}],"wp:attachment":[{"href":"http:\/\/site.zile.bel.tr\/index.php\/wp-json\/wp\/v2\/media?parent=2625"}],"wp:term":[{"taxonomy":"category","embeddable":true,"href":"http:\/\/site.zile.bel.tr\/index.php\/wp-json\/wp\/v2\/categories?post=2625"},{"taxonomy":"post_tag","embeddable":true,"href":"http:\/\/site.zile.bel.tr\/index.php\/wp-json\/wp\/v2\/tags?post=2625"}],"curies":[{"name":"wp","href":"https:\/\/api.w.org\/{rel}","templated":true}]}}