{"id":265,"date":"2021-02-01T00:41:09","date_gmt":"2021-01-31T21:41:09","guid":{"rendered":"http:\/\/site.zile.bel.tr\/?p=265"},"modified":"2021-02-01T00:41:09","modified_gmt":"2021-01-31T21:41:09","slug":"imamogludan-zileye-hediye-otobus","status":"publish","type":"post","link":"http:\/\/site.zile.bel.tr\/index.php\/2021\/02\/01\/imamogludan-zileye-hediye-otobus\/","title":{"rendered":"\u0130mamo\u011flu\u2019dan Zile\u2019ye hediye otob\u00fcs"},"content":{"rendered":"<div id=\"attachment_266\" style=\"width: 802px\" class=\"wp-caption alignnone\"><img loading=\"lazy\" decoding=\"async\" aria-describedby=\"caption-attachment-266\" class=\" wp-image-266\" src=\"http:\/\/site.zile.bel.tr\/wp-content\/uploads\/2021\/02\/imamoglu-dan-zile-ye-hediye-otobus-300x300.jpg\" alt=\"\" width=\"792\" height=\"792\" srcset=\"http:\/\/site.zile.bel.tr\/wp-content\/uploads\/2021\/02\/imamoglu-dan-zile-ye-hediye-otobus-300x300.jpg 300w, http:\/\/site.zile.bel.tr\/wp-content\/uploads\/2021\/02\/imamoglu-dan-zile-ye-hediye-otobus-1024x1024.jpg 1024w, http:\/\/site.zile.bel.tr\/wp-content\/uploads\/2021\/02\/imamoglu-dan-zile-ye-hediye-otobus-150x150.jpg 150w, http:\/\/site.zile.bel.tr\/wp-content\/uploads\/2021\/02\/imamoglu-dan-zile-ye-hediye-otobus-768x768.jpg 768w, http:\/\/site.zile.bel.tr\/wp-content\/uploads\/2021\/02\/imamoglu-dan-zile-ye-hediye-otobus.jpg 1080w\" sizes=\"auto, (max-width: 792px) 100vw, 792px\" \/><p id=\"caption-attachment-266\" class=\"wp-caption-text\">car rental promotion social media instagram post banner template Premium Psd<\/p><\/div>\n<p>\u0130stanbul B\u00fcy\u00fck\u015fehir Belediye Ba\u015fkan\u0131 Ekrem \u0130mamo\u011flu, Zile Belediyesi\u2019ne 2 otob\u00fcs hediye etti.<br \/>\nZile Belediye Ba\u015fkan\u0131 \u015e\u00fckr\u00fc Sarg\u0131n, \u201cZile Belediyesi ara\u00e7 filomuza 2 adet Solo Mercedes otob\u00fcs eklenmi\u015ftir. T\u00fcm Zile halk\u0131na hay\u0131rl\u0131 olsun. Katk\u0131lar\u0131ndan \u00f6t\u00fcr\u00fc \u0130stanbul B\u00fcy\u00fck\u015fehir Belediye ba\u015fkan\u0131 Say\u0131n Ekrem \u0130mamo\u011flu\u2019na te\u015fekk\u00fcr ediyoruz.\u201d dedi.<\/p>\n\n\t\t<style type=\"text\/css\">\n\t\t\t#gallery-1 {\n\t\t\t\tmargin: auto;\n\t\t\t}\n\t\t\t#gallery-1 .gallery-item {\n\t\t\t\tfloat: left;\n\t\t\t\tmargin-top: 10px;\n\t\t\t\ttext-align: center;\n\t\t\t\twidth: 33%;\n\t\t\t}\n\t\t\t#gallery-1 img {\n\t\t\t\tborder: 2px solid #cfcfcf;\n\t\t\t}\n\t\t\t#gallery-1 .gallery-caption {\n\t\t\t\tmargin-left: 0;\n\t\t\t}\n\t\t\t\/* see gallery_shortcode() in wp-includes\/media.php *\/\n\t\t<\/style>\n\t\t<div id='gallery-1' class='gallery galleryid-265 gallery-columns-3 gallery-size-thumbnail'><dl class='gallery-item'>\n\t\t\t<dt class='gallery-icon landscape'>\n\t\t\t\t<a href='http:\/\/site.zile.bel.tr\/wp-content\/uploads\/2021\/02\/YSR_5490-scaled.jpg'><img loading=\"lazy\" decoding=\"async\" width=\"150\" height=\"150\" src=\"http:\/\/site.zile.bel.tr\/wp-content\/uploads\/2021\/02\/YSR_5490-150x150.jpg\" class=\"attachment-thumbnail size-thumbnail\" alt=\"\" \/><\/a>\n\t\t\t<\/dt><\/dl><dl class='gallery-item'>\n\t\t\t<dt class='gallery-icon landscape'>\n\t\t\t\t<a href='http:\/\/site.zile.bel.tr\/wp-content\/uploads\/2021\/02\/YSR_5515_1-scaled.jpg'><img loading=\"lazy\" decoding=\"async\" width=\"150\" height=\"150\" src=\"http:\/\/site.zile.bel.tr\/wp-content\/uploads\/2021\/02\/YSR_5515_1-150x150.jpg\" class=\"attachment-thumbnail size-thumbnail\" alt=\"\" \/><\/a>\n\t\t\t<\/dt><\/dl><dl class='gallery-item'>\n\t\t\t<dt class='gallery-icon landscape'>\n\t\t\t\t<a href='http:\/\/site.zile.bel.tr\/wp-content\/uploads\/2021\/02\/YSR_5526-scaled.jpg'><img loading=\"lazy\" decoding=\"async\" width=\"150\" height=\"150\" src=\"http:\/\/site.zile.bel.tr\/wp-content\/uploads\/2021\/02\/YSR_5526-150x150.jpg\" class=\"attachment-thumbnail size-thumbnail\" alt=\"\" \/><\/a>\n\t\t\t<\/dt><\/dl><br style=\"clear: both\" \/><dl class='gallery-item'>\n\t\t\t<dt class='gallery-icon landscape'>\n\t\t\t\t<a href='http:\/\/site.zile.bel.tr\/wp-content\/uploads\/2021\/02\/YSR_5530-scaled.jpg'><img loading=\"lazy\" decoding=\"async\" width=\"150\" height=\"150\" src=\"http:\/\/site.zile.bel.tr\/wp-content\/uploads\/2021\/02\/YSR_5530-150x150.jpg\" class=\"attachment-thumbnail size-thumbnail\" alt=\"\" \/><\/a>\n\t\t\t<\/dt><\/dl><dl class='gallery-item'>\n\t\t\t<dt class='gallery-icon landscape'>\n\t\t\t\t<a href='http:\/\/site.zile.bel.tr\/wp-content\/uploads\/2021\/02\/YSR_5534-scaled.jpg'><img loading=\"lazy\" decoding=\"async\" width=\"150\" height=\"150\" src=\"http:\/\/site.zile.bel.tr\/wp-content\/uploads\/2021\/02\/YSR_5534-150x150.jpg\" class=\"attachment-thumbnail size-thumbnail\" alt=\"\" \/><\/a>\n\t\t\t<\/dt><\/dl><dl class='gallery-item'>\n\t\t\t<dt class='gallery-icon landscape'>\n\t\t\t\t<a href='http:\/\/site.zile.bel.tr\/wp-content\/uploads\/2021\/02\/YSR_5541-scaled.jpg'><img loading=\"lazy\" decoding=\"async\" width=\"150\" height=\"150\" src=\"http:\/\/site.zile.bel.tr\/wp-content\/uploads\/2021\/02\/YSR_5541-150x150.jpg\" class=\"attachment-thumbnail size-thumbnail\" alt=\"\" \/><\/a>\n\t\t\t<\/dt><\/dl><br style=\"clear: both\" \/><dl class='gallery-item'>\n\t\t\t<dt class='gallery-icon landscape'>\n\t\t\t\t<a href='http:\/\/site.zile.bel.tr\/wp-content\/uploads\/2021\/02\/YSR_5555-scaled.jpg'><img loading=\"lazy\" decoding=\"async\" width=\"150\" height=\"150\" src=\"http:\/\/site.zile.bel.tr\/wp-content\/uploads\/2021\/02\/YSR_5555-150x150.jpg\" class=\"attachment-thumbnail size-thumbnail\" alt=\"\" \/><\/a>\n\t\t\t<\/dt><\/dl>\n\t\t\t<br style='clear: both' \/>\n\t\t<\/div>\n\n","protected":false},"excerpt":{"rendered":"<p>\u0130stanbul B\u00fcy\u00fck\u015fehir Belediye Ba\u015fkan\u0131 Ekrem \u0130mamo\u011flu, Zile Belediyesi\u2019ne 2 otob\u00fcs hediye etti. Zile Belediye Ba\u015fkan\u0131 \u015e\u00fckr\u00fc Sarg\u0131n, \u201cZile Belediyesi ara\u00e7 filomuza 2 adet Solo Mercedes otob\u00fcs eklenmi\u015ftir. T\u00fcm Zile halk\u0131na hay\u0131rl\u0131 olsun. Katk\u0131lar\u0131ndan \u00f6t\u00fcr\u00fc \u0130stanbul B\u00fcy\u00fck\u015fehir Belediye ba\u015fkan\u0131 Say\u0131n Ekrem \u0130mamo\u011flu\u2019na te\u015fekk\u00fcr ediyoruz.\u201d dedi.<\/p>\n","protected":false},"author":1,"featured_media":273,"comment_status":"open","ping_status":"open","sticky":false,"template":"","format":"standard","meta":{"footnotes":""},"categories":[11],"tags":[40,43,45,44,46,42,41,27],"class_list":["post-265","post","type-post","status-publish","format-standard","has-post-thumbnail","hentry","category-haberler","tag-belediyesi","tag-buyuksehir","tag-ekrem","tag-hediye","tag-imamoglu","tag-istanbul","tag-otobus","tag-zile"],"_links":{"self":[{"href":"http:\/\/site.zile.bel.tr\/index.php\/wp-json\/wp\/v2\/posts\/265","targetHints":{"allow":["GET"]}}],"collection":[{"href":"http:\/\/site.zile.bel.tr\/index.php\/wp-json\/wp\/v2\/posts"}],"about":[{"href":"http:\/\/site.zile.bel.tr\/index.php\/wp-json\/wp\/v2\/types\/post"}],"author":[{"embeddable":true,"href":"http:\/\/site.zile.bel.tr\/index.php\/wp-json\/wp\/v2\/users\/1"}],"replies":[{"embeddable":true,"href":"http:\/\/site.zile.bel.tr\/index.php\/wp-json\/wp\/v2\/comments?post=265"}],"version-history":[{"count":1,"href":"http:\/\/site.zile.bel.tr\/index.php\/wp-json\/wp\/v2\/posts\/265\/revisions"}],"predecessor-version":[{"id":274,"href":"http:\/\/site.zile.bel.tr\/index.php\/wp-json\/wp\/v2\/posts\/265\/revisions\/274"}],"wp:featuredmedia":[{"embeddable":true,"href":"http:\/\/site.zile.bel.tr\/index.php\/wp-json\/wp\/v2\/media\/273"}],"wp:attachment":[{"href":"http:\/\/site.zile.bel.tr\/index.php\/wp-json\/wp\/v2\/media?parent=265"}],"wp:term":[{"taxonomy":"category","embeddable":true,"href":"http:\/\/site.zile.bel.tr\/index.php\/wp-json\/wp\/v2\/categories?post=265"},{"taxonomy":"post_tag","embeddable":true,"href":"http:\/\/site.zile.bel.tr\/index.php\/wp-json\/wp\/v2\/tags?post=265"}],"curies":[{"name":"wp","href":"https:\/\/api.w.org\/{rel}","templated":true}]}}