{"id":2837,"date":"2021-09-22T16:40:07","date_gmt":"2021-09-22T13:40:07","guid":{"rendered":"https:\/\/site.zile.bel.tr\/?p=2837"},"modified":"2021-09-22T16:40:07","modified_gmt":"2021-09-22T13:40:07","slug":"deva-partisi-yonetimi-baskan-sargini-makaminda-ziyaret-etti","status":"publish","type":"post","link":"http:\/\/site.zile.bel.tr\/index.php\/2021\/09\/22\/deva-partisi-yonetimi-baskan-sargini-makaminda-ziyaret-etti\/","title":{"rendered":"DEVA PART\u0130S\u0130 Y\u00d6NET\u0130M\u0130 BA\u015eKAN SARGIN\u2019I MAKAMINDA Z\u0130YARET ETT\u0130"},"content":{"rendered":"<p>DEVA PART\u0130S\u0130 Y\u00d6NET\u0130M\u0130 BA\u015eKAN SARGIN\u2019I MAKAMINDA Z\u0130YARET ETT\u0130<\/p>\n<p>Deva Partisi Genel Ba\u015fkan Yard\u0131mc\u0131s\u0131 Sanem Oktar, Tokat \u0130l Ba\u015fkan\u0131 Dursun Kocaman, Tokat il Ba\u015fkan Yard\u0131mc\u0131s\u0131 Murat Kurnaz, Zile \u0130l\u00e7e Ba\u015fkan\u0131 Saffet G\u00fclsoy, ve il\u00e7e y\u00f6netim kurulu \u00fcyeleri Zile Belediye Ba\u015fkan\u0131 \u015e\u00fckr\u00fc Sarg\u0131n\u2019\u0131 makam\u0131nda ziyaret etti.<\/p>\n<p><img loading=\"lazy\" decoding=\"async\" class=\"wp-image-2838 aligncenter\" src=\"http:\/\/site.zile.bel.tr\/wp-content\/uploads\/2021\/09\/YSR_9356-1980-x-1320-1024x683.jpg\" alt=\"\" width=\"800\" height=\"533\" srcset=\"http:\/\/site.zile.bel.tr\/wp-content\/uploads\/2021\/09\/YSR_9356-1980-x-1320-1024x683.jpg 1024w, http:\/\/site.zile.bel.tr\/wp-content\/uploads\/2021\/09\/YSR_9356-1980-x-1320-300x200.jpg 300w, http:\/\/site.zile.bel.tr\/wp-content\/uploads\/2021\/09\/YSR_9356-1980-x-1320-768x512.jpg 768w, http:\/\/site.zile.bel.tr\/wp-content\/uploads\/2021\/09\/YSR_9356-1980-x-1320-1536x1024.jpg 1536w, http:\/\/site.zile.bel.tr\/wp-content\/uploads\/2021\/09\/YSR_9356-1980-x-1320.jpg 1980w\" sizes=\"auto, (max-width: 800px) 100vw, 800px\" \/><\/p>\n<p>Ziyarette Zile Belediye Ba\u015fkan\u0131 \u015e\u00fckr\u00fc Sarg\u0131n, Zile Belediyesi \u00e7al\u0131\u015fmalar\u0131 hakk\u0131nda bilgiler aktararak, Deva Partisi Genel Ba\u015fkan Yard\u0131mc\u0131s\u0131 Sanem Oktar ve beraberindekilerle g\u00f6r\u00fc\u015ferek bir s\u00fcre sohbet etti.<\/p>\n<p>\u201cSiyasi partilerimizle iyi diyaloglar i\u00e7inde hizmet gayretindeyiz\u201d<\/p>\n<p>Ziyaretten duydu\u011fu memnuniyeti dile getiren Zile Belediye Ba\u015fkan\u0131 \u015e\u00fckr\u00fc Sarg\u0131n,\u201d Nazik ziyaretlerinizden \u00f6t\u00fcr\u00fc te\u015fekk\u00fcr ediyorum. Sizlere g\u00f6revlerinizde ba\u015far\u0131lar dilerim. \u0130l\u00e7emizi yeni projelerle bulu\u015fturmak i\u00e7in b\u00fct\u00fcn gayretimizle \u00e7al\u0131\u015f\u0131yoruz. T\u00fcm \u015fehri kucaklayan bir anlay\u0131\u015fla \u00e7al\u0131\u015fmaya devam edece\u011fiz. Zile il\u00e7emizdeki partiler aras\u0131 iyi niyet diyaloglar\u0131 i\u00e7erisinde il\u00e7emize ve halk\u0131m\u0131za hizmet etmek gayretindeyiz\u201d dedi.<\/p>\n","protected":false},"excerpt":{"rendered":"<p>DEVA PART\u0130S\u0130 Y\u00d6NET\u0130M\u0130 BA\u015eKAN SARGIN\u2019I MAKAMINDA Z\u0130YARET ETT\u0130 Deva Partisi Genel Ba\u015fkan Yard\u0131mc\u0131s\u0131 Sanem Oktar, Tokat \u0130l Ba\u015fkan\u0131 Dursun Kocaman, Tokat il Ba\u015fkan Yard\u0131mc\u0131s\u0131 Murat Kurnaz, Zile \u0130l\u00e7e Ba\u015fkan\u0131 Saffet G\u00fclsoy, ve il\u00e7e y\u00f6netim kurulu \u00fcyeleri Zile Belediye Ba\u015fkan\u0131 \u015e\u00fckr\u00fc Sarg\u0131n\u2019\u0131 makam\u0131nda ziyaret etti. Ziyarette Zile Belediye Ba\u015fkan\u0131 \u015e\u00fckr\u00fc Sarg\u0131n, Zile Belediyesi \u00e7al\u0131\u015fmalar\u0131 hakk\u0131nda bilgiler [&hellip;]<\/p>\n","protected":false},"author":1,"featured_media":2838,"comment_status":"open","ping_status":"open","sticky":false,"template":"","format":"standard","meta":{"footnotes":""},"categories":[11],"tags":[],"class_list":["post-2837","post","type-post","status-publish","format-standard","has-post-thumbnail","hentry","category-haberler"],"_links":{"self":[{"href":"http:\/\/site.zile.bel.tr\/index.php\/wp-json\/wp\/v2\/posts\/2837","targetHints":{"allow":["GET"]}}],"collection":[{"href":"http:\/\/site.zile.bel.tr\/index.php\/wp-json\/wp\/v2\/posts"}],"about":[{"href":"http:\/\/site.zile.bel.tr\/index.php\/wp-json\/wp\/v2\/types\/post"}],"author":[{"embeddable":true,"href":"http:\/\/site.zile.bel.tr\/index.php\/wp-json\/wp\/v2\/users\/1"}],"replies":[{"embeddable":true,"href":"http:\/\/site.zile.bel.tr\/index.php\/wp-json\/wp\/v2\/comments?post=2837"}],"version-history":[{"count":1,"href":"http:\/\/site.zile.bel.tr\/index.php\/wp-json\/wp\/v2\/posts\/2837\/revisions"}],"predecessor-version":[{"id":2839,"href":"http:\/\/site.zile.bel.tr\/index.php\/wp-json\/wp\/v2\/posts\/2837\/revisions\/2839"}],"wp:featuredmedia":[{"embeddable":true,"href":"http:\/\/site.zile.bel.tr\/index.php\/wp-json\/wp\/v2\/media\/2838"}],"wp:attachment":[{"href":"http:\/\/site.zile.bel.tr\/index.php\/wp-json\/wp\/v2\/media?parent=2837"}],"wp:term":[{"taxonomy":"category","embeddable":true,"href":"http:\/\/site.zile.bel.tr\/index.php\/wp-json\/wp\/v2\/categories?post=2837"},{"taxonomy":"post_tag","embeddable":true,"href":"http:\/\/site.zile.bel.tr\/index.php\/wp-json\/wp\/v2\/tags?post=2837"}],"curies":[{"name":"wp","href":"https:\/\/api.w.org\/{rel}","templated":true}]}}