{"id":2847,"date":"2021-09-27T16:53:02","date_gmt":"2021-09-27T13:53:02","guid":{"rendered":"http:\/\/site.zile.bel.tr\/?p=2847"},"modified":"2021-09-27T16:53:36","modified_gmt":"2021-09-27T13:53:36","slug":"saglik-icin-pedal-cevirdiler-2","status":"publish","type":"post","link":"http:\/\/site.zile.bel.tr\/index.php\/2021\/09\/27\/saglik-icin-pedal-cevirdiler-2\/","title":{"rendered":"Sa\u011fl\u0131k i\u00e7in pedal \u00e7evirdiler"},"content":{"rendered":"<div class=\"kvgmc6g5 cxmmr5t8 oygrvhab hcukyx3x c1et5uql ii04i59q\">\n<h1 dir=\"auto\"><strong>Sa\u011fl\u0131k i\u00e7in pedal \u00e7evirdiler<\/strong><\/h1>\n<div dir=\"auto\"><img loading=\"lazy\" decoding=\"async\" class=\"alignnone wp-image-2848\" src=\"http:\/\/site.zile.bel.tr\/wp-content\/uploads\/2021\/09\/1-2-300x200.jpg\" alt=\"\" width=\"800\" height=\"533\" srcset=\"http:\/\/site.zile.bel.tr\/wp-content\/uploads\/2021\/09\/1-2-300x200.jpg 300w, http:\/\/site.zile.bel.tr\/wp-content\/uploads\/2021\/09\/1-2-1024x682.jpg 1024w, http:\/\/site.zile.bel.tr\/wp-content\/uploads\/2021\/09\/1-2-768x512.jpg 768w, http:\/\/site.zile.bel.tr\/wp-content\/uploads\/2021\/09\/1-2-1536x1024.jpg 1536w, http:\/\/site.zile.bel.tr\/wp-content\/uploads\/2021\/09\/1-2.jpg 1820w\" sizes=\"auto, (max-width: 800px) 100vw, 800px\" \/><\/div>\n<\/div>\n<div class=\"o9v6fnle cxmmr5t8 oygrvhab hcukyx3x c1et5uql ii04i59q\">\n<div dir=\"auto\">\u201cAvrupa Hareketlilik Haftas\u0131\u201d nedeniyle T\u00fcrkiye Belediyeler Birli\u011fi (TBB) ve Zile \u0130l\u00e7e Milli E\u011fitim M\u00fcd\u00fcrl\u00fc\u011f\u00fc i\u015fbirli\u011fi ile Zile Belediyesi taraf\u0131ndan d\u00fczenlenen bisiklet s\u00fcrme etkinli\u011fine, Ba\u015fkan \u015e\u00fckr\u00fc Sarg\u0131n Bisikleti ile kat\u0131ld\u0131.<\/div>\n<div dir=\"auto\"><img loading=\"lazy\" decoding=\"async\" class=\"alignnone wp-image-2849\" src=\"http:\/\/site.zile.bel.tr\/wp-content\/uploads\/2021\/09\/4-1-300x200.jpg\" alt=\"\" width=\"800\" height=\"533\" srcset=\"http:\/\/site.zile.bel.tr\/wp-content\/uploads\/2021\/09\/4-1-300x200.jpg 300w, http:\/\/site.zile.bel.tr\/wp-content\/uploads\/2021\/09\/4-1-1024x682.jpg 1024w, http:\/\/site.zile.bel.tr\/wp-content\/uploads\/2021\/09\/4-1-768x512.jpg 768w, http:\/\/site.zile.bel.tr\/wp-content\/uploads\/2021\/09\/4-1-1536x1024.jpg 1536w, http:\/\/site.zile.bel.tr\/wp-content\/uploads\/2021\/09\/4-1.jpg 1820w\" sizes=\"auto, (max-width: 800px) 100vw, 800px\" \/><\/div>\n<div dir=\"auto\">\u00d6\u011frencilerin ve vatanda\u015flar\u0131n kat\u0131ld\u0131\u011f\u0131 sa\u011fl\u0131kl\u0131 ya\u015fam i\u00e7in \u201cBisiklet S\u00fcrme Etkinli\u011fi\u201d etkinli\u011fi Atiye Bekir Din\u00e7erler \u0130lkokulu \u00fcn\u00fcnden ba\u015flayarak Zile Belediyesi hizmet binas\u0131 \u00f6n\u00fcnde son buldu. Etkinli\u011fe bisikleti ile kat\u0131lan Zile belediye Ba\u015fkan\u0131 \u015e\u00fckr\u00fc Sarg\u0131n, \u00f6\u011frencilerden \u00f6zellikle babalar\u0131n\u0131n i\u015fe bisikletle gidip gelmelerini isteyerek, sa\u011fl\u0131kl\u0131 ya\u015fam\u0131n \u00f6nemine dikkat \u00e7ekti.<\/div>\n<div dir=\"auto\"><img loading=\"lazy\" decoding=\"async\" class=\"alignnone wp-image-2852\" src=\"http:\/\/site.zile.bel.tr\/wp-content\/uploads\/2021\/09\/3-1-300x200.jpg\" alt=\"\" width=\"800\" height=\"533\" srcset=\"http:\/\/site.zile.bel.tr\/wp-content\/uploads\/2021\/09\/3-1-300x200.jpg 300w, http:\/\/site.zile.bel.tr\/wp-content\/uploads\/2021\/09\/3-1-1024x682.jpg 1024w, http:\/\/site.zile.bel.tr\/wp-content\/uploads\/2021\/09\/3-1-768x512.jpg 768w, http:\/\/site.zile.bel.tr\/wp-content\/uploads\/2021\/09\/3-1-1536x1024.jpg 1536w, http:\/\/site.zile.bel.tr\/wp-content\/uploads\/2021\/09\/3-1.jpg 1820w\" sizes=\"auto, (max-width: 800px) 100vw, 800px\" \/><\/div>\n<div dir=\"auto\"><\/div>\n<div dir=\"auto\">Resim \u00e7izme yar\u0131\u015fmas\u0131nda dereceye giren 4 \u00f6\u011frenciye Bisikletleri Zile Kaymakam\u0131 Mehmet Ali Aky\u00fcz ve Zile Belediye Ba\u015fkan\u0131 \u015e\u00fckr\u00fc Sarg\u0131n taraf\u0131ndan verildi. Etkinli\u011fe kat\u0131lan \u00e7ocuklara top ve kitap hediye edildi.<\/div>\n<div dir=\"auto\">\n\n\t\t<style type=\"text\/css\">\n\t\t\t#gallery-1 {\n\t\t\t\tmargin: auto;\n\t\t\t}\n\t\t\t#gallery-1 .gallery-item {\n\t\t\t\tfloat: left;\n\t\t\t\tmargin-top: 10px;\n\t\t\t\ttext-align: center;\n\t\t\t\twidth: 33%;\n\t\t\t}\n\t\t\t#gallery-1 img {\n\t\t\t\tborder: 2px solid #cfcfcf;\n\t\t\t}\n\t\t\t#gallery-1 .gallery-caption {\n\t\t\t\tmargin-left: 0;\n\t\t\t}\n\t\t\t\/* see gallery_shortcode() in wp-includes\/media.php *\/\n\t\t<\/style>\n\t\t<div id='gallery-1' class='gallery galleryid-2847 gallery-columns-3 gallery-size-thumbnail'><dl class='gallery-item'>\n\t\t\t<dt class='gallery-icon landscape'>\n\t\t\t\t<a href='http:\/\/site.zile.bel.tr\/wp-content\/uploads\/2021\/09\/1-3.jpg'><img loading=\"lazy\" decoding=\"async\" width=\"150\" height=\"150\" src=\"http:\/\/site.zile.bel.tr\/wp-content\/uploads\/2021\/09\/1-3-150x150.jpg\" class=\"attachment-thumbnail size-thumbnail\" alt=\"\" \/><\/a>\n\t\t\t<\/dt><\/dl><dl class='gallery-item'>\n\t\t\t<dt class='gallery-icon landscape'>\n\t\t\t\t<a href='http:\/\/site.zile.bel.tr\/wp-content\/uploads\/2021\/09\/2-2.jpg'><img loading=\"lazy\" decoding=\"async\" width=\"150\" height=\"150\" src=\"http:\/\/site.zile.bel.tr\/wp-content\/uploads\/2021\/09\/2-2-150x150.jpg\" class=\"attachment-thumbnail size-thumbnail\" alt=\"\" \/><\/a>\n\t\t\t<\/dt><\/dl><dl class='gallery-item'>\n\t\t\t<dt class='gallery-icon landscape'>\n\t\t\t\t<a href='http:\/\/site.zile.bel.tr\/wp-content\/uploads\/2021\/09\/3-1.jpg'><img loading=\"lazy\" decoding=\"async\" width=\"150\" height=\"150\" src=\"http:\/\/site.zile.bel.tr\/wp-content\/uploads\/2021\/09\/3-1-150x150.jpg\" class=\"attachment-thumbnail size-thumbnail\" alt=\"\" \/><\/a>\n\t\t\t<\/dt><\/dl><br style=\"clear: both\" \/><dl class='gallery-item'>\n\t\t\t<dt class='gallery-icon landscape'>\n\t\t\t\t<a href='http:\/\/site.zile.bel.tr\/wp-content\/uploads\/2021\/09\/4-2.jpg'><img loading=\"lazy\" decoding=\"async\" width=\"150\" height=\"150\" src=\"http:\/\/site.zile.bel.tr\/wp-content\/uploads\/2021\/09\/4-2-150x150.jpg\" class=\"attachment-thumbnail size-thumbnail\" alt=\"\" \/><\/a>\n\t\t\t<\/dt><\/dl><dl class='gallery-item'>\n\t\t\t<dt class='gallery-icon landscape'>\n\t\t\t\t<a href='http:\/\/site.zile.bel.tr\/wp-content\/uploads\/2021\/09\/5.jpg'><img loading=\"lazy\" decoding=\"async\" width=\"150\" height=\"150\" src=\"http:\/\/site.zile.bel.tr\/wp-content\/uploads\/2021\/09\/5-150x150.jpg\" class=\"attachment-thumbnail size-thumbnail\" alt=\"\" \/><\/a>\n\t\t\t<\/dt><\/dl><dl class='gallery-item'>\n\t\t\t<dt class='gallery-icon landscape'>\n\t\t\t\t<a href='http:\/\/site.zile.bel.tr\/wp-content\/uploads\/2021\/09\/6.jpg'><img loading=\"lazy\" decoding=\"async\" width=\"150\" height=\"150\" src=\"http:\/\/site.zile.bel.tr\/wp-content\/uploads\/2021\/09\/6-150x150.jpg\" class=\"attachment-thumbnail size-thumbnail\" alt=\"\" \/><\/a>\n\t\t\t<\/dt><\/dl><br style=\"clear: both\" \/><dl class='gallery-item'>\n\t\t\t<dt class='gallery-icon landscape'>\n\t\t\t\t<a href='http:\/\/site.zile.bel.tr\/wp-content\/uploads\/2021\/09\/7.jpg'><img loading=\"lazy\" decoding=\"async\" width=\"150\" height=\"150\" src=\"http:\/\/site.zile.bel.tr\/wp-content\/uploads\/2021\/09\/7-150x150.jpg\" class=\"attachment-thumbnail size-thumbnail\" alt=\"\" \/><\/a>\n\t\t\t<\/dt><\/dl><dl class='gallery-item'>\n\t\t\t<dt class='gallery-icon portrait'>\n\t\t\t\t<a href='http:\/\/site.zile.bel.tr\/wp-content\/uploads\/2021\/09\/8-1-rotated.jpg'><img loading=\"lazy\" decoding=\"async\" width=\"150\" height=\"150\" src=\"http:\/\/site.zile.bel.tr\/wp-content\/uploads\/2021\/09\/8-1-150x150.jpg\" class=\"attachment-thumbnail size-thumbnail\" alt=\"\" \/><\/a>\n\t\t\t<\/dt><\/dl><dl class='gallery-item'>\n\t\t\t<dt class='gallery-icon landscape'>\n\t\t\t\t<a href='http:\/\/site.zile.bel.tr\/wp-content\/uploads\/2021\/09\/9-1.jpg'><img loading=\"lazy\" decoding=\"async\" width=\"150\" height=\"150\" src=\"http:\/\/site.zile.bel.tr\/wp-content\/uploads\/2021\/09\/9-1-150x150.jpg\" class=\"attachment-thumbnail size-thumbnail\" alt=\"\" \/><\/a>\n\t\t\t<\/dt><\/dl><br style=\"clear: both\" \/><dl class='gallery-item'>\n\t\t\t<dt class='gallery-icon landscape'>\n\t\t\t\t<a href='http:\/\/site.zile.bel.tr\/wp-content\/uploads\/2021\/09\/10-1.jpg'><img loading=\"lazy\" decoding=\"async\" width=\"150\" height=\"150\" src=\"http:\/\/site.zile.bel.tr\/wp-content\/uploads\/2021\/09\/10-1-150x150.jpg\" class=\"attachment-thumbnail size-thumbnail\" alt=\"\" \/><\/a>\n\t\t\t<\/dt><\/dl><dl class='gallery-item'>\n\t\t\t<dt class='gallery-icon landscape'>\n\t\t\t\t<a href='http:\/\/site.zile.bel.tr\/wp-content\/uploads\/2021\/09\/11-1.jpg'><img loading=\"lazy\" decoding=\"async\" width=\"150\" height=\"150\" src=\"http:\/\/site.zile.bel.tr\/wp-content\/uploads\/2021\/09\/11-1-150x150.jpg\" class=\"attachment-thumbnail size-thumbnail\" alt=\"\" \/><\/a>\n\t\t\t<\/dt><\/dl>\n\t\t\t<br style='clear: both' \/>\n\t\t<\/div>\n\n<\/div>\n<\/div>\n","protected":false},"excerpt":{"rendered":"<p>Sa\u011fl\u0131k i\u00e7in pedal \u00e7evirdiler \u201cAvrupa Hareketlilik Haftas\u0131\u201d nedeniyle T\u00fcrkiye Belediyeler Birli\u011fi (TBB) ve Zile \u0130l\u00e7e Milli E\u011fitim M\u00fcd\u00fcrl\u00fc\u011f\u00fc i\u015fbirli\u011fi ile Zile Belediyesi taraf\u0131ndan d\u00fczenlenen bisiklet s\u00fcrme etkinli\u011fine, Ba\u015fkan \u015e\u00fckr\u00fc Sarg\u0131n Bisikleti ile kat\u0131ld\u0131. \u00d6\u011frencilerin ve vatanda\u015flar\u0131n kat\u0131ld\u0131\u011f\u0131 sa\u011fl\u0131kl\u0131 ya\u015fam i\u00e7in \u201cBisiklet S\u00fcrme Etkinli\u011fi\u201d etkinli\u011fi Atiye Bekir Din\u00e7erler \u0130lkokulu \u00fcn\u00fcnden ba\u015flayarak Zile Belediyesi hizmet binas\u0131 \u00f6n\u00fcnde [&hellip;]<\/p>\n","protected":false},"author":1,"featured_media":2852,"comment_status":"open","ping_status":"open","sticky":false,"template":"","format":"standard","meta":{"footnotes":""},"categories":[11],"tags":[95,82,202,204,90,89,203,27],"class_list":["post-2847","post","type-post","status-publish","format-standard","has-post-thumbnail","hentry","category-haberler","tag-baskan","tag-belediye","tag-bisiklet","tag-etkinlik","tag-sargin","tag-sukru","tag-surme","tag-zile"],"_links":{"self":[{"href":"http:\/\/site.zile.bel.tr\/index.php\/wp-json\/wp\/v2\/posts\/2847","targetHints":{"allow":["GET"]}}],"collection":[{"href":"http:\/\/site.zile.bel.tr\/index.php\/wp-json\/wp\/v2\/posts"}],"about":[{"href":"http:\/\/site.zile.bel.tr\/index.php\/wp-json\/wp\/v2\/types\/post"}],"author":[{"embeddable":true,"href":"http:\/\/site.zile.bel.tr\/index.php\/wp-json\/wp\/v2\/users\/1"}],"replies":[{"embeddable":true,"href":"http:\/\/site.zile.bel.tr\/index.php\/wp-json\/wp\/v2\/comments?post=2847"}],"version-history":[{"count":2,"href":"http:\/\/site.zile.bel.tr\/index.php\/wp-json\/wp\/v2\/posts\/2847\/revisions"}],"predecessor-version":[{"id":2862,"href":"http:\/\/site.zile.bel.tr\/index.php\/wp-json\/wp\/v2\/posts\/2847\/revisions\/2862"}],"wp:featuredmedia":[{"embeddable":true,"href":"http:\/\/site.zile.bel.tr\/index.php\/wp-json\/wp\/v2\/media\/2852"}],"wp:attachment":[{"href":"http:\/\/site.zile.bel.tr\/index.php\/wp-json\/wp\/v2\/media?parent=2847"}],"wp:term":[{"taxonomy":"category","embeddable":true,"href":"http:\/\/site.zile.bel.tr\/index.php\/wp-json\/wp\/v2\/categories?post=2847"},{"taxonomy":"post_tag","embeddable":true,"href":"http:\/\/site.zile.bel.tr\/index.php\/wp-json\/wp\/v2\/tags?post=2847"}],"curies":[{"name":"wp","href":"https:\/\/api.w.org\/{rel}","templated":true}]}}