{"id":2930,"date":"2021-10-22T09:53:21","date_gmt":"2021-10-22T06:53:21","guid":{"rendered":"http:\/\/site.zile.bel.tr\/?p=2930"},"modified":"2021-10-22T09:53:37","modified_gmt":"2021-10-22T06:53:37","slug":"etkili-iletisim-teknikleri-egitimi-duzenlendi","status":"publish","type":"post","link":"http:\/\/site.zile.bel.tr\/index.php\/2021\/10\/22\/etkili-iletisim-teknikleri-egitimi-duzenlendi\/","title":{"rendered":"`Etkili \u0130leti\u015fim Teknikleri\u2019 e\u011fitimi d\u00fczenlendi"},"content":{"rendered":"<p>\u00c7al\u0131\u015fanlar\u0131n ki\u015fisel ve kurumsal geli\u015fimlerine katk\u0131 sa\u011flamak amac\u0131yla Zile Belediyesi taraf\u0131ndan organize edilen program kapsam\u0131nda, Zile Belediyesi\u2019nde g\u00f6rev yapan personeline y\u00f6nelik olarak `Etkili \u0130leti\u015fim Teknikleri\u2019 e\u011fitimi d\u00fczenlendi.<\/p>\n<p>\u00c7al\u0131\u015fanlar\u0131n ki\u015fisel ve kurumsal geli\u015fimlerine y\u00f6nelik her t\u00fcrl\u00fc \u00e7al\u0131\u015fmaya b\u00fcy\u00fck \u00f6nem verdiklerini belirten Zile Belediyesi Ba\u015fkan\u0131 \u015e\u00fckr\u00fc Sarg\u0131n, kurumsalla\u015fma \u00e7al\u0131\u015fmalar\u0131 kapsam\u0131nda personel e\u011fitimlerinin devam edece\u011fini belirtti.<\/p>\n\n\t\t<style type=\"text\/css\">\n\t\t\t#gallery-1 {\n\t\t\t\tmargin: auto;\n\t\t\t}\n\t\t\t#gallery-1 .gallery-item {\n\t\t\t\tfloat: left;\n\t\t\t\tmargin-top: 10px;\n\t\t\t\ttext-align: center;\n\t\t\t\twidth: 33%;\n\t\t\t}\n\t\t\t#gallery-1 img {\n\t\t\t\tborder: 2px solid #cfcfcf;\n\t\t\t}\n\t\t\t#gallery-1 .gallery-caption {\n\t\t\t\tmargin-left: 0;\n\t\t\t}\n\t\t\t\/* see gallery_shortcode() in wp-includes\/media.php *\/\n\t\t<\/style>\n\t\t<div id='gallery-1' class='gallery galleryid-2930 gallery-columns-3 gallery-size-large'><dl class='gallery-item'>\n\t\t\t<dt class='gallery-icon landscape'>\n\t\t\t\t<a href='http:\/\/site.zile.bel.tr\/wp-content\/uploads\/2021\/10\/YSR_4784.jpg'><img loading=\"lazy\" decoding=\"async\" width=\"1024\" height=\"683\" src=\"http:\/\/site.zile.bel.tr\/wp-content\/uploads\/2021\/10\/YSR_4784-1024x683.jpg\" class=\"attachment-large size-large\" alt=\"\" srcset=\"http:\/\/site.zile.bel.tr\/wp-content\/uploads\/2021\/10\/YSR_4784-1024x683.jpg 1024w, http:\/\/site.zile.bel.tr\/wp-content\/uploads\/2021\/10\/YSR_4784-300x200.jpg 300w, http:\/\/site.zile.bel.tr\/wp-content\/uploads\/2021\/10\/YSR_4784-768x512.jpg 768w, http:\/\/site.zile.bel.tr\/wp-content\/uploads\/2021\/10\/YSR_4784-1536x1024.jpg 1536w, http:\/\/site.zile.bel.tr\/wp-content\/uploads\/2021\/10\/YSR_4784.jpg 1870w\" sizes=\"auto, (max-width: 1024px) 100vw, 1024px\" \/><\/a>\n\t\t\t<\/dt><\/dl><dl class='gallery-item'>\n\t\t\t<dt class='gallery-icon landscape'>\n\t\t\t\t<a href='http:\/\/site.zile.bel.tr\/wp-content\/uploads\/2021\/10\/YSR_4789.jpg'><img loading=\"lazy\" decoding=\"async\" width=\"1024\" height=\"683\" src=\"http:\/\/site.zile.bel.tr\/wp-content\/uploads\/2021\/10\/YSR_4789-1024x683.jpg\" class=\"attachment-large size-large\" alt=\"\" srcset=\"http:\/\/site.zile.bel.tr\/wp-content\/uploads\/2021\/10\/YSR_4789-1024x683.jpg 1024w, http:\/\/site.zile.bel.tr\/wp-content\/uploads\/2021\/10\/YSR_4789-300x200.jpg 300w, http:\/\/site.zile.bel.tr\/wp-content\/uploads\/2021\/10\/YSR_4789-768x512.jpg 768w, http:\/\/site.zile.bel.tr\/wp-content\/uploads\/2021\/10\/YSR_4789-1536x1024.jpg 1536w, http:\/\/site.zile.bel.tr\/wp-content\/uploads\/2021\/10\/YSR_4789.jpg 1870w\" sizes=\"auto, (max-width: 1024px) 100vw, 1024px\" \/><\/a>\n\t\t\t<\/dt><\/dl>\n\t\t\t<br style='clear: both' \/>\n\t\t<\/div>\n\n<p>&nbsp;<\/p>\n","protected":false},"excerpt":{"rendered":"<p>\u00c7al\u0131\u015fanlar\u0131n ki\u015fisel ve kurumsal geli\u015fimlerine katk\u0131 sa\u011flamak amac\u0131yla Zile Belediyesi taraf\u0131ndan organize edilen program kapsam\u0131nda, Zile Belediyesi\u2019nde g\u00f6rev yapan personeline y\u00f6nelik olarak `Etkili \u0130leti\u015fim Teknikleri\u2019 e\u011fitimi d\u00fczenlendi. \u00c7al\u0131\u015fanlar\u0131n ki\u015fisel ve kurumsal geli\u015fimlerine y\u00f6nelik her t\u00fcrl\u00fc \u00e7al\u0131\u015fmaya b\u00fcy\u00fck \u00f6nem verdiklerini belirten Zile Belediyesi Ba\u015fkan\u0131 \u015e\u00fckr\u00fc Sarg\u0131n, kurumsalla\u015fma \u00e7al\u0131\u015fmalar\u0131 kapsam\u0131nda personel e\u011fitimlerinin devam edece\u011fini belirtti. &nbsp;<\/p>\n","protected":false},"author":1,"featured_media":2931,"comment_status":"open","ping_status":"open","sticky":false,"template":"","format":"standard","meta":{"footnotes":""},"categories":[11],"tags":[],"class_list":["post-2930","post","type-post","status-publish","format-standard","has-post-thumbnail","hentry","category-haberler"],"_links":{"self":[{"href":"http:\/\/site.zile.bel.tr\/index.php\/wp-json\/wp\/v2\/posts\/2930","targetHints":{"allow":["GET"]}}],"collection":[{"href":"http:\/\/site.zile.bel.tr\/index.php\/wp-json\/wp\/v2\/posts"}],"about":[{"href":"http:\/\/site.zile.bel.tr\/index.php\/wp-json\/wp\/v2\/types\/post"}],"author":[{"embeddable":true,"href":"http:\/\/site.zile.bel.tr\/index.php\/wp-json\/wp\/v2\/users\/1"}],"replies":[{"embeddable":true,"href":"http:\/\/site.zile.bel.tr\/index.php\/wp-json\/wp\/v2\/comments?post=2930"}],"version-history":[{"count":1,"href":"http:\/\/site.zile.bel.tr\/index.php\/wp-json\/wp\/v2\/posts\/2930\/revisions"}],"predecessor-version":[{"id":2933,"href":"http:\/\/site.zile.bel.tr\/index.php\/wp-json\/wp\/v2\/posts\/2930\/revisions\/2933"}],"wp:featuredmedia":[{"embeddable":true,"href":"http:\/\/site.zile.bel.tr\/index.php\/wp-json\/wp\/v2\/media\/2931"}],"wp:attachment":[{"href":"http:\/\/site.zile.bel.tr\/index.php\/wp-json\/wp\/v2\/media?parent=2930"}],"wp:term":[{"taxonomy":"category","embeddable":true,"href":"http:\/\/site.zile.bel.tr\/index.php\/wp-json\/wp\/v2\/categories?post=2930"},{"taxonomy":"post_tag","embeddable":true,"href":"http:\/\/site.zile.bel.tr\/index.php\/wp-json\/wp\/v2\/tags?post=2930"}],"curies":[{"name":"wp","href":"https:\/\/api.w.org\/{rel}","templated":true}]}}