{"id":2966,"date":"2021-10-27T15:46:10","date_gmt":"2021-10-27T12:46:10","guid":{"rendered":"http:\/\/site.zile.bel.tr\/?p=2966"},"modified":"2021-10-27T15:46:10","modified_gmt":"2021-10-27T12:46:10","slug":"giyilmeyen-kiyafetler-cope-degil-kumbaraya","status":"publish","type":"post","link":"http:\/\/site.zile.bel.tr\/index.php\/2021\/10\/27\/giyilmeyen-kiyafetler-cope-degil-kumbaraya\/","title":{"rendered":"G\u0130Y\u0130LMEYEN KIYAFETLER \u00c7\u00d6PE DE\u011e\u0130L KUMBARAYA"},"content":{"rendered":"<div class=\"kvgmc6g5 cxmmr5t8 oygrvhab hcukyx3x c1et5uql ii04i59q\">\n<div dir=\"auto\">G\u0130Y\u0130LMEYEN KIYAFETLER \u00c7\u00d6PE DE\u011e\u0130L KUMBARAYA<\/p>\n<\/div>\n<\/div>\n<div class=\"o9v6fnle cxmmr5t8 oygrvhab hcukyx3x c1et5uql ii04i59q\">\n<div dir=\"auto\">Zile Belediyesi, proje kapsam\u0131nda il\u00e7enin \u00e7e\u015fitli noktalar\u0131na 25 adet \u2018At\u0131k Giysi Tekstil Kumbaras\u0131\u2019 yerle\u015ftirdi. Vatanda\u015flar\u0131n tekstil kumbaras\u0131na b\u0131rakt\u0131\u011f\u0131 ikincil el giysiler buradan al\u0131narak geri d\u00f6n\u00fc\u015f\u00fcm tesislerinde tekrar ipli\u011fe d\u00f6n\u00fc\u015ft\u00fcr\u00fclecek. Projeyle hem \u00e7evrenin korunmas\u0131 hem de ekonomiye katk\u0131da bulunulmas\u0131 ama\u00e7lan\u0131yor.<br \/>\n<img loading=\"lazy\" decoding=\"async\" class=\"alignnone wp-image-2967\" src=\"http:\/\/site.zile.bel.tr\/wp-content\/uploads\/2021\/10\/2-4-300x200.jpg\" alt=\"\" width=\"800\" height=\"533\" srcset=\"http:\/\/site.zile.bel.tr\/wp-content\/uploads\/2021\/10\/2-4-300x200.jpg 300w, http:\/\/site.zile.bel.tr\/wp-content\/uploads\/2021\/10\/2-4-1024x683.jpg 1024w, http:\/\/site.zile.bel.tr\/wp-content\/uploads\/2021\/10\/2-4-768x512.jpg 768w, http:\/\/site.zile.bel.tr\/wp-content\/uploads\/2021\/10\/2-4-1536x1024.jpg 1536w, http:\/\/site.zile.bel.tr\/wp-content\/uploads\/2021\/10\/2-4.jpg 1845w\" sizes=\"auto, (max-width: 800px) 100vw, 800px\" \/><\/div>\n<\/div>\n<div class=\"o9v6fnle cxmmr5t8 oygrvhab hcukyx3x c1et5uql ii04i59q\">\n<div dir=\"auto\">Zile Belediye Ba\u015fkan\u0131 \u015e\u00fckr\u00fc Sarg\u0131n, belediye olarak hayata ge\u00e7irdikleri geri d\u00f6n\u00fc\u015f\u00fcm projeleriyle S\u0131f\u0131r At\u0131k Projesi\u2019ne destek vermeye devam ettiklerini s\u00f6yledi.<\/div>\n<div dir=\"auto\">Bu kapsamda il\u00e7e genelinde belirlenen alanlara toplamda 25 adet \u2018At\u0131k Giysi Tekstil Kumbaras\u0131\u2019 koyduklar\u0131n\u0131 belirten Ba\u015fkan Sarg\u0131n, Zile halk\u0131n\u0131n \u00fczerine d\u00fc\u015feni yapaca\u011f\u0131ndan emin olduklar\u0131n\u0131 bildirdi.<\/div>\n<\/div>\n<div class=\"o9v6fnle cxmmr5t8 oygrvhab hcukyx3x c1et5uql ii04i59q\">\n<div dir=\"auto\">Ba\u015fkan Sarg\u0131n, \u201cS\u0131f\u0131r At\u0131k Projesi kapsam\u0131nda hayata ge\u00e7irdi\u011fimiz geri d\u00f6n\u00fc\u015f\u00fcm projeleriyle gelecek nesillere temiz bir do\u011fa b\u0131rakmak ve do\u011fal kaynaklar\u0131 koruma hedefimizi s\u00fcrd\u00fcr\u00fcyoruz. Projemiz, \u00e7evreci oldu\u011fu kadar ekonomiye katk\u0131 sa\u011flayan bir proje\u201d dedi.<\/div>\n<div dir=\"auto\">\n\n\t\t<style type=\"text\/css\">\n\t\t\t#gallery-1 {\n\t\t\t\tmargin: auto;\n\t\t\t}\n\t\t\t#gallery-1 .gallery-item {\n\t\t\t\tfloat: left;\n\t\t\t\tmargin-top: 10px;\n\t\t\t\ttext-align: center;\n\t\t\t\twidth: 33%;\n\t\t\t}\n\t\t\t#gallery-1 img {\n\t\t\t\tborder: 2px solid #cfcfcf;\n\t\t\t}\n\t\t\t#gallery-1 .gallery-caption {\n\t\t\t\tmargin-left: 0;\n\t\t\t}\n\t\t\t\/* see gallery_shortcode() in wp-includes\/media.php *\/\n\t\t<\/style>\n\t\t<div id='gallery-1' class='gallery galleryid-2966 gallery-columns-3 gallery-size-thumbnail'><dl class='gallery-item'>\n\t\t\t<dt class='gallery-icon landscape'>\n\t\t\t\t<a href='http:\/\/site.zile.bel.tr\/wp-content\/uploads\/2021\/10\/1-3.jpg'><img loading=\"lazy\" decoding=\"async\" width=\"150\" height=\"150\" src=\"http:\/\/site.zile.bel.tr\/wp-content\/uploads\/2021\/10\/1-3-150x150.jpg\" class=\"attachment-thumbnail size-thumbnail\" alt=\"\" \/><\/a>\n\t\t\t<\/dt><\/dl><dl class='gallery-item'>\n\t\t\t<dt class='gallery-icon landscape'>\n\t\t\t\t<a href='http:\/\/site.zile.bel.tr\/wp-content\/uploads\/2021\/10\/2-5.jpg'><img loading=\"lazy\" decoding=\"async\" width=\"150\" height=\"150\" src=\"http:\/\/site.zile.bel.tr\/wp-content\/uploads\/2021\/10\/2-5-150x150.jpg\" class=\"attachment-thumbnail size-thumbnail\" alt=\"\" \/><\/a>\n\t\t\t<\/dt><\/dl><dl class='gallery-item'>\n\t\t\t<dt class='gallery-icon landscape'>\n\t\t\t\t<a href='http:\/\/site.zile.bel.tr\/wp-content\/uploads\/2021\/10\/3-4.jpg'><img loading=\"lazy\" decoding=\"async\" width=\"150\" height=\"150\" src=\"http:\/\/site.zile.bel.tr\/wp-content\/uploads\/2021\/10\/3-4-150x150.jpg\" class=\"attachment-thumbnail size-thumbnail\" alt=\"\" \/><\/a>\n\t\t\t<\/dt><\/dl><br style=\"clear: both\" \/><dl class='gallery-item'>\n\t\t\t<dt class='gallery-icon landscape'>\n\t\t\t\t<a href='http:\/\/site.zile.bel.tr\/wp-content\/uploads\/2021\/10\/4-4.jpg'><img loading=\"lazy\" decoding=\"async\" width=\"150\" height=\"150\" src=\"http:\/\/site.zile.bel.tr\/wp-content\/uploads\/2021\/10\/4-4-150x150.jpg\" class=\"attachment-thumbnail size-thumbnail\" alt=\"\" \/><\/a>\n\t\t\t<\/dt><\/dl><dl class='gallery-item'>\n\t\t\t<dt class='gallery-icon landscape'>\n\t\t\t\t<a href='http:\/\/site.zile.bel.tr\/wp-content\/uploads\/2021\/10\/5-3.jpg'><img loading=\"lazy\" decoding=\"async\" width=\"150\" height=\"150\" src=\"http:\/\/site.zile.bel.tr\/wp-content\/uploads\/2021\/10\/5-3-150x150.jpg\" class=\"attachment-thumbnail size-thumbnail\" alt=\"\" \/><\/a>\n\t\t\t<\/dt><\/dl>\n\t\t\t<br style='clear: both' \/>\n\t\t<\/div>\n\n<\/div>\n<\/div>\n","protected":false},"excerpt":{"rendered":"<p>G\u0130Y\u0130LMEYEN KIYAFETLER \u00c7\u00d6PE DE\u011e\u0130L KUMBARAYA Zile Belediyesi, proje kapsam\u0131nda il\u00e7enin \u00e7e\u015fitli noktalar\u0131na 25 adet \u2018At\u0131k Giysi Tekstil Kumbaras\u0131\u2019 yerle\u015ftirdi. Vatanda\u015flar\u0131n tekstil kumbaras\u0131na b\u0131rakt\u0131\u011f\u0131 ikincil el giysiler buradan al\u0131narak geri d\u00f6n\u00fc\u015f\u00fcm tesislerinde tekrar ipli\u011fe d\u00f6n\u00fc\u015ft\u00fcr\u00fclecek. Projeyle hem \u00e7evrenin korunmas\u0131 hem de ekonomiye katk\u0131da bulunulmas\u0131 ama\u00e7lan\u0131yor. Zile Belediye Ba\u015fkan\u0131 \u015e\u00fckr\u00fc Sarg\u0131n, belediye olarak hayata ge\u00e7irdikleri geri d\u00f6n\u00fc\u015f\u00fcm [&hellip;]<\/p>\n","protected":false},"author":1,"featured_media":2969,"comment_status":"open","ping_status":"open","sticky":false,"template":"","format":"standard","meta":{"footnotes":""},"categories":[11],"tags":[37,82,207,209,208,27],"class_list":["post-2966","post","type-post","status-publish","format-standard","has-post-thumbnail","hentry","category-haberler","tag-atik","tag-belediye","tag-giysi","tag-kumbara","tag-toplama","tag-zile"],"_links":{"self":[{"href":"http:\/\/site.zile.bel.tr\/index.php\/wp-json\/wp\/v2\/posts\/2966","targetHints":{"allow":["GET"]}}],"collection":[{"href":"http:\/\/site.zile.bel.tr\/index.php\/wp-json\/wp\/v2\/posts"}],"about":[{"href":"http:\/\/site.zile.bel.tr\/index.php\/wp-json\/wp\/v2\/types\/post"}],"author":[{"embeddable":true,"href":"http:\/\/site.zile.bel.tr\/index.php\/wp-json\/wp\/v2\/users\/1"}],"replies":[{"embeddable":true,"href":"http:\/\/site.zile.bel.tr\/index.php\/wp-json\/wp\/v2\/comments?post=2966"}],"version-history":[{"count":1,"href":"http:\/\/site.zile.bel.tr\/index.php\/wp-json\/wp\/v2\/posts\/2966\/revisions"}],"predecessor-version":[{"id":2973,"href":"http:\/\/site.zile.bel.tr\/index.php\/wp-json\/wp\/v2\/posts\/2966\/revisions\/2973"}],"wp:featuredmedia":[{"embeddable":true,"href":"http:\/\/site.zile.bel.tr\/index.php\/wp-json\/wp\/v2\/media\/2969"}],"wp:attachment":[{"href":"http:\/\/site.zile.bel.tr\/index.php\/wp-json\/wp\/v2\/media?parent=2966"}],"wp:term":[{"taxonomy":"category","embeddable":true,"href":"http:\/\/site.zile.bel.tr\/index.php\/wp-json\/wp\/v2\/categories?post=2966"},{"taxonomy":"post_tag","embeddable":true,"href":"http:\/\/site.zile.bel.tr\/index.php\/wp-json\/wp\/v2\/tags?post=2966"}],"curies":[{"name":"wp","href":"https:\/\/api.w.org\/{rel}","templated":true}]}}