{"id":2994,"date":"2021-11-09T14:39:19","date_gmt":"2021-11-09T11:39:19","guid":{"rendered":"https:\/\/site.zile.bel.tr\/?p=2994"},"modified":"2021-11-09T14:39:19","modified_gmt":"2021-11-09T11:39:19","slug":"baskan-sarginin-10-kasim-mesaji","status":"publish","type":"post","link":"http:\/\/site.zile.bel.tr\/index.php\/2021\/11\/09\/baskan-sarginin-10-kasim-mesaji\/","title":{"rendered":"Ba\u015fkan Sarg\u0131n\u2019\u0131n 10 Kas\u0131m Mesaj\u0131"},"content":{"rendered":"<p>Zile Belediye Ba\u015fkan\u0131 \u015e\u00fckr\u00fc Sarg\u0131n, 10 Kas\u0131m Ulu \u00d6nder Mustafa Kemal Atat\u00fcrk\u2019\u00fcn \u00f6l\u00fcm\u00fcn\u00fcn 83\u2019nc\u00fc y\u0131l d\u00f6n\u00fcm\u00fc nedeniyle bir mesaj yay\u0131mlad\u0131.<\/p>\n<p>Mesaj\u0131nda, Mustafa Kemal Atat\u00fcrk\u2019\u00fcn \u00fcst\u00fcn nitelikleri, ileri g\u00f6r\u00fc\u015fl\u00fcl\u00fc\u011f\u00fc, liderli\u011fi, siyasi ve askeri ba\u015far\u0131lar\u0131 ile bu y\u00fczy\u0131l i\u00e7erisinde bir kere d\u00fcnyaya gelen, ya\u015fad\u0131\u011f\u0131 \u00e7a\u011fa damgas\u0131n\u0131 vuran bir d\u00fcnya lideri oldu\u011funa dikkat \u00e7eken Ba\u015fkan Sarg\u0131n, \u201cMustafa Kemal Atat\u00fcrk, yurdun ve halk\u0131n i\u00e7inde bulundu\u011fu olanaks\u0131zl\u0131klara ra\u011fmen, kararl\u0131l\u0131kla T\u00fcrk milletini ba\u011f\u0131ms\u0131z T\u00fcrkiye \u00fclk\u00fcs\u00fc hedefi etraf\u0131nda birle\u015ftirerek zafere ula\u015ft\u0131rm\u0131\u015ft\u0131r. Mustafa Kemal Atat\u00fcrk\u2019\u00fcn en b\u00fcy\u00fck zaferi yenilmi\u015f bir imparatorluktan \u00e7a\u011fda\u015f bir devlet kurmas\u0131d\u0131r. \u0130lke ve devrimleriyle Cumhuriyet\u2019imizin kurucusu, ulu \u00f6nder, b\u00fcy\u00fck komutan ve devlet adam\u0131 Mustafa Kemal Atat\u00fcrk\u2019\u00fcn g\u00f6n\u00fcllerdeki e\u015fsiz yeri hi\u00e7bir zaman de\u011fi\u015fmeyecek, ona duyulan sevgi, sayg\u0131 ve \u00f6zlem hi\u00e7 eksilmeyecektir. Bu duygu ve d\u00fc\u015f\u00fcncelerle Gazi Mustafa Kemal Atat\u00fcrk\u2019\u00fc aram\u0131zdan ayr\u0131l\u0131\u015f\u0131n\u0131n 83\u2019nc\u00fc y\u0131l\u0131nda bir kez daha sayg\u0131, minnet, rahmet ve \u015f\u00fckranla an\u0131yorum\u201d dedi.<\/p>\n<p><img loading=\"lazy\" decoding=\"async\" class=\"alignnone wp-image-2995\" src=\"http:\/\/site.zile.bel.tr\/wp-content\/uploads\/2021\/11\/10-kasim-mesaj-1235-x-1106-1024x917.jpg\" alt=\"\" width=\"800\" height=\"716\" srcset=\"http:\/\/site.zile.bel.tr\/wp-content\/uploads\/2021\/11\/10-kasim-mesaj-1235-x-1106-1024x917.jpg 1024w, http:\/\/site.zile.bel.tr\/wp-content\/uploads\/2021\/11\/10-kasim-mesaj-1235-x-1106-300x269.jpg 300w, http:\/\/site.zile.bel.tr\/wp-content\/uploads\/2021\/11\/10-kasim-mesaj-1235-x-1106-768x688.jpg 768w, http:\/\/site.zile.bel.tr\/wp-content\/uploads\/2021\/11\/10-kasim-mesaj-1235-x-1106.jpg 1235w\" sizes=\"auto, (max-width: 800px) 100vw, 800px\" \/><\/p>\n","protected":false},"excerpt":{"rendered":"<p>Zile Belediye Ba\u015fkan\u0131 \u015e\u00fckr\u00fc Sarg\u0131n, 10 Kas\u0131m Ulu \u00d6nder Mustafa Kemal Atat\u00fcrk\u2019\u00fcn \u00f6l\u00fcm\u00fcn\u00fcn 83\u2019nc\u00fc y\u0131l d\u00f6n\u00fcm\u00fc nedeniyle bir mesaj yay\u0131mlad\u0131. Mesaj\u0131nda, Mustafa Kemal Atat\u00fcrk\u2019\u00fcn \u00fcst\u00fcn nitelikleri, ileri g\u00f6r\u00fc\u015fl\u00fcl\u00fc\u011f\u00fc, liderli\u011fi, siyasi ve askeri ba\u015far\u0131lar\u0131 ile bu y\u00fczy\u0131l i\u00e7erisinde bir kere d\u00fcnyaya gelen, ya\u015fad\u0131\u011f\u0131 \u00e7a\u011fa damgas\u0131n\u0131 vuran bir d\u00fcnya lideri oldu\u011funa dikkat \u00e7eken Ba\u015fkan Sarg\u0131n, \u201cMustafa Kemal [&hellip;]<\/p>\n","protected":false},"author":1,"featured_media":2995,"comment_status":"open","ping_status":"open","sticky":false,"template":"","format":"standard","meta":{"footnotes":""},"categories":[11],"tags":[212,95,82,213,27],"class_list":["post-2994","post","type-post","status-publish","format-standard","has-post-thumbnail","hentry","category-haberler","tag-10kasim","tag-baskan","tag-belediye","tag-mesaji","tag-zile"],"_links":{"self":[{"href":"http:\/\/site.zile.bel.tr\/index.php\/wp-json\/wp\/v2\/posts\/2994","targetHints":{"allow":["GET"]}}],"collection":[{"href":"http:\/\/site.zile.bel.tr\/index.php\/wp-json\/wp\/v2\/posts"}],"about":[{"href":"http:\/\/site.zile.bel.tr\/index.php\/wp-json\/wp\/v2\/types\/post"}],"author":[{"embeddable":true,"href":"http:\/\/site.zile.bel.tr\/index.php\/wp-json\/wp\/v2\/users\/1"}],"replies":[{"embeddable":true,"href":"http:\/\/site.zile.bel.tr\/index.php\/wp-json\/wp\/v2\/comments?post=2994"}],"version-history":[{"count":1,"href":"http:\/\/site.zile.bel.tr\/index.php\/wp-json\/wp\/v2\/posts\/2994\/revisions"}],"predecessor-version":[{"id":2996,"href":"http:\/\/site.zile.bel.tr\/index.php\/wp-json\/wp\/v2\/posts\/2994\/revisions\/2996"}],"wp:featuredmedia":[{"embeddable":true,"href":"http:\/\/site.zile.bel.tr\/index.php\/wp-json\/wp\/v2\/media\/2995"}],"wp:attachment":[{"href":"http:\/\/site.zile.bel.tr\/index.php\/wp-json\/wp\/v2\/media?parent=2994"}],"wp:term":[{"taxonomy":"category","embeddable":true,"href":"http:\/\/site.zile.bel.tr\/index.php\/wp-json\/wp\/v2\/categories?post=2994"},{"taxonomy":"post_tag","embeddable":true,"href":"http:\/\/site.zile.bel.tr\/index.php\/wp-json\/wp\/v2\/tags?post=2994"}],"curies":[{"name":"wp","href":"https:\/\/api.w.org\/{rel}","templated":true}]}}