{"id":3017,"date":"2021-11-15T14:16:54","date_gmt":"2021-11-15T11:16:54","guid":{"rendered":"https:\/\/site.zile.bel.tr\/?p=3017"},"modified":"2021-11-15T14:17:45","modified_gmt":"2021-11-15T11:17:45","slug":"itfaiyeden-baca-temizligi-uyarisi","status":"publish","type":"post","link":"http:\/\/site.zile.bel.tr\/index.php\/2021\/11\/15\/itfaiyeden-baca-temizligi-uyarisi\/","title":{"rendered":"\u0130tfaiyeden Baca Temizli\u011fi Uyar\u0131s\u0131"},"content":{"rendered":"<p>Tarihi evlerin bulundu\u011fu Zile\u2019de yang\u0131nlara kar\u015f\u0131 her t\u00fcrl\u00fc tedbirleri ald\u0131klar\u0131n\u0131 belirten Zile Belediye Ba\u015fkan\u0131 \u015e\u00fckr\u00fc Sarg\u0131n, baca yang\u0131nlar\u0131n\u0131n b\u00fcy\u00fck bir tehdit oldu\u011funu kaydederek \u015fu s\u00f6zlere yer verdi, \u201c\u0130tfaiye M\u00fcd\u00fcrl\u00fc\u011f\u00fc olarak baca yang\u0131n\u0131 ve baca kaynakl\u0131 zehirlenmelerin \u00f6n\u00fcne ge\u00e7mek i\u00e7in ekiplerimiz \u00f6zveriyle \u00e7al\u0131\u015f\u0131yor. Vatanda\u015flar\u0131m\u0131z\u0131n da baca temizli\u011fi konusunda duyarl\u0131 olmalar\u0131 gerekiyor. Kendimizin ve ailemizin g\u00fcvenli\u011fi i\u00e7in al\u0131nabilecek basit \u00f6nlemlerle b\u00fcy\u00fck felaketlerin \u00f6n\u00fcne ge\u00e7ilebilece\u011fini kesinlikle unutmamal\u0131y\u0131z. \u00d6zellikle tarihi evlerimiz tarih olmas\u0131n diye Tarihi b\u00f6lgemizde \u00f6nlemlerimizi art\u0131rd\u0131k\u2019\u2019 dedi.<\/p>\n<p><img loading=\"lazy\" decoding=\"async\" class=\"alignnone wp-image-3018\" src=\"http:\/\/site.zile.bel.tr\/wp-content\/uploads\/2021\/11\/baca-temizligi-itfaiye-788x1024.jpg\" alt=\"\" width=\"800\" height=\"1039\" srcset=\"http:\/\/site.zile.bel.tr\/wp-content\/uploads\/2021\/11\/baca-temizligi-itfaiye-788x1024.jpg 788w, http:\/\/site.zile.bel.tr\/wp-content\/uploads\/2021\/11\/baca-temizligi-itfaiye-231x300.jpg 231w, http:\/\/site.zile.bel.tr\/wp-content\/uploads\/2021\/11\/baca-temizligi-itfaiye-768x998.jpg 768w, http:\/\/site.zile.bel.tr\/wp-content\/uploads\/2021\/11\/baca-temizligi-itfaiye.jpg 1000w\" sizes=\"auto, (max-width: 800px) 100vw, 800px\" \/><\/p>\n","protected":false},"excerpt":{"rendered":"<p>Tarihi evlerin bulundu\u011fu Zile\u2019de yang\u0131nlara kar\u015f\u0131 her t\u00fcrl\u00fc tedbirleri ald\u0131klar\u0131n\u0131 belirten Zile Belediye Ba\u015fkan\u0131 \u015e\u00fckr\u00fc Sarg\u0131n, baca yang\u0131nlar\u0131n\u0131n b\u00fcy\u00fck bir tehdit oldu\u011funu kaydederek \u015fu s\u00f6zlere yer verdi, \u201c\u0130tfaiye M\u00fcd\u00fcrl\u00fc\u011f\u00fc olarak baca yang\u0131n\u0131 ve baca kaynakl\u0131 zehirlenmelerin \u00f6n\u00fcne ge\u00e7mek i\u00e7in ekiplerimiz \u00f6zveriyle \u00e7al\u0131\u015f\u0131yor. Vatanda\u015flar\u0131m\u0131z\u0131n da baca temizli\u011fi konusunda duyarl\u0131 olmalar\u0131 gerekiyor. Kendimizin ve ailemizin g\u00fcvenli\u011fi i\u00e7in [&hellip;]<\/p>\n","protected":false},"author":1,"featured_media":3018,"comment_status":"open","ping_status":"open","sticky":false,"template":"","format":"standard","meta":{"footnotes":""},"categories":[11],"tags":[],"class_list":["post-3017","post","type-post","status-publish","format-standard","has-post-thumbnail","hentry","category-haberler"],"_links":{"self":[{"href":"http:\/\/site.zile.bel.tr\/index.php\/wp-json\/wp\/v2\/posts\/3017","targetHints":{"allow":["GET"]}}],"collection":[{"href":"http:\/\/site.zile.bel.tr\/index.php\/wp-json\/wp\/v2\/posts"}],"about":[{"href":"http:\/\/site.zile.bel.tr\/index.php\/wp-json\/wp\/v2\/types\/post"}],"author":[{"embeddable":true,"href":"http:\/\/site.zile.bel.tr\/index.php\/wp-json\/wp\/v2\/users\/1"}],"replies":[{"embeddable":true,"href":"http:\/\/site.zile.bel.tr\/index.php\/wp-json\/wp\/v2\/comments?post=3017"}],"version-history":[{"count":2,"href":"http:\/\/site.zile.bel.tr\/index.php\/wp-json\/wp\/v2\/posts\/3017\/revisions"}],"predecessor-version":[{"id":3020,"href":"http:\/\/site.zile.bel.tr\/index.php\/wp-json\/wp\/v2\/posts\/3017\/revisions\/3020"}],"wp:featuredmedia":[{"embeddable":true,"href":"http:\/\/site.zile.bel.tr\/index.php\/wp-json\/wp\/v2\/media\/3018"}],"wp:attachment":[{"href":"http:\/\/site.zile.bel.tr\/index.php\/wp-json\/wp\/v2\/media?parent=3017"}],"wp:term":[{"taxonomy":"category","embeddable":true,"href":"http:\/\/site.zile.bel.tr\/index.php\/wp-json\/wp\/v2\/categories?post=3017"},{"taxonomy":"post_tag","embeddable":true,"href":"http:\/\/site.zile.bel.tr\/index.php\/wp-json\/wp\/v2\/tags?post=3017"}],"curies":[{"name":"wp","href":"https:\/\/api.w.org\/{rel}","templated":true}]}}