{"id":3021,"date":"2021-11-16T09:52:53","date_gmt":"2021-11-16T06:52:53","guid":{"rendered":"http:\/\/site.zile.bel.tr\/?p=3021"},"modified":"2021-11-16T09:52:53","modified_gmt":"2021-11-16T06:52:53","slug":"sifir-atik-egitimi","status":"publish","type":"post","link":"http:\/\/site.zile.bel.tr\/index.php\/2021\/11\/16\/sifir-atik-egitimi\/","title":{"rendered":"S\u0131f\u0131r At\u0131k E\u011fitimi"},"content":{"rendered":"<p>Zile Belediyesi \u00e7evreye verdi\u011fi \u00f6nemi ger\u00e7ekle\u015ftirdi\u011fi ve destekledi\u011fi projelerle devam ettiriyor. \u0130nsan n\u00fcfusunun artmas\u0131yla t\u00fcketimin giderek h\u0131zland\u0131\u011f\u0131; do\u011fal kaynaklar\u0131n azald\u0131\u011f\u0131 g\u00fcn\u00fcm\u00fczde s\u0131f\u0131r at\u0131k projesi ile israf\u0131n \u00f6n\u00fcne ge\u00e7meye ve \u00e7ocuklara ya\u015fanabilir bir \u00e7evre b\u0131rakmay\u0131 hedef edinen Zile Belediyesi, belediye personeline s\u0131f\u0131r at\u0131k e\u011fitimi verdi.<br \/>\nS\u0131f\u0131r at\u0131k e\u011fitimi, Tokat \u00c7evre ve \u015eehircilik \u0130l M\u00fcd\u00fcrl\u00fc\u011f\u00fcnde g\u00f6revli \u00e7evre y\u00fcksek m\u00fchendisi Yasemin \u0130spirli G\u00f6krem taraf\u0131ndan verildi.<\/p>\n<p><img loading=\"lazy\" decoding=\"async\" class=\"alignnone wp-image-3022\" src=\"http:\/\/site.zile.bel.tr\/wp-content\/uploads\/2021\/11\/egitim-300x225.jpg\" alt=\"\" width=\"800\" height=\"600\" srcset=\"http:\/\/site.zile.bel.tr\/wp-content\/uploads\/2021\/11\/egitim-300x225.jpg 300w, http:\/\/site.zile.bel.tr\/wp-content\/uploads\/2021\/11\/egitim-768x576.jpg 768w, http:\/\/site.zile.bel.tr\/wp-content\/uploads\/2021\/11\/egitim.jpg 1024w\" sizes=\"auto, (max-width: 800px) 100vw, 800px\" \/><\/p>\n","protected":false},"excerpt":{"rendered":"<p>Zile Belediyesi \u00e7evreye verdi\u011fi \u00f6nemi ger\u00e7ekle\u015ftirdi\u011fi ve destekledi\u011fi projelerle devam ettiriyor. \u0130nsan n\u00fcfusunun artmas\u0131yla t\u00fcketimin giderek h\u0131zland\u0131\u011f\u0131; do\u011fal kaynaklar\u0131n azald\u0131\u011f\u0131 g\u00fcn\u00fcm\u00fczde s\u0131f\u0131r at\u0131k projesi ile israf\u0131n \u00f6n\u00fcne ge\u00e7meye ve \u00e7ocuklara ya\u015fanabilir bir \u00e7evre b\u0131rakmay\u0131 hedef edinen Zile Belediyesi, belediye personeline s\u0131f\u0131r at\u0131k e\u011fitimi verdi. S\u0131f\u0131r at\u0131k e\u011fitimi, Tokat \u00c7evre ve \u015eehircilik \u0130l M\u00fcd\u00fcrl\u00fc\u011f\u00fcnde g\u00f6revli \u00e7evre [&hellip;]<\/p>\n","protected":false},"author":1,"featured_media":3022,"comment_status":"open","ping_status":"open","sticky":false,"template":"","format":"standard","meta":{"footnotes":""},"categories":[11],"tags":[],"class_list":["post-3021","post","type-post","status-publish","format-standard","has-post-thumbnail","hentry","category-haberler"],"_links":{"self":[{"href":"http:\/\/site.zile.bel.tr\/index.php\/wp-json\/wp\/v2\/posts\/3021","targetHints":{"allow":["GET"]}}],"collection":[{"href":"http:\/\/site.zile.bel.tr\/index.php\/wp-json\/wp\/v2\/posts"}],"about":[{"href":"http:\/\/site.zile.bel.tr\/index.php\/wp-json\/wp\/v2\/types\/post"}],"author":[{"embeddable":true,"href":"http:\/\/site.zile.bel.tr\/index.php\/wp-json\/wp\/v2\/users\/1"}],"replies":[{"embeddable":true,"href":"http:\/\/site.zile.bel.tr\/index.php\/wp-json\/wp\/v2\/comments?post=3021"}],"version-history":[{"count":1,"href":"http:\/\/site.zile.bel.tr\/index.php\/wp-json\/wp\/v2\/posts\/3021\/revisions"}],"predecessor-version":[{"id":3023,"href":"http:\/\/site.zile.bel.tr\/index.php\/wp-json\/wp\/v2\/posts\/3021\/revisions\/3023"}],"wp:featuredmedia":[{"embeddable":true,"href":"http:\/\/site.zile.bel.tr\/index.php\/wp-json\/wp\/v2\/media\/3022"}],"wp:attachment":[{"href":"http:\/\/site.zile.bel.tr\/index.php\/wp-json\/wp\/v2\/media?parent=3021"}],"wp:term":[{"taxonomy":"category","embeddable":true,"href":"http:\/\/site.zile.bel.tr\/index.php\/wp-json\/wp\/v2\/categories?post=3021"},{"taxonomy":"post_tag","embeddable":true,"href":"http:\/\/site.zile.bel.tr\/index.php\/wp-json\/wp\/v2\/tags?post=3021"}],"curies":[{"name":"wp","href":"https:\/\/api.w.org\/{rel}","templated":true}]}}