{"id":3024,"date":"2021-11-17T14:10:24","date_gmt":"2021-11-17T11:10:24","guid":{"rendered":"http:\/\/site.zile.bel.tr\/?p=3024"},"modified":"2021-11-17T14:10:24","modified_gmt":"2021-11-17T11:10:24","slug":"zile-belediyesi-binasi-dis-cephesi-yenilendi","status":"publish","type":"post","link":"http:\/\/site.zile.bel.tr\/index.php\/2021\/11\/17\/zile-belediyesi-binasi-dis-cephesi-yenilendi\/","title":{"rendered":"Zile Belediyesi Binas\u0131 D\u0131\u015f Cephesi Yenilendi"},"content":{"rendered":"<p>Zile Belediyesi binas\u0131 tadilattan sonra yeni bir \u00e7ehreye b\u00fcr\u00fcnd\u00fc.<\/p>\n<p>Belediye binas\u0131n\u0131n hem g\u00f6rsel g\u00fczellik kazand\u0131\u011f\u0131n\u0131 hem de \u0131s\u0131 yal\u0131t\u0131m\u0131 ile enerji tasarrufu sa\u011flayaca\u011f\u0131n\u0131 belirten Zile Belediye Ba\u015fkan\u0131 \u015e\u00fckr\u00fc Sarg\u0131n, &#8220;Bina i\u00e7erisinde yapm\u0131\u015f oldu\u011fumuz yenileme \u00e7al\u0131\u015fmas\u0131ndan sonra bina cephesini yeniledik. Binam\u0131z yeni bir g\u00f6r\u00fcnt\u00fcye kavu\u015ftu. \u00c7al\u0131\u015fmalar\u0131m\u0131z neticesinde binam\u0131z hem g\u00f6rsel g\u00fczellik kazand\u0131 hem de \u0131s\u0131 yal\u0131t\u0131m\u0131 ile enerji tasarrufu sa\u011flayacak\u201d dedi.<\/p>\n<p><img loading=\"lazy\" decoding=\"async\" class=\"alignnone wp-image-3025\" src=\"http:\/\/site.zile.bel.tr\/wp-content\/uploads\/2021\/11\/P1-300x200.jpg\" alt=\"\" width=\"800\" height=\"533\" srcset=\"http:\/\/site.zile.bel.tr\/wp-content\/uploads\/2021\/11\/P1-300x200.jpg 300w, http:\/\/site.zile.bel.tr\/wp-content\/uploads\/2021\/11\/P1-1024x682.jpg 1024w, http:\/\/site.zile.bel.tr\/wp-content\/uploads\/2021\/11\/P1-768x512.jpg 768w, http:\/\/site.zile.bel.tr\/wp-content\/uploads\/2021\/11\/P1-1536x1024.jpg 1536w, http:\/\/site.zile.bel.tr\/wp-content\/uploads\/2021\/11\/P1.jpg 1820w\" sizes=\"auto, (max-width: 800px) 100vw, 800px\" \/><\/p>\n<p><img loading=\"lazy\" decoding=\"async\" class=\"alignnone wp-image-3026\" src=\"http:\/\/site.zile.bel.tr\/wp-content\/uploads\/2021\/11\/P2-300x200.jpg\" alt=\"\" width=\"800\" height=\"533\" srcset=\"http:\/\/site.zile.bel.tr\/wp-content\/uploads\/2021\/11\/P2-300x200.jpg 300w, http:\/\/site.zile.bel.tr\/wp-content\/uploads\/2021\/11\/P2-1024x682.jpg 1024w, http:\/\/site.zile.bel.tr\/wp-content\/uploads\/2021\/11\/P2-768x512.jpg 768w, http:\/\/site.zile.bel.tr\/wp-content\/uploads\/2021\/11\/P2-1536x1024.jpg 1536w, http:\/\/site.zile.bel.tr\/wp-content\/uploads\/2021\/11\/P2.jpg 1820w\" sizes=\"auto, (max-width: 800px) 100vw, 800px\" \/><\/p>\n","protected":false},"excerpt":{"rendered":"<p>Zile Belediyesi binas\u0131 tadilattan sonra yeni bir \u00e7ehreye b\u00fcr\u00fcnd\u00fc. Belediye binas\u0131n\u0131n hem g\u00f6rsel g\u00fczellik kazand\u0131\u011f\u0131n\u0131 hem de \u0131s\u0131 yal\u0131t\u0131m\u0131 ile enerji tasarrufu sa\u011flayaca\u011f\u0131n\u0131 belirten Zile Belediye Ba\u015fkan\u0131 \u015e\u00fckr\u00fc Sarg\u0131n, &#8220;Bina i\u00e7erisinde yapm\u0131\u015f oldu\u011fumuz yenileme \u00e7al\u0131\u015fmas\u0131ndan sonra bina cephesini yeniledik. Binam\u0131z yeni bir g\u00f6r\u00fcnt\u00fcye kavu\u015ftu. \u00c7al\u0131\u015fmalar\u0131m\u0131z neticesinde binam\u0131z hem g\u00f6rsel g\u00fczellik kazand\u0131 hem de \u0131s\u0131 yal\u0131t\u0131m\u0131 [&hellip;]<\/p>\n","protected":false},"author":1,"featured_media":3025,"comment_status":"open","ping_status":"open","sticky":false,"template":"","format":"standard","meta":{"footnotes":""},"categories":[11],"tags":[],"class_list":["post-3024","post","type-post","status-publish","format-standard","has-post-thumbnail","hentry","category-haberler"],"_links":{"self":[{"href":"http:\/\/site.zile.bel.tr\/index.php\/wp-json\/wp\/v2\/posts\/3024","targetHints":{"allow":["GET"]}}],"collection":[{"href":"http:\/\/site.zile.bel.tr\/index.php\/wp-json\/wp\/v2\/posts"}],"about":[{"href":"http:\/\/site.zile.bel.tr\/index.php\/wp-json\/wp\/v2\/types\/post"}],"author":[{"embeddable":true,"href":"http:\/\/site.zile.bel.tr\/index.php\/wp-json\/wp\/v2\/users\/1"}],"replies":[{"embeddable":true,"href":"http:\/\/site.zile.bel.tr\/index.php\/wp-json\/wp\/v2\/comments?post=3024"}],"version-history":[{"count":1,"href":"http:\/\/site.zile.bel.tr\/index.php\/wp-json\/wp\/v2\/posts\/3024\/revisions"}],"predecessor-version":[{"id":3027,"href":"http:\/\/site.zile.bel.tr\/index.php\/wp-json\/wp\/v2\/posts\/3024\/revisions\/3027"}],"wp:featuredmedia":[{"embeddable":true,"href":"http:\/\/site.zile.bel.tr\/index.php\/wp-json\/wp\/v2\/media\/3025"}],"wp:attachment":[{"href":"http:\/\/site.zile.bel.tr\/index.php\/wp-json\/wp\/v2\/media?parent=3024"}],"wp:term":[{"taxonomy":"category","embeddable":true,"href":"http:\/\/site.zile.bel.tr\/index.php\/wp-json\/wp\/v2\/categories?post=3024"},{"taxonomy":"post_tag","embeddable":true,"href":"http:\/\/site.zile.bel.tr\/index.php\/wp-json\/wp\/v2\/tags?post=3024"}],"curies":[{"name":"wp","href":"https:\/\/api.w.org\/{rel}","templated":true}]}}