{"id":3054,"date":"2021-12-03T16:54:47","date_gmt":"2021-12-03T13:54:47","guid":{"rendered":"http:\/\/site.zile.bel.tr\/?p=3054"},"modified":"2021-12-03T16:54:47","modified_gmt":"2021-12-03T13:54:47","slug":"itfaiyeden-gercegi-aratmayan-hastane-tatbikati","status":"publish","type":"post","link":"http:\/\/site.zile.bel.tr\/index.php\/2021\/12\/03\/itfaiyeden-gercegi-aratmayan-hastane-tatbikati\/","title":{"rendered":"\u0130tfaiyeden ger\u00e7e\u011fi aratmayan hastane tatbikat\u0131"},"content":{"rendered":"<p>Zile Belediyesi \u0130tfaiye ekipleri, Zile Devlet Hastanesi\u2019nde yang\u0131n ve kurtarma tatbikat\u0131 yapt\u0131.<\/p>\n<p><img loading=\"lazy\" decoding=\"async\" class=\"alignnone wp-image-3055\" src=\"http:\/\/site.zile.bel.tr\/wp-content\/uploads\/2021\/12\/1-300x200.jpg\" alt=\"\" width=\"800\" height=\"533\" srcset=\"http:\/\/site.zile.bel.tr\/wp-content\/uploads\/2021\/12\/1-300x200.jpg 300w, http:\/\/site.zile.bel.tr\/wp-content\/uploads\/2021\/12\/1-1024x682.jpg 1024w, http:\/\/site.zile.bel.tr\/wp-content\/uploads\/2021\/12\/1-768x512.jpg 768w, http:\/\/site.zile.bel.tr\/wp-content\/uploads\/2021\/12\/1-1536x1024.jpg 1536w, http:\/\/site.zile.bel.tr\/wp-content\/uploads\/2021\/12\/1.jpg 1820w\" sizes=\"auto, (max-width: 800px) 100vw, 800px\" \/><br \/>\n\u0130tfaiye M\u00fcd\u00fcrl\u00fc\u011f\u00fc, acil durum an\u0131nda ve sonras\u0131nda yap\u0131lacaklara y\u00f6nelik teorik ve uygulamal\u0131 e\u011fitimlerine devam ediyor.<\/p>\n<p><img loading=\"lazy\" decoding=\"async\" class=\"alignnone wp-image-3058\" src=\"http:\/\/site.zile.bel.tr\/wp-content\/uploads\/2021\/12\/4-300x200.jpg\" alt=\"\" width=\"800\" height=\"533\" srcset=\"http:\/\/site.zile.bel.tr\/wp-content\/uploads\/2021\/12\/4-300x200.jpg 300w, http:\/\/site.zile.bel.tr\/wp-content\/uploads\/2021\/12\/4-1024x682.jpg 1024w, http:\/\/site.zile.bel.tr\/wp-content\/uploads\/2021\/12\/4-768x512.jpg 768w, http:\/\/site.zile.bel.tr\/wp-content\/uploads\/2021\/12\/4-1536x1024.jpg 1536w, http:\/\/site.zile.bel.tr\/wp-content\/uploads\/2021\/12\/4.jpg 1820w\" sizes=\"auto, (max-width: 800px) 100vw, 800px\" \/><br \/>\nZile devlet Hastanesi\u2019nde \u00e7al\u0131\u015fanlara e\u011fitim program\u0131 d\u00fczenleyen \u0130tfaiye ekipleri, ger\u00e7ekle\u015ftirdi\u011fi teorik e\u011fitimde personele yang\u0131n \u00e7\u0131k\u0131\u015f nedenleri, ba\u015flang\u0131\u00e7 yang\u0131nlar\u0131na m\u00fcdahalenin nas\u0131l olaca\u011f\u0131, yang\u0131n\u0131n \u00e7\u0131kmamas\u0131 i\u00e7in al\u0131nacak \u00f6nlemler, yang\u0131n sonras\u0131 yap\u0131lmas\u0131 gerekenler ve do\u011fru yang\u0131n ihbar\u0131 konular\u0131nda bilgi verdi.<\/p>\n<p><img loading=\"lazy\" decoding=\"async\" class=\"alignnone wp-image-3060\" src=\"http:\/\/site.zile.bel.tr\/wp-content\/uploads\/2021\/12\/6-300x200.jpg\" alt=\"\" width=\"800\" height=\"533\" srcset=\"http:\/\/site.zile.bel.tr\/wp-content\/uploads\/2021\/12\/6-300x200.jpg 300w, http:\/\/site.zile.bel.tr\/wp-content\/uploads\/2021\/12\/6-1024x682.jpg 1024w, http:\/\/site.zile.bel.tr\/wp-content\/uploads\/2021\/12\/6-768x512.jpg 768w, http:\/\/site.zile.bel.tr\/wp-content\/uploads\/2021\/12\/6-1536x1024.jpg 1536w, http:\/\/site.zile.bel.tr\/wp-content\/uploads\/2021\/12\/6.jpg 1820w\" sizes=\"auto, (max-width: 800px) 100vw, 800px\" \/><br \/>\nEkiplerin, hastane binas\u0131nda ger\u00e7ekle\u015ftirdi\u011fi tatbikatta olu\u015fabilecek herhangi bir acil durumda yang\u0131n s\u00f6nd\u00fcrme, yaral\u0131y\u0131 sedye yard\u0131m\u0131 ile tahliye etme ve mahsur kalanlar\u0131 kurtarma faaliyetleri canland\u0131rd\u0131.<\/p>\n<p><img loading=\"lazy\" decoding=\"async\" class=\"alignnone wp-image-3056\" src=\"http:\/\/site.zile.bel.tr\/wp-content\/uploads\/2021\/12\/2-300x200.jpg\" alt=\"\" width=\"800\" height=\"533\" srcset=\"http:\/\/site.zile.bel.tr\/wp-content\/uploads\/2021\/12\/2-300x200.jpg 300w, http:\/\/site.zile.bel.tr\/wp-content\/uploads\/2021\/12\/2-1024x682.jpg 1024w, http:\/\/site.zile.bel.tr\/wp-content\/uploads\/2021\/12\/2-768x512.jpg 768w, http:\/\/site.zile.bel.tr\/wp-content\/uploads\/2021\/12\/2-1536x1024.jpg 1536w, http:\/\/site.zile.bel.tr\/wp-content\/uploads\/2021\/12\/2.jpg 1820w\" sizes=\"auto, (max-width: 800px) 100vw, 800px\" \/><br \/>\n\u0130tfaiye ekipleri olas\u0131 acil durumlarda farkl\u0131 kurumlarda \u00e7al\u0131\u015fanlar\u0131n bilgilendirilmesi amac\u0131yla teorik ve pratik e\u011fitimlere devam edecek.<\/p>\n","protected":false},"excerpt":{"rendered":"<p>Zile Belediyesi \u0130tfaiye ekipleri, Zile Devlet Hastanesi\u2019nde yang\u0131n ve kurtarma tatbikat\u0131 yapt\u0131. \u0130tfaiye M\u00fcd\u00fcrl\u00fc\u011f\u00fc, acil durum an\u0131nda ve sonras\u0131nda yap\u0131lacaklara y\u00f6nelik teorik ve uygulamal\u0131 e\u011fitimlerine devam ediyor. Zile devlet Hastanesi\u2019nde \u00e7al\u0131\u015fanlara e\u011fitim program\u0131 d\u00fczenleyen \u0130tfaiye ekipleri, ger\u00e7ekle\u015ftirdi\u011fi teorik e\u011fitimde personele yang\u0131n \u00e7\u0131k\u0131\u015f nedenleri, ba\u015flang\u0131\u00e7 yang\u0131nlar\u0131na m\u00fcdahalenin nas\u0131l olaca\u011f\u0131, yang\u0131n\u0131n \u00e7\u0131kmamas\u0131 i\u00e7in al\u0131nacak \u00f6nlemler, yang\u0131n sonras\u0131 [&hellip;]<\/p>\n","protected":false},"author":1,"featured_media":3055,"comment_status":"open","ping_status":"open","sticky":false,"template":"","format":"standard","meta":{"footnotes":""},"categories":[11],"tags":[82,219,217,218,27],"class_list":["post-3054","post","type-post","status-publish","format-standard","has-post-thumbnail","hentry","category-haberler","tag-belediye","tag-hastane","tag-itfaiye","tag-tatbikat","tag-zile"],"_links":{"self":[{"href":"http:\/\/site.zile.bel.tr\/index.php\/wp-json\/wp\/v2\/posts\/3054","targetHints":{"allow":["GET"]}}],"collection":[{"href":"http:\/\/site.zile.bel.tr\/index.php\/wp-json\/wp\/v2\/posts"}],"about":[{"href":"http:\/\/site.zile.bel.tr\/index.php\/wp-json\/wp\/v2\/types\/post"}],"author":[{"embeddable":true,"href":"http:\/\/site.zile.bel.tr\/index.php\/wp-json\/wp\/v2\/users\/1"}],"replies":[{"embeddable":true,"href":"http:\/\/site.zile.bel.tr\/index.php\/wp-json\/wp\/v2\/comments?post=3054"}],"version-history":[{"count":1,"href":"http:\/\/site.zile.bel.tr\/index.php\/wp-json\/wp\/v2\/posts\/3054\/revisions"}],"predecessor-version":[{"id":3061,"href":"http:\/\/site.zile.bel.tr\/index.php\/wp-json\/wp\/v2\/posts\/3054\/revisions\/3061"}],"wp:featuredmedia":[{"embeddable":true,"href":"http:\/\/site.zile.bel.tr\/index.php\/wp-json\/wp\/v2\/media\/3055"}],"wp:attachment":[{"href":"http:\/\/site.zile.bel.tr\/index.php\/wp-json\/wp\/v2\/media?parent=3054"}],"wp:term":[{"taxonomy":"category","embeddable":true,"href":"http:\/\/site.zile.bel.tr\/index.php\/wp-json\/wp\/v2\/categories?post=3054"},{"taxonomy":"post_tag","embeddable":true,"href":"http:\/\/site.zile.bel.tr\/index.php\/wp-json\/wp\/v2\/tags?post=3054"}],"curies":[{"name":"wp","href":"https:\/\/api.w.org\/{rel}","templated":true}]}}