{"id":3062,"date":"2021-12-06T10:48:09","date_gmt":"2021-12-06T07:48:09","guid":{"rendered":"http:\/\/site.zile.bel.tr\/?p=3062"},"modified":"2021-12-06T10:48:14","modified_gmt":"2021-12-06T07:48:14","slug":"basin-bulteni","status":"publish","type":"post","link":"http:\/\/site.zile.bel.tr\/index.php\/2021\/12\/06\/basin-bulteni\/","title":{"rendered":"Bas\u0131n B\u00fclteni"},"content":{"rendered":"<p style=\"text-align: center;\"><img loading=\"lazy\" decoding=\"async\" class=\"alignnone wp-image-3063\" src=\"http:\/\/site.zile.bel.tr\/wp-content\/uploads\/2021\/12\/basin-bulteni-300x169.jpg\" alt=\"\" width=\"800\" height=\"450\" srcset=\"http:\/\/site.zile.bel.tr\/wp-content\/uploads\/2021\/12\/basin-bulteni-300x169.jpg 300w, http:\/\/site.zile.bel.tr\/wp-content\/uploads\/2021\/12\/basin-bulteni-1024x576.jpg 1024w, http:\/\/site.zile.bel.tr\/wp-content\/uploads\/2021\/12\/basin-bulteni-768x432.jpg 768w, http:\/\/site.zile.bel.tr\/wp-content\/uploads\/2021\/12\/basin-bulteni-1536x864.jpg 1536w, http:\/\/site.zile.bel.tr\/wp-content\/uploads\/2021\/12\/basin-bulteni.jpg 1600w\" sizes=\"auto, (max-width: 800px) 100vw, 800px\" \/><\/p>\n<p style=\"text-align: center;\"><strong>BASIN B\u00dcLTEN\u0130<\/strong><\/p>\n<p style=\"text-align: center;\">BELED\u0130YE HABERLER\u0130N\u0130N T\u00dcM BASIN KURULU\u015eLARINA AYNI ANDA VE E\u015e\u0130T \u015eEK\u0130LDE SERV\u0130S ED\u0130LMES\u0130<\/p>\n<p style=\"text-align: center;\">De\u011ferli Bas\u0131n Mensuplar\u0131,<\/p>\n<p style=\"text-align: center;\">Kurumsalla\u015fma \u00e7al\u0131\u015fmalar\u0131n\u0131 tamamlayan Zile Belediyesi\u2019ne ait haberler t\u00fcm bas\u0131n kurulu\u015flar\u0131na, 22.02.2021 tarihli, 2021.02 nolu \u201c<strong>Zile Belediyesi Kurumsal \u0130leti\u015fim Stratejisi \u0130zle\u011fi<\/strong>\u201d \u00e7er\u00e7evesinde ve bu izle\u011fin 8.3, 8.4, 8.5 ve 8,7 maddeleri h\u00fck\u00fcmleri gere\u011fince <strong>ayn\u0131 anda ve e\u015fit \u015fekilde<\/strong> servis edilmesi h\u00fckme ba\u011flanm\u0131\u015ft\u0131r.<\/p>\n<p style=\"text-align: center;\">S\u00f6z konusu izlek \u00e7er\u00e7evesinde t\u00fcm m\u00fcd\u00fcrl\u00fcklerimize ve ba\u011fl\u0131 kurulu\u015flar\u0131m\u0131za ait haberler, bu birimler taraf\u0131ndan belediyemiz Bas\u0131n Yay\u0131n ve Halkla \u0130li\u015fkiler birimine bildirilmektedir.<\/p>\n<p style=\"text-align: center;\">Bu bildirim sonucu Bas\u0131n Yay\u0131n ve Halka \u0130li\u015fkiler Birimi taraf\u0131ndan h\u0131zla ve gecikmeksizin d\u00fczenlenen haber i\u00e7erikleri, haber g\u00f6rselleri ve videolar makam onay\u0131na sunulmakta, en ge\u00e7 2 saat i\u00e7erisinde makamdan al\u0131nan onaydan sonra t\u00fcm medya haber kanallar\u0131na ayn\u0131 anda ve e\u015fit \u015fekilde servis edilmektedir.<\/p>\n<p style=\"text-align: center;\">Belediyemizin ger\u00e7ekle\u015ftirdi\u011fi ve halen izleme \u00e7al\u0131\u015fmalar\u0131n\u0131n s\u00fcrd\u00fcr\u00fcld\u00fc\u011f\u00fc kurumsalla\u015fma \u00e7al\u0131\u015fmalar\u0131 kapsam\u0131nda \u201c<strong>Zile Belediyesi Kurumsal \u0130leti\u015fim Stratejisi \u0130zle\u011fi<\/strong>\u201d h\u00fck\u00fcmlerine ayk\u0131r\u0131 keyfi davran\u0131\u015flara izin verilmeyece\u011fini bilgilerinize sunar, ba\u015far\u0131l\u0131 \u00e7al\u0131\u015fmalar dilerim.<\/p>\n<p style=\"text-align: center;\">\u00a0\u00a0\u00a0\u00a0\u00a0\u00a0\u00a0\u00a0\u00a0\u00a0\u00a0\u00a0\u00a0\u00a0\u00a0\u00a0\u00a0\u00a0\u00a0\u00a0\u00a0\u00a0\u00a0\u00a0\u00a0\u00a0\u00a0\u00a0\u00a0\u00a0\u00a0\u00a0\u00a0\u00a0\u00a0\u00a0\u00a0\u00a0\u00a0\u00a0\u00a0\u00a0\u00a0\u00a0\u00a0\u00a0\u00a0\u00a0\u00a0\u00a0\u00a0\u00a0\u00a0\u00a0\u00a0\u00a0\u00a0\u00a0 \u00a0\u00a0\u00a0\u00a0\u00a0\u00a0\u00a0\u00a0\u00a0\u00a0\u00a0\u00a0\u00a0\u00a0\u00a0\u00a0\u00a0\u00a0\u00a0\u00a0\u00a0\u00a0\u00a0\u00a0\u00a0\u00a0\u00a0\u00a0\u00a0\u00a0\u00a0\u00a0\u00a0\u00a0\u00a0\u00a0\u00a0\u00a0\u00a0\u00a0\u00a0\u00a0\u015e\u00fckr\u00fc SARGIN<\/p>\n<p style=\"text-align: center;\">\u00a0\u00a0\u00a0\u00a0\u00a0\u00a0\u00a0\u00a0\u00a0\u00a0\u00a0\u00a0\u00a0\u00a0\u00a0\u00a0\u00a0\u00a0\u00a0\u00a0\u00a0\u00a0\u00a0\u00a0\u00a0\u00a0\u00a0\u00a0\u00a0\u00a0\u00a0\u00a0\u00a0\u00a0\u00a0\u00a0\u00a0\u00a0\u00a0\u00a0\u00a0\u00a0\u00a0\u00a0\u00a0\u00a0\u00a0\u00a0\u00a0\u00a0\u00a0\u00a0\u00a0\u00a0\u00a0\u00a0\u00a0\u00a0\u00a0\u00a0\u00a0\u00a0\u00a0\u00a0\u00a0\u00a0\u00a0\u00a0\u00a0\u00a0\u00a0\u00a0\u00a0\u00a0\u00a0\u00a0\u00a0\u00a0\u00a0\u00a0\u00a0\u00a0\u00a0\u00a0\u00a0\u00a0\u00a0\u00a0\u00a0\u00a0\u00a0\u00a0\u00a0\u00a0\u00a0 Zile Belediye Ba\u015fkan\u0131<\/p>\n<p style=\"text-align: center;\">\n","protected":false},"excerpt":{"rendered":"<p>BASIN B\u00dcLTEN\u0130 BELED\u0130YE HABERLER\u0130N\u0130N T\u00dcM BASIN KURULU\u015eLARINA AYNI ANDA VE E\u015e\u0130T \u015eEK\u0130LDE SERV\u0130S ED\u0130LMES\u0130 De\u011ferli Bas\u0131n Mensuplar\u0131, Kurumsalla\u015fma \u00e7al\u0131\u015fmalar\u0131n\u0131 tamamlayan Zile Belediyesi\u2019ne ait haberler t\u00fcm bas\u0131n kurulu\u015flar\u0131na, 22.02.2021 tarihli, 2021.02 nolu \u201cZile Belediyesi Kurumsal \u0130leti\u015fim Stratejisi \u0130zle\u011fi\u201d \u00e7er\u00e7evesinde ve bu izle\u011fin 8.3, 8.4, 8.5 ve 8,7 maddeleri h\u00fck\u00fcmleri gere\u011fince ayn\u0131 anda ve e\u015fit \u015fekilde servis [&hellip;]<\/p>\n","protected":false},"author":1,"featured_media":3063,"comment_status":"open","ping_status":"open","sticky":false,"template":"","format":"standard","meta":{"footnotes":""},"categories":[11],"tags":[],"class_list":["post-3062","post","type-post","status-publish","format-standard","has-post-thumbnail","hentry","category-haberler"],"_links":{"self":[{"href":"http:\/\/site.zile.bel.tr\/index.php\/wp-json\/wp\/v2\/posts\/3062","targetHints":{"allow":["GET"]}}],"collection":[{"href":"http:\/\/site.zile.bel.tr\/index.php\/wp-json\/wp\/v2\/posts"}],"about":[{"href":"http:\/\/site.zile.bel.tr\/index.php\/wp-json\/wp\/v2\/types\/post"}],"author":[{"embeddable":true,"href":"http:\/\/site.zile.bel.tr\/index.php\/wp-json\/wp\/v2\/users\/1"}],"replies":[{"embeddable":true,"href":"http:\/\/site.zile.bel.tr\/index.php\/wp-json\/wp\/v2\/comments?post=3062"}],"version-history":[{"count":2,"href":"http:\/\/site.zile.bel.tr\/index.php\/wp-json\/wp\/v2\/posts\/3062\/revisions"}],"predecessor-version":[{"id":3065,"href":"http:\/\/site.zile.bel.tr\/index.php\/wp-json\/wp\/v2\/posts\/3062\/revisions\/3065"}],"wp:featuredmedia":[{"embeddable":true,"href":"http:\/\/site.zile.bel.tr\/index.php\/wp-json\/wp\/v2\/media\/3063"}],"wp:attachment":[{"href":"http:\/\/site.zile.bel.tr\/index.php\/wp-json\/wp\/v2\/media?parent=3062"}],"wp:term":[{"taxonomy":"category","embeddable":true,"href":"http:\/\/site.zile.bel.tr\/index.php\/wp-json\/wp\/v2\/categories?post=3062"},{"taxonomy":"post_tag","embeddable":true,"href":"http:\/\/site.zile.bel.tr\/index.php\/wp-json\/wp\/v2\/tags?post=3062"}],"curies":[{"name":"wp","href":"https:\/\/api.w.org\/{rel}","templated":true}]}}