{"id":3081,"date":"2021-12-21T14:12:16","date_gmt":"2021-12-21T11:12:16","guid":{"rendered":"http:\/\/site.zile.bel.tr\/?p=3081"},"modified":"2021-12-21T14:12:16","modified_gmt":"2021-12-21T11:12:16","slug":"zilede-etiket-ve-fiyat-kontrolu-araliksiz-yapiliyor","status":"publish","type":"post","link":"http:\/\/site.zile.bel.tr\/index.php\/2021\/12\/21\/zilede-etiket-ve-fiyat-kontrolu-araliksiz-yapiliyor\/","title":{"rendered":"Zile\u2019de etiket ve fiyat kontrol\u00fc aral\u0131ks\u0131z yap\u0131l\u0131yor"},"content":{"rendered":"<div dir=\"auto\">Zile Belediyesi Zab\u0131ta M\u00fcd\u00fcrl\u00fc\u011f\u00fc ekipleri, kent merkezinde faaliyet g\u00f6steren marketlerde denetim ger\u00e7ekle\u015ftirdi.<\/div>\n<div dir=\"auto\"><img loading=\"lazy\" decoding=\"async\" class=\"alignnone wp-image-3083\" src=\"http:\/\/site.zile.bel.tr\/wp-content\/uploads\/2021\/12\/3-2-300x200.jpg\" alt=\"\" width=\"800\" height=\"534\" srcset=\"http:\/\/site.zile.bel.tr\/wp-content\/uploads\/2021\/12\/3-2-300x200.jpg 300w, http:\/\/site.zile.bel.tr\/wp-content\/uploads\/2021\/12\/3-2-768x512.jpg 768w, http:\/\/site.zile.bel.tr\/wp-content\/uploads\/2021\/12\/3-2.jpg 1024w\" sizes=\"auto, (max-width: 800px) 100vw, 800px\" \/><\/div>\n<div dir=\"auto\">Belediyeden yap\u0131lan a\u00e7\u0131klamada, halk\u0131n sa\u011fl\u0131\u011f\u0131n\u0131 ve t\u00fcketicinin haklar\u0131n\u0131n korunmas\u0131 i\u00e7in zab\u0131ta ekiplerinin denetimlerini aral\u0131ks\u0131z s\u00fcrd\u00fcrd\u00fc\u011f\u00fc belirtildi.<\/div>\n<div dir=\"auto\"><img loading=\"lazy\" decoding=\"async\" class=\"alignnone wp-image-3084\" src=\"http:\/\/site.zile.bel.tr\/wp-content\/uploads\/2021\/12\/4-2-300x200.jpg\" alt=\"\" width=\"800\" height=\"534\" srcset=\"http:\/\/site.zile.bel.tr\/wp-content\/uploads\/2021\/12\/4-2-300x200.jpg 300w, http:\/\/site.zile.bel.tr\/wp-content\/uploads\/2021\/12\/4-2-768x512.jpg 768w, http:\/\/site.zile.bel.tr\/wp-content\/uploads\/2021\/12\/4-2.jpg 1024w\" sizes=\"auto, (max-width: 800px) 100vw, 800px\" \/><\/div>\n<div dir=\"auto\">Ekipler, kent merkezinde faaliyet g\u00f6steren t\u00fcm marketlerde \u00fcr\u00fcn fiyat ve etiket kontrol\u00fc ger\u00e7ekle\u015ftirildi. Ayn\u0131 zamanda g\u0131da, gramaj, t\u00fcketim tarihi ve hijyen denetimleri de yap\u0131ld\u0131.<\/div>\n<div dir=\"auto\"><img loading=\"lazy\" decoding=\"async\" class=\"alignnone wp-image-3082\" src=\"http:\/\/site.zile.bel.tr\/wp-content\/uploads\/2021\/12\/2-2-300x200.jpg\" alt=\"\" width=\"800\" height=\"534\" srcset=\"http:\/\/site.zile.bel.tr\/wp-content\/uploads\/2021\/12\/2-2-300x200.jpg 300w, http:\/\/site.zile.bel.tr\/wp-content\/uploads\/2021\/12\/2-2-768x512.jpg 768w, http:\/\/site.zile.bel.tr\/wp-content\/uploads\/2021\/12\/2-2.jpg 1024w\" sizes=\"auto, (max-width: 800px) 100vw, 800px\" \/><\/div>\n<div dir=\"auto\"><img loading=\"lazy\" decoding=\"async\" class=\"alignnone wp-image-3085\" src=\"http:\/\/site.zile.bel.tr\/wp-content\/uploads\/2021\/12\/1-2-300x200.jpg\" alt=\"\" width=\"800\" height=\"534\" srcset=\"http:\/\/site.zile.bel.tr\/wp-content\/uploads\/2021\/12\/1-2-300x200.jpg 300w, http:\/\/site.zile.bel.tr\/wp-content\/uploads\/2021\/12\/1-2-768x512.jpg 768w, http:\/\/site.zile.bel.tr\/wp-content\/uploads\/2021\/12\/1-2.jpg 1024w\" sizes=\"auto, (max-width: 800px) 100vw, 800px\" \/><\/div>\n<div dir=\"auto\"><img loading=\"lazy\" decoding=\"async\" class=\"alignnone wp-image-3086\" src=\"http:\/\/site.zile.bel.tr\/wp-content\/uploads\/2021\/12\/6-1-300x200.jpg\" alt=\"\" width=\"800\" height=\"534\" srcset=\"http:\/\/site.zile.bel.tr\/wp-content\/uploads\/2021\/12\/6-1-300x200.jpg 300w, http:\/\/site.zile.bel.tr\/wp-content\/uploads\/2021\/12\/6-1-768x512.jpg 768w, http:\/\/site.zile.bel.tr\/wp-content\/uploads\/2021\/12\/6-1.jpg 1024w\" sizes=\"auto, (max-width: 800px) 100vw, 800px\" \/><\/div>\n","protected":false},"excerpt":{"rendered":"<p>Zile Belediyesi Zab\u0131ta M\u00fcd\u00fcrl\u00fc\u011f\u00fc ekipleri, kent merkezinde faaliyet g\u00f6steren marketlerde denetim ger\u00e7ekle\u015ftirdi. Belediyeden yap\u0131lan a\u00e7\u0131klamada, halk\u0131n sa\u011fl\u0131\u011f\u0131n\u0131 ve t\u00fcketicinin haklar\u0131n\u0131n korunmas\u0131 i\u00e7in zab\u0131ta ekiplerinin denetimlerini aral\u0131ks\u0131z s\u00fcrd\u00fcrd\u00fc\u011f\u00fc belirtildi. Ekipler, kent merkezinde faaliyet g\u00f6steren t\u00fcm marketlerde \u00fcr\u00fcn fiyat ve etiket kontrol\u00fc ger\u00e7ekle\u015ftirildi. Ayn\u0131 zamanda g\u0131da, gramaj, t\u00fcketim tarihi ve hijyen denetimleri de yap\u0131ld\u0131.<\/p>\n","protected":false},"author":1,"featured_media":3084,"comment_status":"open","ping_status":"open","sticky":false,"template":"","format":"standard","meta":{"footnotes":""},"categories":[11],"tags":[],"class_list":["post-3081","post","type-post","status-publish","format-standard","has-post-thumbnail","hentry","category-haberler"],"_links":{"self":[{"href":"http:\/\/site.zile.bel.tr\/index.php\/wp-json\/wp\/v2\/posts\/3081","targetHints":{"allow":["GET"]}}],"collection":[{"href":"http:\/\/site.zile.bel.tr\/index.php\/wp-json\/wp\/v2\/posts"}],"about":[{"href":"http:\/\/site.zile.bel.tr\/index.php\/wp-json\/wp\/v2\/types\/post"}],"author":[{"embeddable":true,"href":"http:\/\/site.zile.bel.tr\/index.php\/wp-json\/wp\/v2\/users\/1"}],"replies":[{"embeddable":true,"href":"http:\/\/site.zile.bel.tr\/index.php\/wp-json\/wp\/v2\/comments?post=3081"}],"version-history":[{"count":1,"href":"http:\/\/site.zile.bel.tr\/index.php\/wp-json\/wp\/v2\/posts\/3081\/revisions"}],"predecessor-version":[{"id":3087,"href":"http:\/\/site.zile.bel.tr\/index.php\/wp-json\/wp\/v2\/posts\/3081\/revisions\/3087"}],"wp:featuredmedia":[{"embeddable":true,"href":"http:\/\/site.zile.bel.tr\/index.php\/wp-json\/wp\/v2\/media\/3084"}],"wp:attachment":[{"href":"http:\/\/site.zile.bel.tr\/index.php\/wp-json\/wp\/v2\/media?parent=3081"}],"wp:term":[{"taxonomy":"category","embeddable":true,"href":"http:\/\/site.zile.bel.tr\/index.php\/wp-json\/wp\/v2\/categories?post=3081"},{"taxonomy":"post_tag","embeddable":true,"href":"http:\/\/site.zile.bel.tr\/index.php\/wp-json\/wp\/v2\/tags?post=3081"}],"curies":[{"name":"wp","href":"https:\/\/api.w.org\/{rel}","templated":true}]}}