{"id":3109,"date":"2022-01-07T17:08:05","date_gmt":"2022-01-07T14:08:05","guid":{"rendered":"http:\/\/site.zile.bel.tr\/?p=3109"},"modified":"2022-01-07T17:08:05","modified_gmt":"2022-01-07T14:08:05","slug":"cop-ve-geri-donusum-anketi","status":"publish","type":"post","link":"http:\/\/site.zile.bel.tr\/index.php\/2022\/01\/07\/cop-ve-geri-donusum-anketi\/","title":{"rendered":"\u00c7\u00f6p ve Geri D\u00f6n\u00fc\u015f\u00fcm Anketi"},"content":{"rendered":"<p>Zile Belediyesi S\u0131f\u0131r At\u0131k Projesi Kapsam\u0131nda pilot mahalle olarak Yunus Emre Mahallesi&#8217;nde \u00e7\u00f6p ve geri d\u00f6n\u00fc\u015f\u00fcm anketi d\u00fczenliyor.<\/p>\n<p><img loading=\"lazy\" decoding=\"async\" class=\"alignnone wp-image-3110\" src=\"http:\/\/site.zile.bel.tr\/wp-content\/uploads\/2022\/01\/b3bb75f3-a877-4832-ad8c-d43bbf8bdc17-300x200.jpg\" alt=\"\" width=\"800\" height=\"533\" srcset=\"http:\/\/site.zile.bel.tr\/wp-content\/uploads\/2022\/01\/b3bb75f3-a877-4832-ad8c-d43bbf8bdc17-300x200.jpg 300w, http:\/\/site.zile.bel.tr\/wp-content\/uploads\/2022\/01\/b3bb75f3-a877-4832-ad8c-d43bbf8bdc17-1024x682.jpg 1024w, http:\/\/site.zile.bel.tr\/wp-content\/uploads\/2022\/01\/b3bb75f3-a877-4832-ad8c-d43bbf8bdc17-768x512.jpg 768w, http:\/\/site.zile.bel.tr\/wp-content\/uploads\/2022\/01\/b3bb75f3-a877-4832-ad8c-d43bbf8bdc17-1536x1023.jpg 1536w, http:\/\/site.zile.bel.tr\/wp-content\/uploads\/2022\/01\/b3bb75f3-a877-4832-ad8c-d43bbf8bdc17.jpg 1600w\" sizes=\"auto, (max-width: 800px) 100vw, 800px\" \/><\/p>\n<p><img loading=\"lazy\" decoding=\"async\" class=\"alignnone wp-image-3111\" src=\"http:\/\/site.zile.bel.tr\/wp-content\/uploads\/2022\/01\/2-1-300x200.jpg\" alt=\"\" width=\"800\" height=\"533\" srcset=\"http:\/\/site.zile.bel.tr\/wp-content\/uploads\/2022\/01\/2-1-300x200.jpg 300w, http:\/\/site.zile.bel.tr\/wp-content\/uploads\/2022\/01\/2-1-1024x682.jpg 1024w, http:\/\/site.zile.bel.tr\/wp-content\/uploads\/2022\/01\/2-1-768x512.jpg 768w, http:\/\/site.zile.bel.tr\/wp-content\/uploads\/2022\/01\/2-1-1536x1023.jpg 1536w, http:\/\/site.zile.bel.tr\/wp-content\/uploads\/2022\/01\/2-1.jpg 1600w\" sizes=\"auto, (max-width: 800px) 100vw, 800px\" \/><\/p>\n","protected":false},"excerpt":{"rendered":"<p>Zile Belediyesi S\u0131f\u0131r At\u0131k Projesi Kapsam\u0131nda pilot mahalle olarak Yunus Emre Mahallesi&#8217;nde \u00e7\u00f6p ve geri d\u00f6n\u00fc\u015f\u00fcm anketi d\u00fczenliyor.<\/p>\n","protected":false},"author":1,"featured_media":3110,"comment_status":"open","ping_status":"open","sticky":false,"template":"","format":"standard","meta":{"footnotes":""},"categories":[11],"tags":[],"class_list":["post-3109","post","type-post","status-publish","format-standard","has-post-thumbnail","hentry","category-haberler"],"_links":{"self":[{"href":"http:\/\/site.zile.bel.tr\/index.php\/wp-json\/wp\/v2\/posts\/3109","targetHints":{"allow":["GET"]}}],"collection":[{"href":"http:\/\/site.zile.bel.tr\/index.php\/wp-json\/wp\/v2\/posts"}],"about":[{"href":"http:\/\/site.zile.bel.tr\/index.php\/wp-json\/wp\/v2\/types\/post"}],"author":[{"embeddable":true,"href":"http:\/\/site.zile.bel.tr\/index.php\/wp-json\/wp\/v2\/users\/1"}],"replies":[{"embeddable":true,"href":"http:\/\/site.zile.bel.tr\/index.php\/wp-json\/wp\/v2\/comments?post=3109"}],"version-history":[{"count":1,"href":"http:\/\/site.zile.bel.tr\/index.php\/wp-json\/wp\/v2\/posts\/3109\/revisions"}],"predecessor-version":[{"id":3112,"href":"http:\/\/site.zile.bel.tr\/index.php\/wp-json\/wp\/v2\/posts\/3109\/revisions\/3112"}],"wp:featuredmedia":[{"embeddable":true,"href":"http:\/\/site.zile.bel.tr\/index.php\/wp-json\/wp\/v2\/media\/3110"}],"wp:attachment":[{"href":"http:\/\/site.zile.bel.tr\/index.php\/wp-json\/wp\/v2\/media?parent=3109"}],"wp:term":[{"taxonomy":"category","embeddable":true,"href":"http:\/\/site.zile.bel.tr\/index.php\/wp-json\/wp\/v2\/categories?post=3109"},{"taxonomy":"post_tag","embeddable":true,"href":"http:\/\/site.zile.bel.tr\/index.php\/wp-json\/wp\/v2\/tags?post=3109"}],"curies":[{"name":"wp","href":"https:\/\/api.w.org\/{rel}","templated":true}]}}