{"id":3166,"date":"2022-01-28T18:00:36","date_gmt":"2022-01-28T15:00:36","guid":{"rendered":"https:\/\/site.zile.bel.tr\/?p=3166"},"modified":"2022-01-28T18:00:36","modified_gmt":"2022-01-28T15:00:36","slug":"kamuoyunun-dikkatine","status":"publish","type":"post","link":"http:\/\/site.zile.bel.tr\/index.php\/2022\/01\/28\/kamuoyunun-dikkatine\/","title":{"rendered":"KAMUOYUNUN D\u0130KKAT\u0130NE"},"content":{"rendered":"<h1>KAMUOYUNUN D\u0130KKAT\u0130NE<\/h1>\n<p>&nbsp;<\/p>\n<p>De\u011ferli Hem\u015fehrilerimiz,<\/p>\n<p>Y\u00f6netimimizin iradesi d\u0131\u015f\u0131nda geli\u015fen nedenlerle son bir haftad\u0131r il\u00e7emizde ciddi su kesintileri meydana gelmi\u015ftir.<\/p>\n<p>&nbsp;<\/p>\n<p>Kesinti sebebiyle su s\u0131k\u0131nt\u0131s\u0131 \u00e7eken mahallelerin ma\u011fduriyetini gidermek i\u00e7in gece g\u00fcnd\u00fcz demeden yo\u011fun bir \u015fekilde \u00e7al\u0131\u015fmaktay\u0131z.<\/p>\n<p>&nbsp;<\/p>\n<p>T\u00fcm hem\u015ferilerimizce bilindi\u011fi gibi Zile&#8217;nin su problemi \u00e7ok uzun y\u0131llara dayanmaktad\u0131r.<\/p>\n<p>&nbsp;<\/p>\n<p>Ge\u00e7ti\u011fimiz yaz mevsiminde y\u00f6netim olarak gerekli planlamalar\u0131 yapmam\u0131za ve \u00f6nlemleri almam\u0131za; yeni sondaj kuyular\u0131 a\u00e7mam\u0131za ra\u011fmen, ani ve bizim kontrol\u00fcm\u00fcz d\u0131\u015f\u0131nda geli\u015fen baz\u0131 teknik sorunlardan dolay\u0131 tekrar su s\u0131k\u0131nt\u0131s\u0131 ya\u015fanmaya ba\u015flanm\u0131\u015ft\u0131r.<\/p>\n<p>&nbsp;<\/p>\n<p>En verimli su kuyular\u0131m\u0131zdan biri aniden \u00e7\u00f6km\u00fc\u015ft\u00fcr. Bu kuyumuzdaki sondaj motorumuz dahi kurtar\u0131lamam\u0131\u015ft\u0131r. Bunun \u00fczerine hemen o kuyunun biti\u015fi\u011fine yeni bir sondaj vurulmas\u0131 \u00e7al\u0131\u015fmas\u0131na ba\u015flan\u0131lm\u0131\u015ft\u0131r. Bu kuyumuzun faaliyete ge\u00e7mesi yakla\u015f\u0131k bir hafta s\u00fcrebilir.<\/p>\n<p>&nbsp;<\/p>\n<p>27.01.2022 tarihinde Hayvan Pazar\u0131 mevkiindeki yakla\u015f\u0131k yirmi y\u0131ld\u0131r su veren di\u011fer bir kuyumuzda da aniden su ak\u0131\u015f\u0131 kesilmi\u015f ve su vermemeye ba\u015flam\u0131\u015ft\u0131r. Sondaj motorunu \u00e7\u0131kard\u0131\u011f\u0131m\u0131zda s\u00f6z konusu kuyudaki suyun bir tak\u0131m yeralt\u0131 hareketlerinden; deprem ve yer sars\u0131nt\u0131s\u0131 sonucu ortaya \u00e7\u0131kan sismik dalgalanmalar sonucu kayboldu\u011fu g\u00f6r\u00fclm\u00fc\u015ft\u00fcr.<\/p>\n<p>&nbsp;<\/p>\n<p>Bu iki kuyumuzun devre d\u0131\u015f\u0131 kalmas\u0131 il\u00e7edeki su problemini maksimum seviyeye \u00e7\u0131kartm\u0131\u015ft\u0131r.<\/p>\n<p>&nbsp;<\/p>\n<p>Yapaca\u011f\u0131m\u0131z yeni sondajlarla, \u015febekeye yeni kaynaklar ilave ederek bu sorunu en k\u0131sa zamanda \u00e7\u00f6zmek i\u00e7in yo\u011fun bir \u015fekilde \u00e7al\u0131\u015fmaktay\u0131z.<\/p>\n<p>&nbsp;<\/p>\n<p>\u00dclkemizin bir\u00e7ok il ve il\u00e7esinde oldu\u011fu gibi Zile\u2019mizde de ya\u015fanan su s\u0131k\u0131nt\u0131s\u0131 sorununu \u00e7\u00f6z\u00fcme kavu\u015fturmak i\u00e7in y\u00f6netim olarak k\u0131sa, orta ve uzun vadeli planlamalar yap\u0131ld\u0131\u011f\u0131n\u0131 belirtmek isteriz.<\/p>\n<p>&nbsp;<\/p>\n<p>K\u0131sa vadeli \u00e7al\u0131\u015fmalar\u0131m\u0131z mevcut kuyulardaki sorunlar\u0131 gidermeye \u00e7al\u0131\u015f\u0131rken yeni sondaj \u00e7al\u0131\u015fmalar\u0131 yapmak ve yeni su kaynaklar\u0131 bulmakt\u0131r.<\/p>\n<p>&nbsp;<\/p>\n<p>Orta vadedeki planlamalar\u0131m\u0131z ise ya\u015fanan kay\u0131p ve ka\u00e7aklar\u0131 ortadan kald\u0131rmaya y\u00f6neliktir.<\/p>\n<p>&nbsp;<\/p>\n<p>Ya\u015fanan su kesintilerinin uzun vadede kesin ve kal\u0131c\u0131 \u00e7\u00f6z\u00fcm\u00fc ise DS\u0130 taraf\u0131ndan 2015 y\u0131l\u0131nda yap\u0131m\u0131na ba\u015flanan ve bir tak\u0131m sebeplerden dolay\u0131 yar\u0131m kalan Derebo\u011faz\u0131 \u0130\u00e7me Suyu Baraj\u0131&#8217;n\u0131n faaliyete ge\u00e7irilmesiyle m\u00fcmk\u00fcn olacakt\u0131r.<\/p>\n<p>&nbsp;<\/p>\n<p>Zile\u2019nin ya\u015fad\u0131\u011f\u0131 su probleminin k\u00f6kten \u00e7\u00f6z\u00fcm\u00fc i\u00e7in yerelde mikro \u00e7al\u0131\u015fmalar\u0131m\u0131z ve kamuda ise makro d\u00fczeydeki giri\u015fimlerimiz s\u00fcrecektir.<\/p>\n<p>&nbsp;<\/p>\n<p>Su s\u0131k\u0131nt\u0131s\u0131 nedeniyle hem\u015ferilerimizin ya\u015fad\u0131\u011f\u0131 s\u0131k\u0131nt\u0131lardan dolay\u0131 \u00fczg\u00fcn oldu\u011fumuzu belirtir, su s\u0131k\u0131nt\u0131s\u0131yla ya\u015fad\u0131klar\u0131 ma\u011fduriyetlerin giderilmesi i\u00e7in gece g\u00fcnd\u00fcz \u00e7al\u0131\u015ft\u0131\u011f\u0131m\u0131z\u0131 bilgilerinize sunar\u0131z.<\/p>\n<p>&nbsp;<\/p>\n<p>Sayg\u0131lar\u0131mla.<\/p>\n<p>&nbsp;<\/p>\n<p>&nbsp;<\/p>\n<p>\u015e\u00fckr\u00fc SARGIN<\/p>\n<p>Belediye Ba\u015fkan\u0131<\/p>\n","protected":false},"excerpt":{"rendered":"<p>KAMUOYUNUN D\u0130KKAT\u0130NE &nbsp; De\u011ferli Hem\u015fehrilerimiz, Y\u00f6netimimizin iradesi d\u0131\u015f\u0131nda geli\u015fen nedenlerle son bir haftad\u0131r il\u00e7emizde ciddi su kesintileri meydana gelmi\u015ftir. &nbsp; Kesinti sebebiyle su s\u0131k\u0131nt\u0131s\u0131 \u00e7eken mahallelerin ma\u011fduriyetini gidermek i\u00e7in gece g\u00fcnd\u00fcz demeden yo\u011fun bir \u015fekilde \u00e7al\u0131\u015fmaktay\u0131z. &nbsp; T\u00fcm hem\u015ferilerimizce bilindi\u011fi gibi Zile&#8217;nin su problemi \u00e7ok uzun y\u0131llara dayanmaktad\u0131r. &nbsp; Ge\u00e7ti\u011fimiz yaz mevsiminde y\u00f6netim olarak gerekli [&hellip;]<\/p>\n","protected":false},"author":1,"featured_media":3167,"comment_status":"open","ping_status":"open","sticky":false,"template":"","format":"standard","meta":{"footnotes":""},"categories":[11],"tags":[],"class_list":["post-3166","post","type-post","status-publish","format-standard","has-post-thumbnail","hentry","category-haberler"],"_links":{"self":[{"href":"http:\/\/site.zile.bel.tr\/index.php\/wp-json\/wp\/v2\/posts\/3166","targetHints":{"allow":["GET"]}}],"collection":[{"href":"http:\/\/site.zile.bel.tr\/index.php\/wp-json\/wp\/v2\/posts"}],"about":[{"href":"http:\/\/site.zile.bel.tr\/index.php\/wp-json\/wp\/v2\/types\/post"}],"author":[{"embeddable":true,"href":"http:\/\/site.zile.bel.tr\/index.php\/wp-json\/wp\/v2\/users\/1"}],"replies":[{"embeddable":true,"href":"http:\/\/site.zile.bel.tr\/index.php\/wp-json\/wp\/v2\/comments?post=3166"}],"version-history":[{"count":1,"href":"http:\/\/site.zile.bel.tr\/index.php\/wp-json\/wp\/v2\/posts\/3166\/revisions"}],"predecessor-version":[{"id":3168,"href":"http:\/\/site.zile.bel.tr\/index.php\/wp-json\/wp\/v2\/posts\/3166\/revisions\/3168"}],"wp:featuredmedia":[{"embeddable":true,"href":"http:\/\/site.zile.bel.tr\/index.php\/wp-json\/wp\/v2\/media\/3167"}],"wp:attachment":[{"href":"http:\/\/site.zile.bel.tr\/index.php\/wp-json\/wp\/v2\/media?parent=3166"}],"wp:term":[{"taxonomy":"category","embeddable":true,"href":"http:\/\/site.zile.bel.tr\/index.php\/wp-json\/wp\/v2\/categories?post=3166"},{"taxonomy":"post_tag","embeddable":true,"href":"http:\/\/site.zile.bel.tr\/index.php\/wp-json\/wp\/v2\/tags?post=3166"}],"curies":[{"name":"wp","href":"https:\/\/api.w.org\/{rel}","templated":true}]}}