{"id":3207,"date":"2022-02-25T13:21:35","date_gmt":"2022-02-25T10:21:35","guid":{"rendered":"http:\/\/site.zile.bel.tr\/?p=3207"},"modified":"2022-03-23T13:25:36","modified_gmt":"2022-03-23T10:25:36","slug":"zile-belediyesinden-gercegi-aratmayan-tatbikat","status":"publish","type":"post","link":"http:\/\/site.zile.bel.tr\/index.php\/2022\/02\/25\/zile-belediyesinden-gercegi-aratmayan-tatbikat\/","title":{"rendered":"Zile Belediyesi\u2019nden Ger\u00e7e\u011fi Aratmayan Tatbikat"},"content":{"rendered":"<p>Zile Belediyesi \u0130tfaiye M\u00fcd\u00fcrl\u00fc\u011f\u00fc Ekipleri taraf\u0131ndan, belediye binas\u0131 \u00f6n\u00fcnde yang\u0131n ve acil m\u00fcdahaleler konusunda e\u011fitim verilerek tatbikat ger\u00e7ekle\u015ftirildi.<\/p>\n<p>E\u011fitimde yang\u0131n ve kaza halinde ilk yap\u0131lmas\u0131 gerekenler, hangi yang\u0131na hangi ara\u00e7 ve gere\u00e7lerle m\u00fcdahale edilmesi gerekti\u011fi uygulamal\u0131 olarak anlat\u0131ld\u0131.<\/p>\n<p>E\u011fitimden sonra d\u00fczenlenen yang\u0131n tatbikat\u0131nda, temsilen binada mahsur kalan bir ki\u015fi itfaiye arac\u0131 ile kurtar\u0131ld\u0131. Kat\u0131l\u0131mc\u0131lara bina \u00f6n\u00fcnde yang\u0131n s\u00f6nd\u00fcrme konusunda uygulamal\u0131 e\u011fitim verildi.<\/p>\n<p><img loading=\"lazy\" decoding=\"async\" class=\"alignnone wp-image-3208\" src=\"http:\/\/site.zile.bel.tr\/wp-content\/uploads\/2022\/03\/274805041_510263507133316_2357362129614182690_n.jpg\" alt=\"\" width=\"800\" height=\"533\" srcset=\"http:\/\/site.zile.bel.tr\/wp-content\/uploads\/2022\/03\/274805041_510263507133316_2357362129614182690_n.jpg 1024w, http:\/\/site.zile.bel.tr\/wp-content\/uploads\/2022\/03\/274805041_510263507133316_2357362129614182690_n-300x200.jpg 300w, http:\/\/site.zile.bel.tr\/wp-content\/uploads\/2022\/03\/274805041_510263507133316_2357362129614182690_n-768x512.jpg 768w\" sizes=\"auto, (max-width: 800px) 100vw, 800px\" \/><\/p>\n\n\t\t<style type=\"text\/css\">\n\t\t\t#gallery-1 {\n\t\t\t\tmargin: auto;\n\t\t\t}\n\t\t\t#gallery-1 .gallery-item {\n\t\t\t\tfloat: left;\n\t\t\t\tmargin-top: 10px;\n\t\t\t\ttext-align: center;\n\t\t\t\twidth: 33%;\n\t\t\t}\n\t\t\t#gallery-1 img {\n\t\t\t\tborder: 2px solid #cfcfcf;\n\t\t\t}\n\t\t\t#gallery-1 .gallery-caption {\n\t\t\t\tmargin-left: 0;\n\t\t\t}\n\t\t\t\/* see gallery_shortcode() in wp-includes\/media.php *\/\n\t\t<\/style>\n\t\t<div id='gallery-1' class='gallery galleryid-3207 gallery-columns-3 gallery-size-thumbnail'><dl class='gallery-item'>\n\t\t\t<dt class='gallery-icon landscape'>\n\t\t\t\t<a href='http:\/\/site.zile.bel.tr\/wp-content\/uploads\/2022\/03\/274593644_510263510466649_5818521496813496720_n.jpg'><img loading=\"lazy\" decoding=\"async\" width=\"150\" height=\"150\" src=\"http:\/\/site.zile.bel.tr\/wp-content\/uploads\/2022\/03\/274593644_510263510466649_5818521496813496720_n-150x150.jpg\" class=\"attachment-thumbnail size-thumbnail\" alt=\"\" \/><\/a>\n\t\t\t<\/dt><\/dl><dl class='gallery-item'>\n\t\t\t<dt class='gallery-icon landscape'>\n\t\t\t\t<a href='http:\/\/site.zile.bel.tr\/wp-content\/uploads\/2022\/03\/274623554_510263477133319_8015288755879392087_n.jpg'><img loading=\"lazy\" decoding=\"async\" width=\"150\" height=\"150\" src=\"http:\/\/site.zile.bel.tr\/wp-content\/uploads\/2022\/03\/274623554_510263477133319_8015288755879392087_n-150x150.jpg\" class=\"attachment-thumbnail size-thumbnail\" alt=\"\" \/><\/a>\n\t\t\t<\/dt><\/dl><dl class='gallery-item'>\n\t\t\t<dt class='gallery-icon landscape'>\n\t\t\t\t<a href='http:\/\/site.zile.bel.tr\/wp-content\/uploads\/2022\/03\/274649672_510263537133313_8126536505434403707_n.jpg'><img loading=\"lazy\" decoding=\"async\" width=\"150\" height=\"150\" src=\"http:\/\/site.zile.bel.tr\/wp-content\/uploads\/2022\/03\/274649672_510263537133313_8126536505434403707_n-150x150.jpg\" class=\"attachment-thumbnail size-thumbnail\" alt=\"\" \/><\/a>\n\t\t\t<\/dt><\/dl><br style=\"clear: both\" \/><dl class='gallery-item'>\n\t\t\t<dt class='gallery-icon landscape'>\n\t\t\t\t<a href='http:\/\/site.zile.bel.tr\/wp-content\/uploads\/2022\/03\/274658466_510263490466651_5274921105231301598_n.jpg'><img loading=\"lazy\" decoding=\"async\" width=\"150\" height=\"150\" src=\"http:\/\/site.zile.bel.tr\/wp-content\/uploads\/2022\/03\/274658466_510263490466651_5274921105231301598_n-150x150.jpg\" class=\"attachment-thumbnail size-thumbnail\" alt=\"\" \/><\/a>\n\t\t\t<\/dt><\/dl><dl class='gallery-item'>\n\t\t\t<dt class='gallery-icon landscape'>\n\t\t\t\t<a href='http:\/\/site.zile.bel.tr\/wp-content\/uploads\/2022\/03\/274676512_510263617133305_1142762942415922846_n.jpg'><img loading=\"lazy\" decoding=\"async\" width=\"150\" height=\"150\" src=\"http:\/\/site.zile.bel.tr\/wp-content\/uploads\/2022\/03\/274676512_510263617133305_1142762942415922846_n-150x150.jpg\" class=\"attachment-thumbnail size-thumbnail\" alt=\"\" \/><\/a>\n\t\t\t<\/dt><\/dl><dl class='gallery-item'>\n\t\t\t<dt class='gallery-icon landscape'>\n\t\t\t\t<a href='http:\/\/site.zile.bel.tr\/wp-content\/uploads\/2022\/03\/274729166_510263447133322_2052051956852159663_n.jpg'><img loading=\"lazy\" decoding=\"async\" width=\"150\" height=\"150\" src=\"http:\/\/site.zile.bel.tr\/wp-content\/uploads\/2022\/03\/274729166_510263447133322_2052051956852159663_n-150x150.jpg\" class=\"attachment-thumbnail size-thumbnail\" alt=\"\" \/><\/a>\n\t\t\t<\/dt><\/dl><br style=\"clear: both\" \/><dl class='gallery-item'>\n\t\t\t<dt class='gallery-icon landscape'>\n\t\t\t\t<a href='http:\/\/site.zile.bel.tr\/wp-content\/uploads\/2022\/03\/274805041_510263507133316_2357362129614182690_n-1.jpg'><img loading=\"lazy\" decoding=\"async\" width=\"150\" height=\"150\" src=\"http:\/\/site.zile.bel.tr\/wp-content\/uploads\/2022\/03\/274805041_510263507133316_2357362129614182690_n-1-150x150.jpg\" class=\"attachment-thumbnail size-thumbnail\" alt=\"\" \/><\/a>\n\t\t\t<\/dt><\/dl>\n\t\t\t<br style='clear: both' \/>\n\t\t<\/div>\n\n","protected":false},"excerpt":{"rendered":"<p>Zile Belediyesi \u0130tfaiye M\u00fcd\u00fcrl\u00fc\u011f\u00fc Ekipleri taraf\u0131ndan, belediye binas\u0131 \u00f6n\u00fcnde yang\u0131n ve acil m\u00fcdahaleler konusunda e\u011fitim verilerek tatbikat ger\u00e7ekle\u015ftirildi. E\u011fitimde yang\u0131n ve kaza halinde ilk yap\u0131lmas\u0131 gerekenler, hangi yang\u0131na hangi ara\u00e7 ve gere\u00e7lerle m\u00fcdahale edilmesi gerekti\u011fi uygulamal\u0131 olarak anlat\u0131ld\u0131. E\u011fitimden sonra d\u00fczenlenen yang\u0131n tatbikat\u0131nda, temsilen binada mahsur kalan bir ki\u015fi itfaiye arac\u0131 ile kurtar\u0131ld\u0131. Kat\u0131l\u0131mc\u0131lara bina [&hellip;]<\/p>\n","protected":false},"author":1,"featured_media":3208,"comment_status":"open","ping_status":"open","sticky":false,"template":"","format":"standard","meta":{"footnotes":""},"categories":[11],"tags":[],"class_list":["post-3207","post","type-post","status-publish","format-standard","has-post-thumbnail","hentry","category-haberler"],"_links":{"self":[{"href":"http:\/\/site.zile.bel.tr\/index.php\/wp-json\/wp\/v2\/posts\/3207","targetHints":{"allow":["GET"]}}],"collection":[{"href":"http:\/\/site.zile.bel.tr\/index.php\/wp-json\/wp\/v2\/posts"}],"about":[{"href":"http:\/\/site.zile.bel.tr\/index.php\/wp-json\/wp\/v2\/types\/post"}],"author":[{"embeddable":true,"href":"http:\/\/site.zile.bel.tr\/index.php\/wp-json\/wp\/v2\/users\/1"}],"replies":[{"embeddable":true,"href":"http:\/\/site.zile.bel.tr\/index.php\/wp-json\/wp\/v2\/comments?post=3207"}],"version-history":[{"count":1,"href":"http:\/\/site.zile.bel.tr\/index.php\/wp-json\/wp\/v2\/posts\/3207\/revisions"}],"predecessor-version":[{"id":3216,"href":"http:\/\/site.zile.bel.tr\/index.php\/wp-json\/wp\/v2\/posts\/3207\/revisions\/3216"}],"wp:featuredmedia":[{"embeddable":true,"href":"http:\/\/site.zile.bel.tr\/index.php\/wp-json\/wp\/v2\/media\/3208"}],"wp:attachment":[{"href":"http:\/\/site.zile.bel.tr\/index.php\/wp-json\/wp\/v2\/media?parent=3207"}],"wp:term":[{"taxonomy":"category","embeddable":true,"href":"http:\/\/site.zile.bel.tr\/index.php\/wp-json\/wp\/v2\/categories?post=3207"},{"taxonomy":"post_tag","embeddable":true,"href":"http:\/\/site.zile.bel.tr\/index.php\/wp-json\/wp\/v2\/tags?post=3207"}],"curies":[{"name":"wp","href":"https:\/\/api.w.org\/{rel}","templated":true}]}}