{"id":3269,"date":"2022-03-11T16:40:18","date_gmt":"2022-03-11T13:40:18","guid":{"rendered":"http:\/\/site.zile.bel.tr\/?p=3269"},"modified":"2022-03-23T16:44:44","modified_gmt":"2022-03-23T13:44:44","slug":"kisisel-gelisim-semineri-duzenlendi","status":"publish","type":"post","link":"http:\/\/site.zile.bel.tr\/index.php\/2022\/03\/11\/kisisel-gelisim-semineri-duzenlendi\/","title":{"rendered":"Ki\u015fisel Geli\u015fim Semineri D\u00fczenlendi"},"content":{"rendered":"<p>Zile Belediyesi ile T\u00fcrkiye Belediyeler Birli\u011fi taraf\u0131ndan kamu personelinin ki\u015fisel geli\u015fim ve imaj y\u00f6netimine katk\u0131 sa\u011flamak amac\u0131yla Yavuz Selim Naci Giray \u0130lkokulu E\u011fitim Salonunda seminer d\u00fczenlendi.<\/p>\n<p>TRT Radyo Spikeri ve Diksiyon Geli\u015fim Uzman\u0131 Can \u00c7a\u011fatay Yetik taraf\u0131ndan verilen seminere Belediye Ba\u015fkan\u0131 \u015e\u00fckr\u00fc Sarg\u0131n, kamu kurum birim m\u00fcd\u00fcr ve personelleri kat\u0131l\u0131m sa\u011flad\u0131.<\/p>\n<p>Kurumsalla\u015fma faaliyetleri kapsam\u0131nda kamu personelinin ki\u015fisel geli\u015fimi i\u00e7in \u00e7al\u0131\u015fmalara devam ettiklerini belirten Zile Belediye Ba\u015fkan\u0131 \u015e\u00fckr\u00fc Sarg\u0131n, \u201c Kamu personelinin ki\u015fisel geli\u015fimine \u00f6zellikle \u00e7ok \u00f6nem veriyoruz. Bu do\u011frultuda yapt\u0131\u011f\u0131m\u0131z \u00e7al\u0131\u015fmalarla mevcut personelimizin e\u011fitim ve \u00e7al\u0131\u015fma kalitesini art\u0131rmak her zaman birinci \u00f6nceli\u011fimiz oldu. Bug\u00fcne kadar yapm\u0131\u015f oldu\u011fumuz seminer ve e\u011fitimlerin meyvesini almaya ba\u015flad\u0131k. Bu y\u00f6nde \u00e7al\u0131\u015fmalar\u0131m\u0131z devam edecektir\u201d dedi.<\/p>\n<p><img loading=\"lazy\" decoding=\"async\" class=\"alignnone wp-image-3270\" src=\"http:\/\/site.zile.bel.tr\/wp-content\/uploads\/2022\/03\/275638730_519078942918439_1160299538807433341_n.jpg\" alt=\"\" width=\"800\" height=\"533\" srcset=\"http:\/\/site.zile.bel.tr\/wp-content\/uploads\/2022\/03\/275638730_519078942918439_1160299538807433341_n.jpg 1024w, http:\/\/site.zile.bel.tr\/wp-content\/uploads\/2022\/03\/275638730_519078942918439_1160299538807433341_n-300x200.jpg 300w, http:\/\/site.zile.bel.tr\/wp-content\/uploads\/2022\/03\/275638730_519078942918439_1160299538807433341_n-768x512.jpg 768w\" sizes=\"auto, (max-width: 800px) 100vw, 800px\" \/><\/p>\n\n\t\t<style type=\"text\/css\">\n\t\t\t#gallery-1 {\n\t\t\t\tmargin: auto;\n\t\t\t}\n\t\t\t#gallery-1 .gallery-item {\n\t\t\t\tfloat: left;\n\t\t\t\tmargin-top: 10px;\n\t\t\t\ttext-align: center;\n\t\t\t\twidth: 33%;\n\t\t\t}\n\t\t\t#gallery-1 img {\n\t\t\t\tborder: 2px solid #cfcfcf;\n\t\t\t}\n\t\t\t#gallery-1 .gallery-caption {\n\t\t\t\tmargin-left: 0;\n\t\t\t}\n\t\t\t\/* see gallery_shortcode() in wp-includes\/media.php *\/\n\t\t<\/style>\n\t\t<div id='gallery-1' class='gallery galleryid-3269 gallery-columns-3 gallery-size-thumbnail'><dl class='gallery-item'>\n\t\t\t<dt class='gallery-icon landscape'>\n\t\t\t\t<a href='http:\/\/site.zile.bel.tr\/wp-content\/uploads\/2022\/03\/275553836_519078932918440_8921010639509299188_n.jpg'><img loading=\"lazy\" decoding=\"async\" width=\"150\" height=\"150\" src=\"http:\/\/site.zile.bel.tr\/wp-content\/uploads\/2022\/03\/275553836_519078932918440_8921010639509299188_n-150x150.jpg\" class=\"attachment-thumbnail size-thumbnail\" alt=\"\" \/><\/a>\n\t\t\t<\/dt><\/dl><dl class='gallery-item'>\n\t\t\t<dt class='gallery-icon landscape'>\n\t\t\t\t<a href='http:\/\/site.zile.bel.tr\/wp-content\/uploads\/2022\/03\/275565837_519078986251768_2170255893477053911_n.jpg'><img loading=\"lazy\" decoding=\"async\" width=\"150\" height=\"150\" src=\"http:\/\/site.zile.bel.tr\/wp-content\/uploads\/2022\/03\/275565837_519078986251768_2170255893477053911_n-150x150.jpg\" class=\"attachment-thumbnail size-thumbnail\" alt=\"\" \/><\/a>\n\t\t\t<\/dt><\/dl>\n\t\t\t<br style='clear: both' \/>\n\t\t<\/div>\n\n","protected":false},"excerpt":{"rendered":"<p>Zile Belediyesi ile T\u00fcrkiye Belediyeler Birli\u011fi taraf\u0131ndan kamu personelinin ki\u015fisel geli\u015fim ve imaj y\u00f6netimine katk\u0131 sa\u011flamak amac\u0131yla Yavuz Selim Naci Giray \u0130lkokulu E\u011fitim Salonunda seminer d\u00fczenlendi. TRT Radyo Spikeri ve Diksiyon Geli\u015fim Uzman\u0131 Can \u00c7a\u011fatay Yetik taraf\u0131ndan verilen seminere Belediye Ba\u015fkan\u0131 \u015e\u00fckr\u00fc Sarg\u0131n, kamu kurum birim m\u00fcd\u00fcr ve personelleri kat\u0131l\u0131m sa\u011flad\u0131. Kurumsalla\u015fma faaliyetleri kapsam\u0131nda kamu [&hellip;]<\/p>\n","protected":false},"author":1,"featured_media":3270,"comment_status":"open","ping_status":"open","sticky":false,"template":"","format":"standard","meta":{"footnotes":""},"categories":[11],"tags":[],"class_list":["post-3269","post","type-post","status-publish","format-standard","has-post-thumbnail","hentry","category-haberler"],"_links":{"self":[{"href":"http:\/\/site.zile.bel.tr\/index.php\/wp-json\/wp\/v2\/posts\/3269","targetHints":{"allow":["GET"]}}],"collection":[{"href":"http:\/\/site.zile.bel.tr\/index.php\/wp-json\/wp\/v2\/posts"}],"about":[{"href":"http:\/\/site.zile.bel.tr\/index.php\/wp-json\/wp\/v2\/types\/post"}],"author":[{"embeddable":true,"href":"http:\/\/site.zile.bel.tr\/index.php\/wp-json\/wp\/v2\/users\/1"}],"replies":[{"embeddable":true,"href":"http:\/\/site.zile.bel.tr\/index.php\/wp-json\/wp\/v2\/comments?post=3269"}],"version-history":[{"count":1,"href":"http:\/\/site.zile.bel.tr\/index.php\/wp-json\/wp\/v2\/posts\/3269\/revisions"}],"predecessor-version":[{"id":3273,"href":"http:\/\/site.zile.bel.tr\/index.php\/wp-json\/wp\/v2\/posts\/3269\/revisions\/3273"}],"wp:featuredmedia":[{"embeddable":true,"href":"http:\/\/site.zile.bel.tr\/index.php\/wp-json\/wp\/v2\/media\/3270"}],"wp:attachment":[{"href":"http:\/\/site.zile.bel.tr\/index.php\/wp-json\/wp\/v2\/media?parent=3269"}],"wp:term":[{"taxonomy":"category","embeddable":true,"href":"http:\/\/site.zile.bel.tr\/index.php\/wp-json\/wp\/v2\/categories?post=3269"},{"taxonomy":"post_tag","embeddable":true,"href":"http:\/\/site.zile.bel.tr\/index.php\/wp-json\/wp\/v2\/tags?post=3269"}],"curies":[{"name":"wp","href":"https:\/\/api.w.org\/{rel}","templated":true}]}}