{"id":3309,"date":"2022-03-18T18:00:33","date_gmt":"2022-03-18T15:00:33","guid":{"rendered":"http:\/\/site.zile.bel.tr\/?p=3309"},"modified":"2022-03-23T18:06:57","modified_gmt":"2022-03-23T15:06:57","slug":"18-mart-canakkale-zaferi-ve-sehitleri-anma-gunu-toreni-ilcemiz-eski-hukumet-konagi-onunde-gerceklesti","status":"publish","type":"post","link":"http:\/\/site.zile.bel.tr\/index.php\/2022\/03\/18\/18-mart-canakkale-zaferi-ve-sehitleri-anma-gunu-toreni-ilcemiz-eski-hukumet-konagi-onunde-gerceklesti\/","title":{"rendered":"18 Mart \u00c7anakkale Zaferi ve \u015eehitleri Anma G\u00fcn\u00fc T\u00f6reni \u0130l\u00e7emiz Eski H\u00fck\u00fcmet Kona\u011f\u0131 \u00d6n\u00fcnde Ger\u00e7ekle\u015fti"},"content":{"rendered":"<p>18 Mart \u00c7anakkale Zaferi ve \u015eehitleri Anma G\u00fcn\u00fc T\u00f6reni \u0130l\u00e7emiz Eski H\u00fck\u00fcmet Kona\u011f\u0131\u2019nda Atat\u00fcrk An\u0131t\u0131\u2019na \u00e7elenklerin sunumu ve konu\u015fmalarla ger\u00e7ekle\u015fti. Sonras\u0131nda Saray Sinema Salonu\u2019nda g\u00fcn\u00fcn \u00f6nemine dair konu\u015fmalar, tiyatro ve m\u00fczik dinletilerinin ard\u0131ndan il\u00e7emiz \u015fehitli\u011finin ziyareti ile son buldu.<\/p>\n<p>Ba\u015fta Ulu \u00d6nder Gazi Mustafa Kemal Atat\u00fcrk olmak \u00fczere t\u00fcm \u015fehit ve gazilerimizi sayg\u0131 ve minnetle an\u0131yoruz.<\/p>\n<p><img loading=\"lazy\" decoding=\"async\" class=\"alignnone wp-image-3310\" src=\"http:\/\/site.zile.bel.tr\/wp-content\/uploads\/2022\/03\/276044470_523514039141596_4455453700087391157_n.jpg\" alt=\"\" width=\"800\" height=\"533\" srcset=\"http:\/\/site.zile.bel.tr\/wp-content\/uploads\/2022\/03\/276044470_523514039141596_4455453700087391157_n.jpg 960w, http:\/\/site.zile.bel.tr\/wp-content\/uploads\/2022\/03\/276044470_523514039141596_4455453700087391157_n-300x200.jpg 300w, http:\/\/site.zile.bel.tr\/wp-content\/uploads\/2022\/03\/276044470_523514039141596_4455453700087391157_n-768x511.jpg 768w\" sizes=\"auto, (max-width: 800px) 100vw, 800px\" \/><\/p>\n\n\t\t<style type=\"text\/css\">\n\t\t\t#gallery-1 {\n\t\t\t\tmargin: auto;\n\t\t\t}\n\t\t\t#gallery-1 .gallery-item {\n\t\t\t\tfloat: left;\n\t\t\t\tmargin-top: 10px;\n\t\t\t\ttext-align: center;\n\t\t\t\twidth: 33%;\n\t\t\t}\n\t\t\t#gallery-1 img {\n\t\t\t\tborder: 2px solid #cfcfcf;\n\t\t\t}\n\t\t\t#gallery-1 .gallery-caption {\n\t\t\t\tmargin-left: 0;\n\t\t\t}\n\t\t\t\/* see gallery_shortcode() in wp-includes\/media.php *\/\n\t\t<\/style>\n\t\t<div id='gallery-1' class='gallery galleryid-3309 gallery-columns-3 gallery-size-thumbnail'><dl class='gallery-item'>\n\t\t\t<dt class='gallery-icon landscape'>\n\t\t\t\t<a href='http:\/\/site.zile.bel.tr\/wp-content\/uploads\/2022\/03\/275955580_523514502474883_972732508277129974_n.jpg'><img loading=\"lazy\" decoding=\"async\" width=\"150\" height=\"150\" src=\"http:\/\/site.zile.bel.tr\/wp-content\/uploads\/2022\/03\/275955580_523514502474883_972732508277129974_n-150x150.jpg\" class=\"attachment-thumbnail size-thumbnail\" alt=\"\" \/><\/a>\n\t\t\t<\/dt><\/dl><dl class='gallery-item'>\n\t\t\t<dt class='gallery-icon landscape'>\n\t\t\t\t<a href='http:\/\/site.zile.bel.tr\/wp-content\/uploads\/2022\/03\/275985485_523514319141568_1131885151312082033_n.jpg'><img loading=\"lazy\" decoding=\"async\" width=\"150\" height=\"150\" src=\"http:\/\/site.zile.bel.tr\/wp-content\/uploads\/2022\/03\/275985485_523514319141568_1131885151312082033_n-150x150.jpg\" class=\"attachment-thumbnail size-thumbnail\" alt=\"\" \/><\/a>\n\t\t\t<\/dt><\/dl><dl class='gallery-item'>\n\t\t\t<dt class='gallery-icon landscape'>\n\t\t\t\t<a href='http:\/\/site.zile.bel.tr\/wp-content\/uploads\/2022\/03\/276044470_523514039141596_4455453700087391157_n-1.jpg'><img loading=\"lazy\" decoding=\"async\" width=\"150\" height=\"150\" src=\"http:\/\/site.zile.bel.tr\/wp-content\/uploads\/2022\/03\/276044470_523514039141596_4455453700087391157_n-1-150x150.jpg\" class=\"attachment-thumbnail size-thumbnail\" alt=\"\" \/><\/a>\n\t\t\t<\/dt><\/dl><br style=\"clear: both\" \/><dl class='gallery-item'>\n\t\t\t<dt class='gallery-icon landscape'>\n\t\t\t\t<a href='http:\/\/site.zile.bel.tr\/wp-content\/uploads\/2022\/03\/276110272_523514079141592_1642283420990091355_n.jpg'><img loading=\"lazy\" decoding=\"async\" width=\"150\" height=\"150\" src=\"http:\/\/site.zile.bel.tr\/wp-content\/uploads\/2022\/03\/276110272_523514079141592_1642283420990091355_n-150x150.jpg\" class=\"attachment-thumbnail size-thumbnail\" alt=\"\" \/><\/a>\n\t\t\t<\/dt><\/dl><dl class='gallery-item'>\n\t\t\t<dt class='gallery-icon landscape'>\n\t\t\t\t<a href='http:\/\/site.zile.bel.tr\/wp-content\/uploads\/2022\/03\/276307356_523514345808232_3356612248570164209_n.jpg'><img loading=\"lazy\" decoding=\"async\" width=\"150\" height=\"150\" src=\"http:\/\/site.zile.bel.tr\/wp-content\/uploads\/2022\/03\/276307356_523514345808232_3356612248570164209_n-150x150.jpg\" class=\"attachment-thumbnail size-thumbnail\" alt=\"\" \/><\/a>\n\t\t\t<\/dt><\/dl>\n\t\t\t<br style='clear: both' \/>\n\t\t<\/div>\n\n","protected":false},"excerpt":{"rendered":"<p>18 Mart \u00c7anakkale Zaferi ve \u015eehitleri Anma G\u00fcn\u00fc T\u00f6reni \u0130l\u00e7emiz Eski H\u00fck\u00fcmet Kona\u011f\u0131\u2019nda Atat\u00fcrk An\u0131t\u0131\u2019na \u00e7elenklerin sunumu ve konu\u015fmalarla ger\u00e7ekle\u015fti. Sonras\u0131nda Saray Sinema Salonu\u2019nda g\u00fcn\u00fcn \u00f6nemine dair konu\u015fmalar, tiyatro ve m\u00fczik dinletilerinin ard\u0131ndan il\u00e7emiz \u015fehitli\u011finin ziyareti ile son buldu. Ba\u015fta Ulu \u00d6nder Gazi Mustafa Kemal Atat\u00fcrk olmak \u00fczere t\u00fcm \u015fehit ve gazilerimizi sayg\u0131 ve minnetle [&hellip;]<\/p>\n","protected":false},"author":1,"featured_media":3310,"comment_status":"open","ping_status":"open","sticky":false,"template":"","format":"standard","meta":{"footnotes":""},"categories":[11],"tags":[],"class_list":["post-3309","post","type-post","status-publish","format-standard","has-post-thumbnail","hentry","category-haberler"],"_links":{"self":[{"href":"http:\/\/site.zile.bel.tr\/index.php\/wp-json\/wp\/v2\/posts\/3309","targetHints":{"allow":["GET"]}}],"collection":[{"href":"http:\/\/site.zile.bel.tr\/index.php\/wp-json\/wp\/v2\/posts"}],"about":[{"href":"http:\/\/site.zile.bel.tr\/index.php\/wp-json\/wp\/v2\/types\/post"}],"author":[{"embeddable":true,"href":"http:\/\/site.zile.bel.tr\/index.php\/wp-json\/wp\/v2\/users\/1"}],"replies":[{"embeddable":true,"href":"http:\/\/site.zile.bel.tr\/index.php\/wp-json\/wp\/v2\/comments?post=3309"}],"version-history":[{"count":1,"href":"http:\/\/site.zile.bel.tr\/index.php\/wp-json\/wp\/v2\/posts\/3309\/revisions"}],"predecessor-version":[{"id":3316,"href":"http:\/\/site.zile.bel.tr\/index.php\/wp-json\/wp\/v2\/posts\/3309\/revisions\/3316"}],"wp:featuredmedia":[{"embeddable":true,"href":"http:\/\/site.zile.bel.tr\/index.php\/wp-json\/wp\/v2\/media\/3310"}],"wp:attachment":[{"href":"http:\/\/site.zile.bel.tr\/index.php\/wp-json\/wp\/v2\/media?parent=3309"}],"wp:term":[{"taxonomy":"category","embeddable":true,"href":"http:\/\/site.zile.bel.tr\/index.php\/wp-json\/wp\/v2\/categories?post=3309"},{"taxonomy":"post_tag","embeddable":true,"href":"http:\/\/site.zile.bel.tr\/index.php\/wp-json\/wp\/v2\/tags?post=3309"}],"curies":[{"name":"wp","href":"https:\/\/api.w.org\/{rel}","templated":true}]}}