{"id":3320,"date":"2022-03-21T18:09:50","date_gmt":"2022-03-21T15:09:50","guid":{"rendered":"http:\/\/site.zile.bel.tr\/?p=3320"},"modified":"2022-03-23T18:17:32","modified_gmt":"2022-03-23T15:17:32","slug":"onlara-firsat-verelim","status":"publish","type":"post","link":"http:\/\/site.zile.bel.tr\/index.php\/2022\/03\/21\/onlara-firsat-verelim\/","title":{"rendered":"Onlara F\u0131rsat Verelim"},"content":{"rendered":"<p>Zile Engellilere Meslek Kazand\u0131rma Derne\u011fi, \u201c21 Mart D\u00fcnya Down Sendrom Fark\u0131ndal\u0131k G\u00fcn\u00fc\u201c dolay\u0131s\u0131yla etkinlik d\u00fczenlediler.<\/p>\n<p>Kaymakam Mehmet Ali Aky\u00fcz, Belediye Ba\u015fkan\u0131 \u015e\u00fckr\u00fc Sarg\u0131n, STK temsilcileri ve vatanda\u015flar\u0131n kat\u0131l\u0131mlar\u0131yla d\u00fczenlenen programda Ba\u015fkan Sarg\u0131n, yapt\u0131\u011f\u0131 a\u00e7\u0131klamada \u201cBir kez daha g\u00f6rd\u00fck ki g\u00fc\u00e7l\u00fc anne ve babalar\u0131n varoldu\u011fu memleketimizde \u00e7ocuklar\u0131m\u0131zla verdikleri t\u00fcm bu g\u00f6r\u00fcnt\u00fcler kentimize huzur vermeye devam edecek\u201d dedi.<\/p>\n<p><img loading=\"lazy\" decoding=\"async\" class=\"alignnone wp-image-3321\" src=\"http:\/\/site.zile.bel.tr\/wp-content\/uploads\/2022\/03\/277000535_525575165602150_752791583097878235_n.jpg\" alt=\"\" width=\"800\" height=\"533\" srcset=\"http:\/\/site.zile.bel.tr\/wp-content\/uploads\/2022\/03\/277000535_525575165602150_752791583097878235_n.jpg 960w, http:\/\/site.zile.bel.tr\/wp-content\/uploads\/2022\/03\/277000535_525575165602150_752791583097878235_n-300x200.jpg 300w, http:\/\/site.zile.bel.tr\/wp-content\/uploads\/2022\/03\/277000535_525575165602150_752791583097878235_n-768x512.jpg 768w\" sizes=\"auto, (max-width: 800px) 100vw, 800px\" \/><\/p>\n\n\t\t<style type=\"text\/css\">\n\t\t\t#gallery-1 {\n\t\t\t\tmargin: auto;\n\t\t\t}\n\t\t\t#gallery-1 .gallery-item {\n\t\t\t\tfloat: left;\n\t\t\t\tmargin-top: 10px;\n\t\t\t\ttext-align: center;\n\t\t\t\twidth: 33%;\n\t\t\t}\n\t\t\t#gallery-1 img {\n\t\t\t\tborder: 2px solid #cfcfcf;\n\t\t\t}\n\t\t\t#gallery-1 .gallery-caption {\n\t\t\t\tmargin-left: 0;\n\t\t\t}\n\t\t\t\/* see gallery_shortcode() in wp-includes\/media.php *\/\n\t\t<\/style>\n\t\t<div id='gallery-1' class='gallery galleryid-3320 gallery-columns-3 gallery-size-thumbnail'><dl class='gallery-item'>\n\t\t\t<dt class='gallery-icon landscape'>\n\t\t\t\t<a href='http:\/\/site.zile.bel.tr\/wp-content\/uploads\/2022\/03\/276157122_525575595602107_7745751006959410108_n.jpg'><img loading=\"lazy\" decoding=\"async\" width=\"150\" height=\"150\" src=\"http:\/\/site.zile.bel.tr\/wp-content\/uploads\/2022\/03\/276157122_525575595602107_7745751006959410108_n-150x150.jpg\" class=\"attachment-thumbnail size-thumbnail\" alt=\"\" \/><\/a>\n\t\t\t<\/dt><\/dl><dl class='gallery-item'>\n\t\t\t<dt class='gallery-icon landscape'>\n\t\t\t\t<a href='http:\/\/site.zile.bel.tr\/wp-content\/uploads\/2022\/03\/275879661_525575425602124_2339025313391702419_n.jpg'><img loading=\"lazy\" decoding=\"async\" width=\"150\" height=\"150\" src=\"http:\/\/site.zile.bel.tr\/wp-content\/uploads\/2022\/03\/275879661_525575425602124_2339025313391702419_n-150x150.jpg\" class=\"attachment-thumbnail size-thumbnail\" alt=\"\" \/><\/a>\n\t\t\t<\/dt><\/dl><dl class='gallery-item'>\n\t\t\t<dt class='gallery-icon landscape'>\n\t\t\t\t<a href='http:\/\/site.zile.bel.tr\/wp-content\/uploads\/2022\/03\/276153352_525575202268813_1363518175747482159_n.jpg'><img loading=\"lazy\" decoding=\"async\" width=\"150\" height=\"150\" src=\"http:\/\/site.zile.bel.tr\/wp-content\/uploads\/2022\/03\/276153352_525575202268813_1363518175747482159_n-150x150.jpg\" class=\"attachment-thumbnail size-thumbnail\" alt=\"\" \/><\/a>\n\t\t\t<\/dt><\/dl><br style=\"clear: both\" \/><dl class='gallery-item'>\n\t\t\t<dt class='gallery-icon landscape'>\n\t\t\t\t<a href='http:\/\/site.zile.bel.tr\/wp-content\/uploads\/2022\/03\/276289270_525575442268789_6019857566540312843_n.jpg'><img loading=\"lazy\" decoding=\"async\" width=\"150\" height=\"150\" src=\"http:\/\/site.zile.bel.tr\/wp-content\/uploads\/2022\/03\/276289270_525575442268789_6019857566540312843_n-150x150.jpg\" class=\"attachment-thumbnail size-thumbnail\" alt=\"\" \/><\/a>\n\t\t\t<\/dt><\/dl><dl class='gallery-item'>\n\t\t\t<dt class='gallery-icon landscape'>\n\t\t\t\t<a href='http:\/\/site.zile.bel.tr\/wp-content\/uploads\/2022\/03\/277000535_525575165602150_752791583097878235_n-1.jpg'><img loading=\"lazy\" decoding=\"async\" width=\"150\" height=\"150\" src=\"http:\/\/site.zile.bel.tr\/wp-content\/uploads\/2022\/03\/277000535_525575165602150_752791583097878235_n-1-150x150.jpg\" class=\"attachment-thumbnail size-thumbnail\" alt=\"\" \/><\/a>\n\t\t\t<\/dt><\/dl>\n\t\t\t<br style='clear: both' \/>\n\t\t<\/div>\n\n","protected":false},"excerpt":{"rendered":"<p>Zile Engellilere Meslek Kazand\u0131rma Derne\u011fi, \u201c21 Mart D\u00fcnya Down Sendrom Fark\u0131ndal\u0131k G\u00fcn\u00fc\u201c dolay\u0131s\u0131yla etkinlik d\u00fczenlediler. Kaymakam Mehmet Ali Aky\u00fcz, Belediye Ba\u015fkan\u0131 \u015e\u00fckr\u00fc Sarg\u0131n, STK temsilcileri ve vatanda\u015flar\u0131n kat\u0131l\u0131mlar\u0131yla d\u00fczenlenen programda Ba\u015fkan Sarg\u0131n, yapt\u0131\u011f\u0131 a\u00e7\u0131klamada \u201cBir kez daha g\u00f6rd\u00fck ki g\u00fc\u00e7l\u00fc anne ve babalar\u0131n varoldu\u011fu memleketimizde \u00e7ocuklar\u0131m\u0131zla verdikleri t\u00fcm bu g\u00f6r\u00fcnt\u00fcler kentimize huzur vermeye devam edecek\u201d [&hellip;]<\/p>\n","protected":false},"author":1,"featured_media":3321,"comment_status":"open","ping_status":"open","sticky":false,"template":"","format":"standard","meta":{"footnotes":""},"categories":[11],"tags":[],"class_list":["post-3320","post","type-post","status-publish","format-standard","has-post-thumbnail","hentry","category-haberler"],"_links":{"self":[{"href":"http:\/\/site.zile.bel.tr\/index.php\/wp-json\/wp\/v2\/posts\/3320","targetHints":{"allow":["GET"]}}],"collection":[{"href":"http:\/\/site.zile.bel.tr\/index.php\/wp-json\/wp\/v2\/posts"}],"about":[{"href":"http:\/\/site.zile.bel.tr\/index.php\/wp-json\/wp\/v2\/types\/post"}],"author":[{"embeddable":true,"href":"http:\/\/site.zile.bel.tr\/index.php\/wp-json\/wp\/v2\/users\/1"}],"replies":[{"embeddable":true,"href":"http:\/\/site.zile.bel.tr\/index.php\/wp-json\/wp\/v2\/comments?post=3320"}],"version-history":[{"count":1,"href":"http:\/\/site.zile.bel.tr\/index.php\/wp-json\/wp\/v2\/posts\/3320\/revisions"}],"predecessor-version":[{"id":3327,"href":"http:\/\/site.zile.bel.tr\/index.php\/wp-json\/wp\/v2\/posts\/3320\/revisions\/3327"}],"wp:featuredmedia":[{"embeddable":true,"href":"http:\/\/site.zile.bel.tr\/index.php\/wp-json\/wp\/v2\/media\/3321"}],"wp:attachment":[{"href":"http:\/\/site.zile.bel.tr\/index.php\/wp-json\/wp\/v2\/media?parent=3320"}],"wp:term":[{"taxonomy":"category","embeddable":true,"href":"http:\/\/site.zile.bel.tr\/index.php\/wp-json\/wp\/v2\/categories?post=3320"},{"taxonomy":"post_tag","embeddable":true,"href":"http:\/\/site.zile.bel.tr\/index.php\/wp-json\/wp\/v2\/tags?post=3320"}],"curies":[{"name":"wp","href":"https:\/\/api.w.org\/{rel}","templated":true}]}}