{"id":3333,"date":"2022-03-26T17:56:28","date_gmt":"2022-03-26T14:56:28","guid":{"rendered":"http:\/\/site.zile.bel.tr\/?p=3333"},"modified":"2022-03-28T18:00:11","modified_gmt":"2022-03-28T15:00:11","slug":"turkiye-belediyeler-birligi-ile-zile-belediyesi-ortakliginda-belediye-personellerine-is-sagligi-ve-guvenligi-egitimi-verildi","status":"publish","type":"post","link":"http:\/\/site.zile.bel.tr\/index.php\/2022\/03\/26\/turkiye-belediyeler-birligi-ile-zile-belediyesi-ortakliginda-belediye-personellerine-is-sagligi-ve-guvenligi-egitimi-verildi\/","title":{"rendered":"T\u00fcrkiye Belediyeler Birli\u011fi ile Zile Belediyesi Ortakl\u0131\u011f\u0131nda Belediye Personellerine \u0130\u015f Sa\u011fl\u0131\u011f\u0131 ve G\u00fcvenli\u011fi E\u011fitimi Verildi"},"content":{"rendered":"<div dir=\"auto\">T\u00fcrkiye Belediyeler Birli\u011fi ile Zile Belediyesi ortakl\u0131\u011f\u0131nda belediye personellerine i\u015f sa\u011fl\u0131\u011f\u0131 ve g\u00fcvenli\u011fi e\u011fitimi verildi.<\/div>\n<div dir=\"auto\">\u00dc\u00e7 etap olarak toplam 12 saat s\u00fcren e\u011fitimde \u00f6zellikle kaynak i\u015flerinde, elektirikle \u00e7al\u0131\u015fma alanlar\u0131nda, i\u00e7me suyu ve kanalizasyon hizmetlerinde ve mezbane \u00e7al\u0131\u015fmalar\u0131nda i\u015f kazas\u0131 ile meslek hastal\u0131klar\u0131n\u0131n \u00f6nlenmesi i\u00e7in al\u0131nmas\u0131 gereken g\u00fcvenlik tedbirleri anlat\u0131ld\u0131.<\/div>\n<div dir=\"auto\"><img loading=\"lazy\" decoding=\"async\" class=\"alignnone wp-image-3334\" src=\"http:\/\/site.zile.bel.tr\/wp-content\/uploads\/2022\/03\/277223989_528558491970484_6188798269394725386_n.jpg\" alt=\"\" width=\"800\" height=\"533\" srcset=\"http:\/\/site.zile.bel.tr\/wp-content\/uploads\/2022\/03\/277223989_528558491970484_6188798269394725386_n.jpg 960w, http:\/\/site.zile.bel.tr\/wp-content\/uploads\/2022\/03\/277223989_528558491970484_6188798269394725386_n-300x200.jpg 300w, http:\/\/site.zile.bel.tr\/wp-content\/uploads\/2022\/03\/277223989_528558491970484_6188798269394725386_n-768x511.jpg 768w\" sizes=\"auto, (max-width: 800px) 100vw, 800px\" \/><\/div>\n<div dir=\"auto\">\n\n\t\t<style type=\"text\/css\">\n\t\t\t#gallery-1 {\n\t\t\t\tmargin: auto;\n\t\t\t}\n\t\t\t#gallery-1 .gallery-item {\n\t\t\t\tfloat: left;\n\t\t\t\tmargin-top: 10px;\n\t\t\t\ttext-align: center;\n\t\t\t\twidth: 33%;\n\t\t\t}\n\t\t\t#gallery-1 img {\n\t\t\t\tborder: 2px solid #cfcfcf;\n\t\t\t}\n\t\t\t#gallery-1 .gallery-caption {\n\t\t\t\tmargin-left: 0;\n\t\t\t}\n\t\t\t\/* see gallery_shortcode() in wp-includes\/media.php *\/\n\t\t<\/style>\n\t\t<div id='gallery-1' class='gallery galleryid-3333 gallery-columns-3 gallery-size-thumbnail'><dl class='gallery-item'>\n\t\t\t<dt class='gallery-icon landscape'>\n\t\t\t\t<a href='http:\/\/site.zile.bel.tr\/wp-content\/uploads\/2022\/03\/276162494_528558648637135_6719714782483700503_n.jpg'><img loading=\"lazy\" decoding=\"async\" width=\"150\" height=\"150\" src=\"http:\/\/site.zile.bel.tr\/wp-content\/uploads\/2022\/03\/276162494_528558648637135_6719714782483700503_n-150x150.jpg\" class=\"attachment-thumbnail size-thumbnail\" alt=\"\" \/><\/a>\n\t\t\t<\/dt><\/dl><dl class='gallery-item'>\n\t\t\t<dt class='gallery-icon landscape'>\n\t\t\t\t<a href='http:\/\/site.zile.bel.tr\/wp-content\/uploads\/2022\/03\/277348874_528558545303812_4451213239745287069_n.jpg'><img loading=\"lazy\" decoding=\"async\" width=\"150\" height=\"150\" src=\"http:\/\/site.zile.bel.tr\/wp-content\/uploads\/2022\/03\/277348874_528558545303812_4451213239745287069_n-150x150.jpg\" class=\"attachment-thumbnail size-thumbnail\" alt=\"\" \/><\/a>\n\t\t\t<\/dt><\/dl>\n\t\t\t<br style='clear: both' \/>\n\t\t<\/div>\n\n<\/div>\n","protected":false},"excerpt":{"rendered":"<p>T\u00fcrkiye Belediyeler Birli\u011fi ile Zile Belediyesi ortakl\u0131\u011f\u0131nda belediye personellerine i\u015f sa\u011fl\u0131\u011f\u0131 ve g\u00fcvenli\u011fi e\u011fitimi verildi. \u00dc\u00e7 etap olarak toplam 12 saat s\u00fcren e\u011fitimde \u00f6zellikle kaynak i\u015flerinde, elektirikle \u00e7al\u0131\u015fma alanlar\u0131nda, i\u00e7me suyu ve kanalizasyon hizmetlerinde ve mezbane \u00e7al\u0131\u015fmalar\u0131nda i\u015f kazas\u0131 ile meslek hastal\u0131klar\u0131n\u0131n \u00f6nlenmesi i\u00e7in al\u0131nmas\u0131 gereken g\u00fcvenlik tedbirleri anlat\u0131ld\u0131.<\/p>\n","protected":false},"author":1,"featured_media":3334,"comment_status":"open","ping_status":"open","sticky":false,"template":"","format":"standard","meta":{"footnotes":""},"categories":[11],"tags":[],"class_list":["post-3333","post","type-post","status-publish","format-standard","has-post-thumbnail","hentry","category-haberler"],"_links":{"self":[{"href":"http:\/\/site.zile.bel.tr\/index.php\/wp-json\/wp\/v2\/posts\/3333","targetHints":{"allow":["GET"]}}],"collection":[{"href":"http:\/\/site.zile.bel.tr\/index.php\/wp-json\/wp\/v2\/posts"}],"about":[{"href":"http:\/\/site.zile.bel.tr\/index.php\/wp-json\/wp\/v2\/types\/post"}],"author":[{"embeddable":true,"href":"http:\/\/site.zile.bel.tr\/index.php\/wp-json\/wp\/v2\/users\/1"}],"replies":[{"embeddable":true,"href":"http:\/\/site.zile.bel.tr\/index.php\/wp-json\/wp\/v2\/comments?post=3333"}],"version-history":[{"count":1,"href":"http:\/\/site.zile.bel.tr\/index.php\/wp-json\/wp\/v2\/posts\/3333\/revisions"}],"predecessor-version":[{"id":3337,"href":"http:\/\/site.zile.bel.tr\/index.php\/wp-json\/wp\/v2\/posts\/3333\/revisions\/3337"}],"wp:featuredmedia":[{"embeddable":true,"href":"http:\/\/site.zile.bel.tr\/index.php\/wp-json\/wp\/v2\/media\/3334"}],"wp:attachment":[{"href":"http:\/\/site.zile.bel.tr\/index.php\/wp-json\/wp\/v2\/media?parent=3333"}],"wp:term":[{"taxonomy":"category","embeddable":true,"href":"http:\/\/site.zile.bel.tr\/index.php\/wp-json\/wp\/v2\/categories?post=3333"},{"taxonomy":"post_tag","embeddable":true,"href":"http:\/\/site.zile.bel.tr\/index.php\/wp-json\/wp\/v2\/tags?post=3333"}],"curies":[{"name":"wp","href":"https:\/\/api.w.org\/{rel}","templated":true}]}}