{"id":3338,"date":"2022-03-30T12:54:33","date_gmt":"2022-03-30T09:54:33","guid":{"rendered":"http:\/\/site.zile.bel.tr\/?p=3338"},"modified":"2022-04-01T13:00:10","modified_gmt":"2022-04-01T10:00:10","slug":"zile-belediyesi-ile-turkiye-belediyeler-birligi-tarafindan-duzenlenen-kamu-personelinin-kisisel-gelisim-ve-imaj-yonetimi-semineri-son-buldu","status":"publish","type":"post","link":"http:\/\/site.zile.bel.tr\/index.php\/2022\/03\/30\/zile-belediyesi-ile-turkiye-belediyeler-birligi-tarafindan-duzenlenen-kamu-personelinin-kisisel-gelisim-ve-imaj-yonetimi-semineri-son-buldu\/","title":{"rendered":"Zile Belediyesi ile T\u00fcrkiye Belediyeler Birli\u011fi Taraf\u0131ndan D\u00fczenlenen Kamu Personelinin Ki\u015fisel Geli\u015fim ve \u0130maj Y\u00f6netimi Semineri Son Buldu"},"content":{"rendered":"<p>Zile Belediyesi ile T\u00fcrkiye Belediyeler Birli\u011fi taraf\u0131ndan kamu personelinin ki\u015fisel geli\u015fim ve imaj y\u00f6netimine katk\u0131 sa\u011flamak amac\u0131yla \u015eehit Emre As \u0130mam Hatip Ortaokulu<br \/>\nE\u011fitim Salonu\u2019nda d\u00fczenlenen ikinci oturum ile seminer son buldu.<br \/>\nTRT Radyo Spikeri ve Diksiyon Geli\u015fim Uzman\u0131 Can \u00c7a\u011fatay Yetik taraf\u0131ndan verilen seminere Belediye Ba\u015fkan\u0131 \u015e\u00fckr\u00fc Sarg\u0131n, kamu kurum birim m\u00fcd\u00fcr ve personelleri kat\u0131l\u0131m sa\u011flad\u0131.<\/p>\n<p><img loading=\"lazy\" decoding=\"async\" class=\"alignnone wp-image-3339\" src=\"http:\/\/site.zile.bel.tr\/wp-content\/uploads\/2022\/04\/WhatsApp-Image-2022-03-30-at-14.19.43-1024x768.jpeg\" alt=\"\" width=\"800\" height=\"600\" srcset=\"http:\/\/site.zile.bel.tr\/wp-content\/uploads\/2022\/04\/WhatsApp-Image-2022-03-30-at-14.19.43-1024x768.jpeg 1024w, http:\/\/site.zile.bel.tr\/wp-content\/uploads\/2022\/04\/WhatsApp-Image-2022-03-30-at-14.19.43-300x225.jpeg 300w, http:\/\/site.zile.bel.tr\/wp-content\/uploads\/2022\/04\/WhatsApp-Image-2022-03-30-at-14.19.43-768x576.jpeg 768w, http:\/\/site.zile.bel.tr\/wp-content\/uploads\/2022\/04\/WhatsApp-Image-2022-03-30-at-14.19.43-1536x1152.jpeg 1536w, http:\/\/site.zile.bel.tr\/wp-content\/uploads\/2022\/04\/WhatsApp-Image-2022-03-30-at-14.19.43.jpeg 1600w\" sizes=\"auto, (max-width: 800px) 100vw, 800px\" \/><\/p>\n","protected":false},"excerpt":{"rendered":"<p>Zile Belediyesi ile T\u00fcrkiye Belediyeler Birli\u011fi taraf\u0131ndan kamu personelinin ki\u015fisel geli\u015fim ve imaj y\u00f6netimine katk\u0131 sa\u011flamak amac\u0131yla \u015eehit Emre As \u0130mam Hatip Ortaokulu E\u011fitim Salonu\u2019nda d\u00fczenlenen ikinci oturum ile seminer son buldu. TRT Radyo Spikeri ve Diksiyon Geli\u015fim Uzman\u0131 Can \u00c7a\u011fatay Yetik taraf\u0131ndan verilen seminere Belediye Ba\u015fkan\u0131 \u015e\u00fckr\u00fc Sarg\u0131n, kamu kurum birim m\u00fcd\u00fcr ve personelleri [&hellip;]<\/p>\n","protected":false},"author":1,"featured_media":3339,"comment_status":"open","ping_status":"open","sticky":false,"template":"","format":"standard","meta":{"footnotes":""},"categories":[11],"tags":[],"class_list":["post-3338","post","type-post","status-publish","format-standard","has-post-thumbnail","hentry","category-haberler"],"_links":{"self":[{"href":"http:\/\/site.zile.bel.tr\/index.php\/wp-json\/wp\/v2\/posts\/3338","targetHints":{"allow":["GET"]}}],"collection":[{"href":"http:\/\/site.zile.bel.tr\/index.php\/wp-json\/wp\/v2\/posts"}],"about":[{"href":"http:\/\/site.zile.bel.tr\/index.php\/wp-json\/wp\/v2\/types\/post"}],"author":[{"embeddable":true,"href":"http:\/\/site.zile.bel.tr\/index.php\/wp-json\/wp\/v2\/users\/1"}],"replies":[{"embeddable":true,"href":"http:\/\/site.zile.bel.tr\/index.php\/wp-json\/wp\/v2\/comments?post=3338"}],"version-history":[{"count":1,"href":"http:\/\/site.zile.bel.tr\/index.php\/wp-json\/wp\/v2\/posts\/3338\/revisions"}],"predecessor-version":[{"id":3340,"href":"http:\/\/site.zile.bel.tr\/index.php\/wp-json\/wp\/v2\/posts\/3338\/revisions\/3340"}],"wp:featuredmedia":[{"embeddable":true,"href":"http:\/\/site.zile.bel.tr\/index.php\/wp-json\/wp\/v2\/media\/3339"}],"wp:attachment":[{"href":"http:\/\/site.zile.bel.tr\/index.php\/wp-json\/wp\/v2\/media?parent=3338"}],"wp:term":[{"taxonomy":"category","embeddable":true,"href":"http:\/\/site.zile.bel.tr\/index.php\/wp-json\/wp\/v2\/categories?post=3338"},{"taxonomy":"post_tag","embeddable":true,"href":"http:\/\/site.zile.bel.tr\/index.php\/wp-json\/wp\/v2\/tags?post=3338"}],"curies":[{"name":"wp","href":"https:\/\/api.w.org\/{rel}","templated":true}]}}