{"id":3341,"date":"2022-03-31T13:01:28","date_gmt":"2022-03-31T10:01:28","guid":{"rendered":"http:\/\/site.zile.bel.tr\/?p=3341"},"modified":"2022-04-01T13:03:21","modified_gmt":"2022-04-01T10:03:21","slug":"iftar-cadirimizi-aciyoruz","status":"publish","type":"post","link":"http:\/\/site.zile.bel.tr\/index.php\/2022\/03\/31\/iftar-cadirimizi-aciyoruz\/","title":{"rendered":"\u0130FTAR \u00c7ADIRIMIZI A\u00c7IYORUZ"},"content":{"rendered":"<p>\u0130FTAR \u00c7ADIRIMIZI A\u00c7IYORUZ<\/p>\n<p>Ge\u00e7en y\u0131l pandemi nedeni ile Ramazan ay\u0131nda t\u00fcm T\u00fcrkiye de oldu\u011fu gibi Zile\u2019miz de de iftar \u00e7ad\u0131rlar\u0131 a\u00e7\u0131lamam\u0131\u015ft\u0131.<\/p>\n<p>Bu y\u0131l belediyemizce \u015eehir Hamam\u0131n\u0131n arkas\u0131ndaki otopark alan\u0131na iftar \u00e7ad\u0131r\u0131m\u0131z\u0131 a\u00e7\u0131yoruz. G\u00fcnl\u00fck yakla\u015f\u0131k 1200 ki\u015fiye \u00fc\u00e7 \u00e7e\u015fit yemek verilecek.<\/p>\n<p>Ayr\u0131ca A\u015fevimiz ya\u015fl\u0131 engelli, ihtiya\u00e7l\u0131, bak\u0131ma muhta\u00e7 ailelere de yemek vermeye devam edecektir.<\/p>\n<p>\u0130ftar organizasyonunda yemek vermek isteyen hay\u0131rsever vatanda\u015flar\u0131m\u0131z\u0131n ayni ve nakdi yard\u0131mlar\u0131n\u0131 bekliyoruz.<\/p>\n<p>\u015eimdiden t\u00fcm \u0130slam Aleminin Ramazan\u0131 \u015eerif ay\u0131n\u0131 kutluyor hay\u0131rlara vesile olmas\u0131n\u0131 diliyoruz.<\/p>\n<p>Yard\u0131m yapacaklar i\u00e7in A\u015fevi Hesaplar\u0131<\/p>\n<p>Vak\u0131fbank.<br \/>\nTR060001500158007298192340<\/p>\n<p><img loading=\"lazy\" decoding=\"async\" class=\"alignnone wp-image-3342\" src=\"http:\/\/site.zile.bel.tr\/wp-content\/uploads\/2022\/04\/WhatsApp-Image-2022-03-30-at-22.36.00-1024x682.jpeg\" alt=\"\" width=\"800\" height=\"533\" srcset=\"http:\/\/site.zile.bel.tr\/wp-content\/uploads\/2022\/04\/WhatsApp-Image-2022-03-30-at-22.36.00-1024x682.jpeg 1024w, http:\/\/site.zile.bel.tr\/wp-content\/uploads\/2022\/04\/WhatsApp-Image-2022-03-30-at-22.36.00-300x200.jpeg 300w, http:\/\/site.zile.bel.tr\/wp-content\/uploads\/2022\/04\/WhatsApp-Image-2022-03-30-at-22.36.00-768x512.jpeg 768w, http:\/\/site.zile.bel.tr\/wp-content\/uploads\/2022\/04\/WhatsApp-Image-2022-03-30-at-22.36.00.jpeg 1280w\" sizes=\"auto, (max-width: 800px) 100vw, 800px\" \/><\/p>\n","protected":false},"excerpt":{"rendered":"<p>\u0130FTAR \u00c7ADIRIMIZI A\u00c7IYORUZ Ge\u00e7en y\u0131l pandemi nedeni ile Ramazan ay\u0131nda t\u00fcm T\u00fcrkiye de oldu\u011fu gibi Zile\u2019miz de de iftar \u00e7ad\u0131rlar\u0131 a\u00e7\u0131lamam\u0131\u015ft\u0131. Bu y\u0131l belediyemizce \u015eehir Hamam\u0131n\u0131n arkas\u0131ndaki otopark alan\u0131na iftar \u00e7ad\u0131r\u0131m\u0131z\u0131 a\u00e7\u0131yoruz. G\u00fcnl\u00fck yakla\u015f\u0131k 1200 ki\u015fiye \u00fc\u00e7 \u00e7e\u015fit yemek verilecek. Ayr\u0131ca A\u015fevimiz ya\u015fl\u0131 engelli, ihtiya\u00e7l\u0131, bak\u0131ma muhta\u00e7 ailelere de yemek vermeye devam edecektir. \u0130ftar organizasyonunda [&hellip;]<\/p>\n","protected":false},"author":1,"featured_media":3342,"comment_status":"open","ping_status":"open","sticky":false,"template":"","format":"standard","meta":{"footnotes":""},"categories":[11],"tags":[],"class_list":["post-3341","post","type-post","status-publish","format-standard","has-post-thumbnail","hentry","category-haberler"],"_links":{"self":[{"href":"http:\/\/site.zile.bel.tr\/index.php\/wp-json\/wp\/v2\/posts\/3341","targetHints":{"allow":["GET"]}}],"collection":[{"href":"http:\/\/site.zile.bel.tr\/index.php\/wp-json\/wp\/v2\/posts"}],"about":[{"href":"http:\/\/site.zile.bel.tr\/index.php\/wp-json\/wp\/v2\/types\/post"}],"author":[{"embeddable":true,"href":"http:\/\/site.zile.bel.tr\/index.php\/wp-json\/wp\/v2\/users\/1"}],"replies":[{"embeddable":true,"href":"http:\/\/site.zile.bel.tr\/index.php\/wp-json\/wp\/v2\/comments?post=3341"}],"version-history":[{"count":1,"href":"http:\/\/site.zile.bel.tr\/index.php\/wp-json\/wp\/v2\/posts\/3341\/revisions"}],"predecessor-version":[{"id":3343,"href":"http:\/\/site.zile.bel.tr\/index.php\/wp-json\/wp\/v2\/posts\/3341\/revisions\/3343"}],"wp:featuredmedia":[{"embeddable":true,"href":"http:\/\/site.zile.bel.tr\/index.php\/wp-json\/wp\/v2\/media\/3342"}],"wp:attachment":[{"href":"http:\/\/site.zile.bel.tr\/index.php\/wp-json\/wp\/v2\/media?parent=3341"}],"wp:term":[{"taxonomy":"category","embeddable":true,"href":"http:\/\/site.zile.bel.tr\/index.php\/wp-json\/wp\/v2\/categories?post=3341"},{"taxonomy":"post_tag","embeddable":true,"href":"http:\/\/site.zile.bel.tr\/index.php\/wp-json\/wp\/v2\/tags?post=3341"}],"curies":[{"name":"wp","href":"https:\/\/api.w.org\/{rel}","templated":true}]}}