{"id":3344,"date":"2022-03-31T13:04:49","date_gmt":"2022-03-31T10:04:49","guid":{"rendered":"http:\/\/site.zile.bel.tr\/?p=3344"},"modified":"2022-04-01T13:06:49","modified_gmt":"2022-04-01T10:06:49","slug":"merzifon-belediye-baskani-alp-kargi-zile-belediye-baskani-sukru-sargini-makaminda-ziyaret-etti","status":"publish","type":"post","link":"http:\/\/site.zile.bel.tr\/index.php\/2022\/03\/31\/merzifon-belediye-baskani-alp-kargi-zile-belediye-baskani-sukru-sargini-makaminda-ziyaret-etti\/","title":{"rendered":"Merzifon Belediye Ba\u015fkan\u0131 Alp Karg\u0131, Zile Belediye Ba\u015fkan\u0131 \u015e\u00fckr\u00fc Sarg\u0131n\u2019\u0131 makam\u0131nda ziyaret etti."},"content":{"rendered":"<p>Merzifon Belediye Ba\u015fkan\u0131 Alp Karg\u0131, Zile Belediye Ba\u015fkan\u0131 \u015e\u00fckr\u00fc Sarg\u0131n\u2019\u0131 makam\u0131nda ziyaret etti. Ziyaretlerinden dolay\u0131 say\u0131n ba\u015fkana te\u015fekk\u00fcr ederiz.<\/p>\n<p><img loading=\"lazy\" decoding=\"async\" class=\"alignnone wp-image-3345\" src=\"http:\/\/site.zile.bel.tr\/wp-content\/uploads\/2022\/04\/WhatsApp-Image-2022-03-31-at-13.39.57-1024x634.jpeg\" alt=\"\" width=\"800\" height=\"496\" srcset=\"http:\/\/site.zile.bel.tr\/wp-content\/uploads\/2022\/04\/WhatsApp-Image-2022-03-31-at-13.39.57-1024x634.jpeg 1024w, http:\/\/site.zile.bel.tr\/wp-content\/uploads\/2022\/04\/WhatsApp-Image-2022-03-31-at-13.39.57-300x186.jpeg 300w, http:\/\/site.zile.bel.tr\/wp-content\/uploads\/2022\/04\/WhatsApp-Image-2022-03-31-at-13.39.57-768x476.jpeg 768w, http:\/\/site.zile.bel.tr\/wp-content\/uploads\/2022\/04\/WhatsApp-Image-2022-03-31-at-13.39.57-1536x951.jpeg 1536w, http:\/\/site.zile.bel.tr\/wp-content\/uploads\/2022\/04\/WhatsApp-Image-2022-03-31-at-13.39.57.jpeg 1600w\" sizes=\"auto, (max-width: 800px) 100vw, 800px\" \/><\/p>\n<p>&nbsp;<\/p>\n","protected":false},"excerpt":{"rendered":"<p>Merzifon Belediye Ba\u015fkan\u0131 Alp Karg\u0131, Zile Belediye Ba\u015fkan\u0131 \u015e\u00fckr\u00fc Sarg\u0131n\u2019\u0131 makam\u0131nda ziyaret etti. Ziyaretlerinden dolay\u0131 say\u0131n ba\u015fkana te\u015fekk\u00fcr ederiz. &nbsp;<\/p>\n","protected":false},"author":1,"featured_media":3345,"comment_status":"open","ping_status":"open","sticky":false,"template":"","format":"standard","meta":{"footnotes":""},"categories":[11],"tags":[],"class_list":["post-3344","post","type-post","status-publish","format-standard","has-post-thumbnail","hentry","category-haberler"],"_links":{"self":[{"href":"http:\/\/site.zile.bel.tr\/index.php\/wp-json\/wp\/v2\/posts\/3344","targetHints":{"allow":["GET"]}}],"collection":[{"href":"http:\/\/site.zile.bel.tr\/index.php\/wp-json\/wp\/v2\/posts"}],"about":[{"href":"http:\/\/site.zile.bel.tr\/index.php\/wp-json\/wp\/v2\/types\/post"}],"author":[{"embeddable":true,"href":"http:\/\/site.zile.bel.tr\/index.php\/wp-json\/wp\/v2\/users\/1"}],"replies":[{"embeddable":true,"href":"http:\/\/site.zile.bel.tr\/index.php\/wp-json\/wp\/v2\/comments?post=3344"}],"version-history":[{"count":1,"href":"http:\/\/site.zile.bel.tr\/index.php\/wp-json\/wp\/v2\/posts\/3344\/revisions"}],"predecessor-version":[{"id":3346,"href":"http:\/\/site.zile.bel.tr\/index.php\/wp-json\/wp\/v2\/posts\/3344\/revisions\/3346"}],"wp:featuredmedia":[{"embeddable":true,"href":"http:\/\/site.zile.bel.tr\/index.php\/wp-json\/wp\/v2\/media\/3345"}],"wp:attachment":[{"href":"http:\/\/site.zile.bel.tr\/index.php\/wp-json\/wp\/v2\/media?parent=3344"}],"wp:term":[{"taxonomy":"category","embeddable":true,"href":"http:\/\/site.zile.bel.tr\/index.php\/wp-json\/wp\/v2\/categories?post=3344"},{"taxonomy":"post_tag","embeddable":true,"href":"http:\/\/site.zile.bel.tr\/index.php\/wp-json\/wp\/v2\/tags?post=3344"}],"curies":[{"name":"wp","href":"https:\/\/api.w.org\/{rel}","templated":true}]}}