{"id":3353,"date":"2022-04-01T21:09:06","date_gmt":"2022-04-01T18:09:06","guid":{"rendered":"http:\/\/site.zile.bel.tr\/?p=3353"},"modified":"2022-04-02T21:14:04","modified_gmt":"2022-04-02T18:14:04","slug":"baskan-sargindan-ramazan-i-serif-mesaji","status":"publish","type":"post","link":"http:\/\/site.zile.bel.tr\/index.php\/2022\/04\/01\/baskan-sargindan-ramazan-i-serif-mesaji\/","title":{"rendered":"Ba\u015fkan Sarg\u0131n&#8217;dan Ramazan-\u0131 \u015eerif Mesaj\u0131"},"content":{"rendered":"<p><img loading=\"lazy\" decoding=\"async\" class=\"alignnone wp-image-3354\" src=\"http:\/\/site.zile.bel.tr\/wp-content\/uploads\/2022\/04\/277733944_532610931565240_4196531816854366939_n.jpg\" alt=\"\" width=\"800\" height=\"572\" srcset=\"http:\/\/site.zile.bel.tr\/wp-content\/uploads\/2022\/04\/277733944_532610931565240_4196531816854366939_n.jpg 960w, http:\/\/site.zile.bel.tr\/wp-content\/uploads\/2022\/04\/277733944_532610931565240_4196531816854366939_n-300x214.jpg 300w, http:\/\/site.zile.bel.tr\/wp-content\/uploads\/2022\/04\/277733944_532610931565240_4196531816854366939_n-768x549.jpg 768w\" sizes=\"auto, (max-width: 800px) 100vw, 800px\" \/><\/p>\n","protected":false},"excerpt":{"rendered":"","protected":false},"author":1,"featured_media":3354,"comment_status":"open","ping_status":"open","sticky":false,"template":"","format":"standard","meta":{"footnotes":""},"categories":[11],"tags":[],"class_list":["post-3353","post","type-post","status-publish","format-standard","has-post-thumbnail","hentry","category-haberler"],"_links":{"self":[{"href":"http:\/\/site.zile.bel.tr\/index.php\/wp-json\/wp\/v2\/posts\/3353","targetHints":{"allow":["GET"]}}],"collection":[{"href":"http:\/\/site.zile.bel.tr\/index.php\/wp-json\/wp\/v2\/posts"}],"about":[{"href":"http:\/\/site.zile.bel.tr\/index.php\/wp-json\/wp\/v2\/types\/post"}],"author":[{"embeddable":true,"href":"http:\/\/site.zile.bel.tr\/index.php\/wp-json\/wp\/v2\/users\/1"}],"replies":[{"embeddable":true,"href":"http:\/\/site.zile.bel.tr\/index.php\/wp-json\/wp\/v2\/comments?post=3353"}],"version-history":[{"count":1,"href":"http:\/\/site.zile.bel.tr\/index.php\/wp-json\/wp\/v2\/posts\/3353\/revisions"}],"predecessor-version":[{"id":3355,"href":"http:\/\/site.zile.bel.tr\/index.php\/wp-json\/wp\/v2\/posts\/3353\/revisions\/3355"}],"wp:featuredmedia":[{"embeddable":true,"href":"http:\/\/site.zile.bel.tr\/index.php\/wp-json\/wp\/v2\/media\/3354"}],"wp:attachment":[{"href":"http:\/\/site.zile.bel.tr\/index.php\/wp-json\/wp\/v2\/media?parent=3353"}],"wp:term":[{"taxonomy":"category","embeddable":true,"href":"http:\/\/site.zile.bel.tr\/index.php\/wp-json\/wp\/v2\/categories?post=3353"},{"taxonomy":"post_tag","embeddable":true,"href":"http:\/\/site.zile.bel.tr\/index.php\/wp-json\/wp\/v2\/tags?post=3353"}],"curies":[{"name":"wp","href":"https:\/\/api.w.org\/{rel}","templated":true}]}}