{"id":3372,"date":"2022-04-05T09:14:55","date_gmt":"2022-04-05T06:14:55","guid":{"rendered":"http:\/\/site.zile.bel.tr\/?p=3372"},"modified":"2022-04-06T09:26:30","modified_gmt":"2022-04-06T06:26:30","slug":"zile-belediyesi-cevre-koruma-kontrol-birimi-tarafindan-ilkokul-ogrencilerimiz-bireysel-atik-su-aritma-tesisini-gezdiler","status":"publish","type":"post","link":"http:\/\/site.zile.bel.tr\/index.php\/2022\/04\/05\/zile-belediyesi-cevre-koruma-kontrol-birimi-tarafindan-ilkokul-ogrencilerimiz-bireysel-atik-su-aritma-tesisini-gezdiler\/","title":{"rendered":"Zile Belediyesi \u00c7evre Koruma Kontrol Birimi taraf\u0131ndan \u0130lkokul \u00d6\u011frencilerimiz Bireysel At\u0131k Su Ar\u0131tma Tesisi\u2019ni Gezdiler"},"content":{"rendered":"<p>Zile Belediyesi \u00c7evre Koruma Kontrol Birimi taraf\u0131ndan Melik Gazi ve Atiye Bekir Din\u00e7erler \u0130lkokulu \u00f6\u011frencilerimiz, \u201c \u00c7evre ve \u0130klim De\u011fi\u015fikli\u011fi Projeleri \u201d kapsam\u0131nda Zile Belediyesi Bireysel At\u0131k Su Ar\u0131tma Tesisi\u2019ni ziyaret ettiler. Yap\u0131lan gezi sonucunda ilkokul \u00f6\u011frencilerimiz evlerde ve i\u015fyerlerinde kullan\u0131lan sular\u0131n ar\u0131t\u0131lmas\u0131 s\u00fcrecini g\u00f6zleriyle g\u00f6rd\u00fcler.<\/p>\n<p><img loading=\"lazy\" decoding=\"async\" class=\"alignnone wp-image-3375\" src=\"http:\/\/site.zile.bel.tr\/wp-content\/uploads\/2022\/04\/277766745_534856434674023_7798294047742386571_n.jpg\" alt=\"\" width=\"800\" height=\"533\" srcset=\"http:\/\/site.zile.bel.tr\/wp-content\/uploads\/2022\/04\/277766745_534856434674023_7798294047742386571_n.jpg 1024w, http:\/\/site.zile.bel.tr\/wp-content\/uploads\/2022\/04\/277766745_534856434674023_7798294047742386571_n-300x200.jpg 300w, http:\/\/site.zile.bel.tr\/wp-content\/uploads\/2022\/04\/277766745_534856434674023_7798294047742386571_n-768x512.jpg 768w\" sizes=\"auto, (max-width: 800px) 100vw, 800px\" \/><\/p>\n\n\t\t<style type=\"text\/css\">\n\t\t\t#gallery-1 {\n\t\t\t\tmargin: auto;\n\t\t\t}\n\t\t\t#gallery-1 .gallery-item {\n\t\t\t\tfloat: left;\n\t\t\t\tmargin-top: 10px;\n\t\t\t\ttext-align: center;\n\t\t\t\twidth: 33%;\n\t\t\t}\n\t\t\t#gallery-1 img {\n\t\t\t\tborder: 2px solid #cfcfcf;\n\t\t\t}\n\t\t\t#gallery-1 .gallery-caption {\n\t\t\t\tmargin-left: 0;\n\t\t\t}\n\t\t\t\/* see gallery_shortcode() in wp-includes\/media.php *\/\n\t\t<\/style>\n\t\t<div id='gallery-1' class='gallery galleryid-3372 gallery-columns-3 gallery-size-thumbnail'><dl class='gallery-item'>\n\t\t\t<dt class='gallery-icon landscape'>\n\t\t\t\t<a href='http:\/\/site.zile.bel.tr\/wp-content\/uploads\/2022\/04\/277773782_534856251340708_2198904625913502308_n.jpg'><img loading=\"lazy\" decoding=\"async\" width=\"150\" height=\"150\" src=\"http:\/\/site.zile.bel.tr\/wp-content\/uploads\/2022\/04\/277773782_534856251340708_2198904625913502308_n-150x150.jpg\" class=\"attachment-thumbnail size-thumbnail\" alt=\"\" \/><\/a>\n\t\t\t<\/dt><\/dl><dl class='gallery-item'>\n\t\t\t<dt class='gallery-icon landscape'>\n\t\t\t\t<a href='http:\/\/site.zile.bel.tr\/wp-content\/uploads\/2022\/04\/277538416_534856411340692_8341514270343234452_n.jpg'><img loading=\"lazy\" decoding=\"async\" width=\"150\" height=\"150\" src=\"http:\/\/site.zile.bel.tr\/wp-content\/uploads\/2022\/04\/277538416_534856411340692_8341514270343234452_n-150x150.jpg\" class=\"attachment-thumbnail size-thumbnail\" alt=\"\" \/><\/a>\n\t\t\t<\/dt><\/dl><dl class='gallery-item'>\n\t\t\t<dt class='gallery-icon landscape'>\n\t\t\t\t<a href='http:\/\/site.zile.bel.tr\/wp-content\/uploads\/2022\/04\/277761506_534856191340714_1357565250311762328_n.jpg'><img loading=\"lazy\" decoding=\"async\" width=\"150\" height=\"150\" src=\"http:\/\/site.zile.bel.tr\/wp-content\/uploads\/2022\/04\/277761506_534856191340714_1357565250311762328_n-150x150.jpg\" class=\"attachment-thumbnail size-thumbnail\" alt=\"\" \/><\/a>\n\t\t\t<\/dt><\/dl><br style=\"clear: both\" \/>\n\t\t<\/div>\n\n<p>&nbsp;<\/p>\n","protected":false},"excerpt":{"rendered":"<p>Zile Belediyesi \u00c7evre Koruma Kontrol Birimi taraf\u0131ndan Melik Gazi ve Atiye Bekir Din\u00e7erler \u0130lkokulu \u00f6\u011frencilerimiz, \u201c \u00c7evre ve \u0130klim De\u011fi\u015fikli\u011fi Projeleri \u201d kapsam\u0131nda Zile Belediyesi Bireysel At\u0131k Su Ar\u0131tma Tesisi\u2019ni ziyaret ettiler. Yap\u0131lan gezi sonucunda ilkokul \u00f6\u011frencilerimiz evlerde ve i\u015fyerlerinde kullan\u0131lan sular\u0131n ar\u0131t\u0131lmas\u0131 s\u00fcrecini g\u00f6zleriyle g\u00f6rd\u00fcler. &nbsp;<\/p>\n","protected":false},"author":1,"featured_media":3375,"comment_status":"open","ping_status":"open","sticky":false,"template":"","format":"standard","meta":{"footnotes":""},"categories":[11],"tags":[],"class_list":["post-3372","post","type-post","status-publish","format-standard","has-post-thumbnail","hentry","category-haberler"],"_links":{"self":[{"href":"http:\/\/site.zile.bel.tr\/index.php\/wp-json\/wp\/v2\/posts\/3372","targetHints":{"allow":["GET"]}}],"collection":[{"href":"http:\/\/site.zile.bel.tr\/index.php\/wp-json\/wp\/v2\/posts"}],"about":[{"href":"http:\/\/site.zile.bel.tr\/index.php\/wp-json\/wp\/v2\/types\/post"}],"author":[{"embeddable":true,"href":"http:\/\/site.zile.bel.tr\/index.php\/wp-json\/wp\/v2\/users\/1"}],"replies":[{"embeddable":true,"href":"http:\/\/site.zile.bel.tr\/index.php\/wp-json\/wp\/v2\/comments?post=3372"}],"version-history":[{"count":1,"href":"http:\/\/site.zile.bel.tr\/index.php\/wp-json\/wp\/v2\/posts\/3372\/revisions"}],"predecessor-version":[{"id":3377,"href":"http:\/\/site.zile.bel.tr\/index.php\/wp-json\/wp\/v2\/posts\/3372\/revisions\/3377"}],"wp:featuredmedia":[{"embeddable":true,"href":"http:\/\/site.zile.bel.tr\/index.php\/wp-json\/wp\/v2\/media\/3375"}],"wp:attachment":[{"href":"http:\/\/site.zile.bel.tr\/index.php\/wp-json\/wp\/v2\/media?parent=3372"}],"wp:term":[{"taxonomy":"category","embeddable":true,"href":"http:\/\/site.zile.bel.tr\/index.php\/wp-json\/wp\/v2\/categories?post=3372"},{"taxonomy":"post_tag","embeddable":true,"href":"http:\/\/site.zile.bel.tr\/index.php\/wp-json\/wp\/v2\/tags?post=3372"}],"curies":[{"name":"wp","href":"https:\/\/api.w.org\/{rel}","templated":true}]}}