{"id":3508,"date":"2022-04-19T09:23:04","date_gmt":"2022-04-19T06:23:04","guid":{"rendered":"http:\/\/site.zile.bel.tr\/?p=3508"},"modified":"2022-04-21T09:26:49","modified_gmt":"2022-04-21T06:26:49","slug":"zile-belediyespor-kulubu-sporcusu-poyraz-bilgin-turkiye-sampiyonu-oldu","status":"publish","type":"post","link":"http:\/\/site.zile.bel.tr\/index.php\/2022\/04\/19\/zile-belediyespor-kulubu-sporcusu-poyraz-bilgin-turkiye-sampiyonu-oldu\/","title":{"rendered":"Zile Belediyespor Kul\u00fcb\u00fc Sporcusu Poyraz Bilgin T\u00fcrkiye \u015eampiyonu Oldu"},"content":{"rendered":"<div dir=\"auto\">Zile Belediyespor Kul\u00fcb\u00fc sporcusu Poyraz Bilgin, T\u00fcrkiye G\u00fcre\u015f Federasyonu\u2019nun Afyonkarahisar\u2019da d\u00fczenlemi\u015f oldu\u011fu \u015fampiyonada 11-13 ya\u015f kategorisi 57 kiloda T\u00fcrkiye \u015eampiyonu olmu\u015ftur.<\/div>\n<div dir=\"auto\">Poyraz Bilgin\u2019e Zile Belediye Ba\u015fkan\u0131 \u015e\u00fckr\u00fc Sarg\u0131n ba\u015far\u0131lar\u0131n\u0131n devam\u0131n\u0131 dileyerek alt\u0131nla \u00f6d\u00fcllendirdi.<\/div>\n<div dir=\"auto\"><img loading=\"lazy\" decoding=\"async\" class=\"alignnone wp-image-3509\" src=\"http:\/\/site.zile.bel.tr\/wp-content\/uploads\/2022\/04\/278856012_543696520456681_4877153242619331144_n.jpg\" alt=\"\" width=\"800\" height=\"533\" srcset=\"http:\/\/site.zile.bel.tr\/wp-content\/uploads\/2022\/04\/278856012_543696520456681_4877153242619331144_n.jpg 960w, http:\/\/site.zile.bel.tr\/wp-content\/uploads\/2022\/04\/278856012_543696520456681_4877153242619331144_n-300x200.jpg 300w, http:\/\/site.zile.bel.tr\/wp-content\/uploads\/2022\/04\/278856012_543696520456681_4877153242619331144_n-768x511.jpg 768w\" sizes=\"auto, (max-width: 800px) 100vw, 800px\" \/><\/div>\n<div dir=\"auto\">\n\n\t\t<style type=\"text\/css\">\n\t\t\t#gallery-1 {\n\t\t\t\tmargin: auto;\n\t\t\t}\n\t\t\t#gallery-1 .gallery-item {\n\t\t\t\tfloat: left;\n\t\t\t\tmargin-top: 10px;\n\t\t\t\ttext-align: center;\n\t\t\t\twidth: 33%;\n\t\t\t}\n\t\t\t#gallery-1 img {\n\t\t\t\tborder: 2px solid #cfcfcf;\n\t\t\t}\n\t\t\t#gallery-1 .gallery-caption {\n\t\t\t\tmargin-left: 0;\n\t\t\t}\n\t\t\t\/* see gallery_shortcode() in wp-includes\/media.php *\/\n\t\t<\/style>\n\t\t<div id='gallery-1' class='gallery galleryid-3508 gallery-columns-3 gallery-size-thumbnail'><dl class='gallery-item'>\n\t\t\t<dt class='gallery-icon landscape'>\n\t\t\t\t<a href='http:\/\/site.zile.bel.tr\/wp-content\/uploads\/2022\/04\/278864427_543696707123329_8500551476866776634_n.jpg'><img loading=\"lazy\" decoding=\"async\" width=\"150\" height=\"150\" src=\"http:\/\/site.zile.bel.tr\/wp-content\/uploads\/2022\/04\/278864427_543696707123329_8500551476866776634_n-150x150.jpg\" class=\"attachment-thumbnail size-thumbnail\" alt=\"\" \/><\/a>\n\t\t\t<\/dt><\/dl><dl class='gallery-item'>\n\t\t\t<dt class='gallery-icon landscape'>\n\t\t\t\t<a href='http:\/\/site.zile.bel.tr\/wp-content\/uploads\/2022\/04\/278813717_543696573790009_4960784659392374512_n.jpg'><img loading=\"lazy\" decoding=\"async\" width=\"150\" height=\"150\" src=\"http:\/\/site.zile.bel.tr\/wp-content\/uploads\/2022\/04\/278813717_543696573790009_4960784659392374512_n-150x150.jpg\" class=\"attachment-thumbnail size-thumbnail\" alt=\"\" \/><\/a>\n\t\t\t<\/dt><\/dl>\n\t\t\t<br style='clear: both' \/>\n\t\t<\/div>\n\n<\/div>\n","protected":false},"excerpt":{"rendered":"<p>Zile Belediyespor Kul\u00fcb\u00fc sporcusu Poyraz Bilgin, T\u00fcrkiye G\u00fcre\u015f Federasyonu\u2019nun Afyonkarahisar\u2019da d\u00fczenlemi\u015f oldu\u011fu \u015fampiyonada 11-13 ya\u015f kategorisi 57 kiloda T\u00fcrkiye \u015eampiyonu olmu\u015ftur. Poyraz Bilgin\u2019e Zile Belediye Ba\u015fkan\u0131 \u015e\u00fckr\u00fc Sarg\u0131n ba\u015far\u0131lar\u0131n\u0131n devam\u0131n\u0131 dileyerek alt\u0131nla \u00f6d\u00fcllendirdi.<\/p>\n","protected":false},"author":1,"featured_media":3509,"comment_status":"open","ping_status":"open","sticky":false,"template":"","format":"standard","meta":{"footnotes":""},"categories":[11],"tags":[],"class_list":["post-3508","post","type-post","status-publish","format-standard","has-post-thumbnail","hentry","category-haberler"],"_links":{"self":[{"href":"http:\/\/site.zile.bel.tr\/index.php\/wp-json\/wp\/v2\/posts\/3508","targetHints":{"allow":["GET"]}}],"collection":[{"href":"http:\/\/site.zile.bel.tr\/index.php\/wp-json\/wp\/v2\/posts"}],"about":[{"href":"http:\/\/site.zile.bel.tr\/index.php\/wp-json\/wp\/v2\/types\/post"}],"author":[{"embeddable":true,"href":"http:\/\/site.zile.bel.tr\/index.php\/wp-json\/wp\/v2\/users\/1"}],"replies":[{"embeddable":true,"href":"http:\/\/site.zile.bel.tr\/index.php\/wp-json\/wp\/v2\/comments?post=3508"}],"version-history":[{"count":1,"href":"http:\/\/site.zile.bel.tr\/index.php\/wp-json\/wp\/v2\/posts\/3508\/revisions"}],"predecessor-version":[{"id":3512,"href":"http:\/\/site.zile.bel.tr\/index.php\/wp-json\/wp\/v2\/posts\/3508\/revisions\/3512"}],"wp:featuredmedia":[{"embeddable":true,"href":"http:\/\/site.zile.bel.tr\/index.php\/wp-json\/wp\/v2\/media\/3509"}],"wp:attachment":[{"href":"http:\/\/site.zile.bel.tr\/index.php\/wp-json\/wp\/v2\/media?parent=3508"}],"wp:term":[{"taxonomy":"category","embeddable":true,"href":"http:\/\/site.zile.bel.tr\/index.php\/wp-json\/wp\/v2\/categories?post=3508"},{"taxonomy":"post_tag","embeddable":true,"href":"http:\/\/site.zile.bel.tr\/index.php\/wp-json\/wp\/v2\/tags?post=3508"}],"curies":[{"name":"wp","href":"https:\/\/api.w.org\/{rel}","templated":true}]}}