{"id":3535,"date":"2022-04-23T13:46:16","date_gmt":"2022-04-23T10:46:16","guid":{"rendered":"http:\/\/site.zile.bel.tr\/?p=3535"},"modified":"2022-04-25T13:52:29","modified_gmt":"2022-04-25T10:52:29","slug":"23-nisan-ulusal-egemenlik-ve-cocuk-bayrami-resmi-programi-ilcemizde-yapildi","status":"publish","type":"post","link":"http:\/\/site.zile.bel.tr\/index.php\/2022\/04\/23\/23-nisan-ulusal-egemenlik-ve-cocuk-bayrami-resmi-programi-ilcemizde-yapildi\/","title":{"rendered":"23 Nisan Ulusal Egemenlik ve \u00c7ocuk Bayram\u0131 Resmi Program\u0131 \u0130l\u00e7emizde Yap\u0131ld\u0131"},"content":{"rendered":"<div class=\"kvgmc6g5 cxmmr5t8 oygrvhab hcukyx3x c1et5uql ii04i59q\">\n<div dir=\"auto\">23 Nisan Ulusal Egemenlik ve \u00c7ocuk Bayram\u0131 resmi program\u0131 il\u00e7emizde yap\u0131ld\u0131. Eski H\u00fck\u00fcmet Kona\u011f\u0131 \u00f6n\u00fcnde yap\u0131lan programda Kaymakam Mehmet Ali Aky\u00fcz, Belediye Ba\u015fkan\u0131 \u015e\u00fckr\u00fc Sarg\u0131n, Cumhuriyet Ba\u015fsavc\u0131s\u0131 Abdullah Amanvermez kat\u0131l\u0131m sa\u011flarken \u0130l\u00e7e Milli E\u011fitim M\u00fcd\u00fcr\u00fc Hac\u0131 Bayram Polattimur Atat\u00fcrk An\u0131t\u0131&#8217;na \u00e7elenk sunumunu ger\u00e7ekle\u015ftirdi. Buradaki t\u00f6renin ard\u0131ndan \u015fehir stadyumunda STK temsilcileri ve vatanda\u015flar\u0131m\u0131z\u0131n kat\u0131l\u0131m\u0131yla ger\u00e7ekle\u015fen programda TBMM&#8217; nin kurulu\u015fu, ulusal kurtulu\u015f m\u00fccadelesi ve kazan\u0131lm\u0131\u015f ulus egemenli\u011fimiz ile \u00e7ocuklara arma\u011fan edilen bu g\u00fcn\u00fcn \u00f6nemine dair a\u00e7\u0131klamalar yap\u0131ld\u0131. \u00c7e\u015fitli ya\u015f gruplar\u0131ndan \u00f6\u011frencilerin g\u00f6sterileri yo\u011fun kat\u0131l\u0131m ve ilgiyle izlendi. \u00c7o\u00e7uklar\u0131n yapm\u0131\u015f oldu\u011fu yar\u0131\u015fmalarda \u00f6d\u00fclleri Kaymakam Mehmet Ali Aky\u00fcz, Belediye Ba\u015fkan\u0131 \u015e\u00fckr\u00fc Sarg\u0131n ve Cumhuriyet Ba\u015fsavc\u0131s\u0131 Abdullah Amanvermez \u00f6\u011frencilere takdim ettiler.<\/div>\n<div dir=\"auto\">Stadyum program\u0131 soras\u0131nda Belediye Ba\u015fkan\u0131 \u015e\u00fckr\u00fc Sarg\u0131n, Cumhuriyet Halk Partisi \u0130l\u00e7e Ba\u015fkanl\u0131\u011f\u0131\u2019n\u0131n \u00e7elenk sunum t\u00f6renine kat\u0131ld\u0131.<\/div>\n<\/div>\n<div class=\"cxmmr5t8 oygrvhab hcukyx3x c1et5uql o9v6fnle ii04i59q\">\n<div dir=\"auto\">Zile Belediye Ba\u015fkan\u0131 \u015e\u00fckr\u00fc Sarg\u0131n g\u00fcn\u00fcn \u00f6nemine dair yapt\u0131\u011f\u0131 a\u00e7\u0131klamada &#8220;Ulusal direni\u015fin, ortak akl\u0131n, yenilenmenin, \u00e7a\u011fda\u015fl\u0131kla bir araya gelerek d\u00fcnya ile bar\u0131\u015f\u0131n ne denli \u00f6nemli oldu\u011funu ya\u015fay\u0131p g\u00f6rmekteyiz. Gelece\u011fimizin teminat\u0131, vatan\u0131m\u0131z\u0131n nazar boncu\u011fu \u00e7ocuklar\u0131m\u0131z\u0131n bayramlar\u0131n\u0131 kutluyor, Gazi Mustafa Kemal Atat\u00fcrk ba\u015fta olmak \u00fczere t\u00fcm \u015fehit ve gazilerimizi sayg\u0131 ve minnetle an\u0131yorum&#8221; dedi.<\/div>\n<div dir=\"auto\"><img loading=\"lazy\" decoding=\"async\" class=\"alignnone wp-image-3536\" src=\"http:\/\/site.zile.bel.tr\/wp-content\/uploads\/2022\/04\/278871349_546501350176198_913655683044370908_n.jpg\" alt=\"\" width=\"800\" height=\"533\" srcset=\"http:\/\/site.zile.bel.tr\/wp-content\/uploads\/2022\/04\/278871349_546501350176198_913655683044370908_n.jpg 960w, http:\/\/site.zile.bel.tr\/wp-content\/uploads\/2022\/04\/278871349_546501350176198_913655683044370908_n-300x200.jpg 300w, http:\/\/site.zile.bel.tr\/wp-content\/uploads\/2022\/04\/278871349_546501350176198_913655683044370908_n-768x511.jpg 768w\" sizes=\"auto, (max-width: 800px) 100vw, 800px\" \/><\/div>\n<\/div>\n<div dir=\"auto\"><\/div>\n<div dir=\"auto\">\n\n\t\t<style type=\"text\/css\">\n\t\t\t#gallery-1 {\n\t\t\t\tmargin: auto;\n\t\t\t}\n\t\t\t#gallery-1 .gallery-item {\n\t\t\t\tfloat: left;\n\t\t\t\tmargin-top: 10px;\n\t\t\t\ttext-align: center;\n\t\t\t\twidth: 33%;\n\t\t\t}\n\t\t\t#gallery-1 img {\n\t\t\t\tborder: 2px solid #cfcfcf;\n\t\t\t}\n\t\t\t#gallery-1 .gallery-caption {\n\t\t\t\tmargin-left: 0;\n\t\t\t}\n\t\t\t\/* see gallery_shortcode() in wp-includes\/media.php *\/\n\t\t<\/style>\n\t\t<div id='gallery-1' class='gallery galleryid-3535 gallery-columns-3 gallery-size-thumbnail'><dl class='gallery-item'>\n\t\t\t<dt class='gallery-icon landscape'>\n\t\t\t\t<a href='http:\/\/site.zile.bel.tr\/wp-content\/uploads\/2022\/04\/278871349_546501350176198_913655683044370908_n-1.jpg'><img loading=\"lazy\" decoding=\"async\" width=\"150\" height=\"150\" src=\"http:\/\/site.zile.bel.tr\/wp-content\/uploads\/2022\/04\/278871349_546501350176198_913655683044370908_n-1-150x150.jpg\" class=\"attachment-thumbnail size-thumbnail\" alt=\"\" \/><\/a>\n\t\t\t<\/dt><\/dl><dl class='gallery-item'>\n\t\t\t<dt class='gallery-icon landscape'>\n\t\t\t\t<a href='http:\/\/site.zile.bel.tr\/wp-content\/uploads\/2022\/04\/278941912_546501396842860_5155823824173238169_n.jpg'><img loading=\"lazy\" decoding=\"async\" width=\"150\" height=\"150\" src=\"http:\/\/site.zile.bel.tr\/wp-content\/uploads\/2022\/04\/278941912_546501396842860_5155823824173238169_n-150x150.jpg\" class=\"attachment-thumbnail size-thumbnail\" alt=\"\" \/><\/a>\n\t\t\t<\/dt><\/dl><dl class='gallery-item'>\n\t\t\t<dt class='gallery-icon landscape'>\n\t\t\t\t<a href='http:\/\/site.zile.bel.tr\/wp-content\/uploads\/2022\/04\/278604370_546501906842809_8102200425925859584_n.jpg'><img loading=\"lazy\" decoding=\"async\" width=\"150\" height=\"150\" src=\"http:\/\/site.zile.bel.tr\/wp-content\/uploads\/2022\/04\/278604370_546501906842809_8102200425925859584_n-150x150.jpg\" class=\"attachment-thumbnail size-thumbnail\" alt=\"\" \/><\/a>\n\t\t\t<\/dt><\/dl><br style=\"clear: both\" \/><dl class='gallery-item'>\n\t\t\t<dt class='gallery-icon landscape'>\n\t\t\t\t<a href='http:\/\/site.zile.bel.tr\/wp-content\/uploads\/2022\/04\/278832140_546502673509399_6875454523278493623_n.jpg'><img loading=\"lazy\" decoding=\"async\" width=\"150\" height=\"150\" src=\"http:\/\/site.zile.bel.tr\/wp-content\/uploads\/2022\/04\/278832140_546502673509399_6875454523278493623_n-150x150.jpg\" class=\"attachment-thumbnail size-thumbnail\" alt=\"\" \/><\/a>\n\t\t\t<\/dt><\/dl><dl class='gallery-item'>\n\t\t\t<dt class='gallery-icon landscape'>\n\t\t\t\t<a href='http:\/\/site.zile.bel.tr\/wp-content\/uploads\/2022\/04\/278729067_546502043509462_2188983526649241158_n.jpg'><img loading=\"lazy\" decoding=\"async\" width=\"150\" height=\"150\" src=\"http:\/\/site.zile.bel.tr\/wp-content\/uploads\/2022\/04\/278729067_546502043509462_2188983526649241158_n-150x150.jpg\" class=\"attachment-thumbnail size-thumbnail\" alt=\"\" \/><\/a>\n\t\t\t<\/dt><\/dl><dl class='gallery-item'>\n\t\t\t<dt class='gallery-icon landscape'>\n\t\t\t\t<a href='http:\/\/site.zile.bel.tr\/wp-content\/uploads\/2022\/04\/278797391_546501936842806_7925459788005504942_n.jpg'><img loading=\"lazy\" decoding=\"async\" width=\"150\" height=\"150\" src=\"http:\/\/site.zile.bel.tr\/wp-content\/uploads\/2022\/04\/278797391_546501936842806_7925459788005504942_n-150x150.jpg\" class=\"attachment-thumbnail size-thumbnail\" alt=\"\" \/><\/a>\n\t\t\t<\/dt><\/dl><br style=\"clear: both\" \/><dl class='gallery-item'>\n\t\t\t<dt class='gallery-icon landscape'>\n\t\t\t\t<a href='http:\/\/site.zile.bel.tr\/wp-content\/uploads\/2022\/04\/278711626_546501966842803_4413712665544362912_n.jpg'><img loading=\"lazy\" decoding=\"async\" width=\"150\" height=\"150\" src=\"http:\/\/site.zile.bel.tr\/wp-content\/uploads\/2022\/04\/278711626_546501966842803_4413712665544362912_n-150x150.jpg\" class=\"attachment-thumbnail size-thumbnail\" alt=\"\" \/><\/a>\n\t\t\t<\/dt><\/dl><dl class='gallery-item'>\n\t\t\t<dt class='gallery-icon landscape'>\n\t\t\t\t<a href='http:\/\/site.zile.bel.tr\/wp-content\/uploads\/2022\/04\/278647995_546502686842731_7614576505376132132_n.jpg'><img loading=\"lazy\" decoding=\"async\" width=\"150\" height=\"150\" src=\"http:\/\/site.zile.bel.tr\/wp-content\/uploads\/2022\/04\/278647995_546502686842731_7614576505376132132_n-150x150.jpg\" class=\"attachment-thumbnail size-thumbnail\" alt=\"\" \/><\/a>\n\t\t\t<\/dt><\/dl><dl class='gallery-item'>\n\t\t\t<dt class='gallery-icon landscape'>\n\t\t\t\t<a href='http:\/\/site.zile.bel.tr\/wp-content\/uploads\/2022\/04\/278844406_546502723509394_4114936840446155064_n.jpg'><img loading=\"lazy\" decoding=\"async\" width=\"150\" height=\"150\" src=\"http:\/\/site.zile.bel.tr\/wp-content\/uploads\/2022\/04\/278844406_546502723509394_4114936840446155064_n-150x150.jpg\" class=\"attachment-thumbnail size-thumbnail\" alt=\"\" \/><\/a>\n\t\t\t<\/dt><\/dl><br style=\"clear: both\" \/><dl class='gallery-item'>\n\t\t\t<dt class='gallery-icon landscape'>\n\t\t\t\t<a href='http:\/\/site.zile.bel.tr\/wp-content\/uploads\/2022\/04\/279009945_546502746842725_4750665614516897088_n.jpg'><img loading=\"lazy\" decoding=\"async\" width=\"150\" height=\"150\" src=\"http:\/\/site.zile.bel.tr\/wp-content\/uploads\/2022\/04\/279009945_546502746842725_4750665614516897088_n-150x150.jpg\" class=\"attachment-thumbnail size-thumbnail\" alt=\"\" \/><\/a>\n\t\t\t<\/dt><\/dl>\n\t\t\t<br style='clear: both' \/>\n\t\t<\/div>\n\n<\/div>\n","protected":false},"excerpt":{"rendered":"<p>23 Nisan Ulusal Egemenlik ve \u00c7ocuk Bayram\u0131 resmi program\u0131 il\u00e7emizde yap\u0131ld\u0131. Eski H\u00fck\u00fcmet Kona\u011f\u0131 \u00f6n\u00fcnde yap\u0131lan programda Kaymakam Mehmet Ali Aky\u00fcz, Belediye Ba\u015fkan\u0131 \u015e\u00fckr\u00fc Sarg\u0131n, Cumhuriyet Ba\u015fsavc\u0131s\u0131 Abdullah Amanvermez kat\u0131l\u0131m sa\u011flarken \u0130l\u00e7e Milli E\u011fitim M\u00fcd\u00fcr\u00fc Hac\u0131 Bayram Polattimur Atat\u00fcrk An\u0131t\u0131&#8217;na \u00e7elenk sunumunu ger\u00e7ekle\u015ftirdi. Buradaki t\u00f6renin ard\u0131ndan \u015fehir stadyumunda STK temsilcileri ve vatanda\u015flar\u0131m\u0131z\u0131n kat\u0131l\u0131m\u0131yla ger\u00e7ekle\u015fen programda [&hellip;]<\/p>\n","protected":false},"author":1,"featured_media":3536,"comment_status":"open","ping_status":"open","sticky":false,"template":"","format":"standard","meta":{"footnotes":""},"categories":[11],"tags":[],"class_list":["post-3535","post","type-post","status-publish","format-standard","has-post-thumbnail","hentry","category-haberler"],"_links":{"self":[{"href":"http:\/\/site.zile.bel.tr\/index.php\/wp-json\/wp\/v2\/posts\/3535","targetHints":{"allow":["GET"]}}],"collection":[{"href":"http:\/\/site.zile.bel.tr\/index.php\/wp-json\/wp\/v2\/posts"}],"about":[{"href":"http:\/\/site.zile.bel.tr\/index.php\/wp-json\/wp\/v2\/types\/post"}],"author":[{"embeddable":true,"href":"http:\/\/site.zile.bel.tr\/index.php\/wp-json\/wp\/v2\/users\/1"}],"replies":[{"embeddable":true,"href":"http:\/\/site.zile.bel.tr\/index.php\/wp-json\/wp\/v2\/comments?post=3535"}],"version-history":[{"count":1,"href":"http:\/\/site.zile.bel.tr\/index.php\/wp-json\/wp\/v2\/posts\/3535\/revisions"}],"predecessor-version":[{"id":3547,"href":"http:\/\/site.zile.bel.tr\/index.php\/wp-json\/wp\/v2\/posts\/3535\/revisions\/3547"}],"wp:featuredmedia":[{"embeddable":true,"href":"http:\/\/site.zile.bel.tr\/index.php\/wp-json\/wp\/v2\/media\/3536"}],"wp:attachment":[{"href":"http:\/\/site.zile.bel.tr\/index.php\/wp-json\/wp\/v2\/media?parent=3535"}],"wp:term":[{"taxonomy":"category","embeddable":true,"href":"http:\/\/site.zile.bel.tr\/index.php\/wp-json\/wp\/v2\/categories?post=3535"},{"taxonomy":"post_tag","embeddable":true,"href":"http:\/\/site.zile.bel.tr\/index.php\/wp-json\/wp\/v2\/tags?post=3535"}],"curies":[{"name":"wp","href":"https:\/\/api.w.org\/{rel}","templated":true}]}}