{"id":3605,"date":"2022-05-11T17:42:21","date_gmt":"2022-05-11T14:42:21","guid":{"rendered":"http:\/\/site.zile.bel.tr\/?p=3605"},"modified":"2022-05-12T17:45:22","modified_gmt":"2022-05-12T14:45:22","slug":"engelliler-haftasi-nedeniyle-berkay-oztop-zile-belediye-baskani-sukru-sargini-makaminda-ziyaret-etti","status":"publish","type":"post","link":"http:\/\/site.zile.bel.tr\/index.php\/2022\/05\/11\/engelliler-haftasi-nedeniyle-berkay-oztop-zile-belediye-baskani-sukru-sargini-makaminda-ziyaret-etti\/","title":{"rendered":"&#8220;Engelliler Haftas\u0131&#8221; nedeniyle Berkay \u00d6ztop Zile Belediye Ba\u015fkan\u0131 \u015e\u00fckr\u00fc Sarg\u0131n\u2019\u0131 Makam\u0131nda Ziyaret Etti"},"content":{"rendered":"<div dir=\"auto\">&#8220;Engelliler Haftas\u0131&#8221; nedeniyle Berkay \u00d6ztop Zile Belediye Ba\u015fkan\u0131 \u015e\u00fckr\u00fc Sarg\u0131n\u2019\u0131 makam\u0131nda ziyaret etti.<\/div>\n<div dir=\"auto\">Engellilere Meslek Kazand\u0131rma Dayan\u0131\u015fma Derne\u011fi Ba\u015fkan\u0131 Halil \u0130\u00e7can \u0130le birlikte Nurettin \u00d6ztop\u2019un torunu Berkay \u00d6ztop Belediye Ba\u015fkan\u0131 \u015e\u00fckr\u00fc Sarg\u0131n&#8217;a &#8220;Engelliler Haftas\u0131&#8221; m\u00fcnasebetiyle makam ziyareti yapt\u0131.<\/div>\n<div dir=\"auto\"><img loading=\"lazy\" decoding=\"async\" class=\"alignnone wp-image-3606\" src=\"http:\/\/site.zile.bel.tr\/wp-content\/uploads\/2022\/05\/280648672_558371138989219_8937304705569367745_n.jpg\" alt=\"\" width=\"800\" height=\"533\" srcset=\"http:\/\/site.zile.bel.tr\/wp-content\/uploads\/2022\/05\/280648672_558371138989219_8937304705569367745_n.jpg 960w, http:\/\/site.zile.bel.tr\/wp-content\/uploads\/2022\/05\/280648672_558371138989219_8937304705569367745_n-300x200.jpg 300w, http:\/\/site.zile.bel.tr\/wp-content\/uploads\/2022\/05\/280648672_558371138989219_8937304705569367745_n-768x511.jpg 768w\" sizes=\"auto, (max-width: 800px) 100vw, 800px\" \/><\/div>\n<div dir=\"auto\">\n\n\t\t<style type=\"text\/css\">\n\t\t\t#gallery-1 {\n\t\t\t\tmargin: auto;\n\t\t\t}\n\t\t\t#gallery-1 .gallery-item {\n\t\t\t\tfloat: left;\n\t\t\t\tmargin-top: 10px;\n\t\t\t\ttext-align: center;\n\t\t\t\twidth: 33%;\n\t\t\t}\n\t\t\t#gallery-1 img {\n\t\t\t\tborder: 2px solid #cfcfcf;\n\t\t\t}\n\t\t\t#gallery-1 .gallery-caption {\n\t\t\t\tmargin-left: 0;\n\t\t\t}\n\t\t\t\/* see gallery_shortcode() in wp-includes\/media.php *\/\n\t\t<\/style>\n\t\t<div id='gallery-1' class='gallery galleryid-3605 gallery-columns-3 gallery-size-thumbnail'><dl class='gallery-item'>\n\t\t\t<dt class='gallery-icon landscape'>\n\t\t\t\t<a href='http:\/\/site.zile.bel.tr\/wp-content\/uploads\/2022\/05\/280510006_558371188989214_3067971488150413951_n.jpg'><img loading=\"lazy\" decoding=\"async\" width=\"150\" height=\"150\" src=\"http:\/\/site.zile.bel.tr\/wp-content\/uploads\/2022\/05\/280510006_558371188989214_3067971488150413951_n-150x150.jpg\" class=\"attachment-thumbnail size-thumbnail\" alt=\"\" \/><\/a>\n\t\t\t<\/dt><\/dl>\n\t\t\t<br style='clear: both' \/>\n\t\t<\/div>\n\n<\/div>\n","protected":false},"excerpt":{"rendered":"<p>&#8220;Engelliler Haftas\u0131&#8221; nedeniyle Berkay \u00d6ztop Zile Belediye Ba\u015fkan\u0131 \u015e\u00fckr\u00fc Sarg\u0131n\u2019\u0131 makam\u0131nda ziyaret etti. Engellilere Meslek Kazand\u0131rma Dayan\u0131\u015fma Derne\u011fi Ba\u015fkan\u0131 Halil \u0130\u00e7can \u0130le birlikte Nurettin \u00d6ztop\u2019un torunu Berkay \u00d6ztop Belediye Ba\u015fkan\u0131 \u015e\u00fckr\u00fc Sarg\u0131n&#8217;a &#8220;Engelliler Haftas\u0131&#8221; m\u00fcnasebetiyle makam ziyareti yapt\u0131.<\/p>\n","protected":false},"author":1,"featured_media":3606,"comment_status":"open","ping_status":"open","sticky":false,"template":"","format":"standard","meta":{"footnotes":""},"categories":[11],"tags":[],"class_list":["post-3605","post","type-post","status-publish","format-standard","has-post-thumbnail","hentry","category-haberler"],"_links":{"self":[{"href":"http:\/\/site.zile.bel.tr\/index.php\/wp-json\/wp\/v2\/posts\/3605","targetHints":{"allow":["GET"]}}],"collection":[{"href":"http:\/\/site.zile.bel.tr\/index.php\/wp-json\/wp\/v2\/posts"}],"about":[{"href":"http:\/\/site.zile.bel.tr\/index.php\/wp-json\/wp\/v2\/types\/post"}],"author":[{"embeddable":true,"href":"http:\/\/site.zile.bel.tr\/index.php\/wp-json\/wp\/v2\/users\/1"}],"replies":[{"embeddable":true,"href":"http:\/\/site.zile.bel.tr\/index.php\/wp-json\/wp\/v2\/comments?post=3605"}],"version-history":[{"count":1,"href":"http:\/\/site.zile.bel.tr\/index.php\/wp-json\/wp\/v2\/posts\/3605\/revisions"}],"predecessor-version":[{"id":3608,"href":"http:\/\/site.zile.bel.tr\/index.php\/wp-json\/wp\/v2\/posts\/3605\/revisions\/3608"}],"wp:featuredmedia":[{"embeddable":true,"href":"http:\/\/site.zile.bel.tr\/index.php\/wp-json\/wp\/v2\/media\/3606"}],"wp:attachment":[{"href":"http:\/\/site.zile.bel.tr\/index.php\/wp-json\/wp\/v2\/media?parent=3605"}],"wp:term":[{"taxonomy":"category","embeddable":true,"href":"http:\/\/site.zile.bel.tr\/index.php\/wp-json\/wp\/v2\/categories?post=3605"},{"taxonomy":"post_tag","embeddable":true,"href":"http:\/\/site.zile.bel.tr\/index.php\/wp-json\/wp\/v2\/tags?post=3605"}],"curies":[{"name":"wp","href":"https:\/\/api.w.org\/{rel}","templated":true}]}}