{"id":3689,"date":"2022-05-23T16:23:07","date_gmt":"2022-05-23T13:23:07","guid":{"rendered":"http:\/\/site.zile.bel.tr\/?p=3689"},"modified":"2022-05-23T16:41:34","modified_gmt":"2022-05-23T13:41:34","slug":"5-haziran-cevre-haftasi-odullu-maket-yarismasi","status":"publish","type":"post","link":"http:\/\/site.zile.bel.tr\/index.php\/2022\/05\/23\/5-haziran-cevre-haftasi-odullu-maket-yarismasi\/","title":{"rendered":"5 Haziran \u00c7evre Haftas\u0131 \u00d6d\u00fcll\u00fc Maket Yar\u0131\u015fmas\u0131"},"content":{"rendered":"<p><img loading=\"lazy\" decoding=\"async\" class=\"alignnone wp-image-3690\" src=\"http:\/\/site.zile.bel.tr\/wp-content\/uploads\/2022\/05\/WhatsApp-Image-2022-05-23-at-09.19.30-1024x1024.jpeg\" alt=\"\" width=\"800\" height=\"800\" srcset=\"http:\/\/site.zile.bel.tr\/wp-content\/uploads\/2022\/05\/WhatsApp-Image-2022-05-23-at-09.19.30-1024x1024.jpeg 1024w, http:\/\/site.zile.bel.tr\/wp-content\/uploads\/2022\/05\/WhatsApp-Image-2022-05-23-at-09.19.30-300x300.jpeg 300w, http:\/\/site.zile.bel.tr\/wp-content\/uploads\/2022\/05\/WhatsApp-Image-2022-05-23-at-09.19.30-150x150.jpeg 150w, http:\/\/site.zile.bel.tr\/wp-content\/uploads\/2022\/05\/WhatsApp-Image-2022-05-23-at-09.19.30-768x768.jpeg 768w, http:\/\/site.zile.bel.tr\/wp-content\/uploads\/2022\/05\/WhatsApp-Image-2022-05-23-at-09.19.30-1536x1536.jpeg 1536w, http:\/\/site.zile.bel.tr\/wp-content\/uploads\/2022\/05\/WhatsApp-Image-2022-05-23-at-09.19.30.jpeg 1600w\" sizes=\"auto, (max-width: 800px) 100vw, 800px\" \/><\/p>\n<p>&nbsp;<\/p>\n<h1 style=\"text-align: center;\">\u00a0\u00a0\u00a0\u00a0\u00a0 T.C. Z\u0130LE BELED\u0130YES\u0130<\/h1>\n<h1 style=\"text-align: center;\"><span style=\"font-size: 14pt;\"> \u2018\u2019\u0130KL\u0130M DE\u011e\u0130\u015e\u0130KL\u0130\u011e\u0130N\u0130N<\/span><\/h1>\n<p style=\"text-align: center;\"><span style=\"font-size: 14pt;\"><strong>TOPRAKLARIMIZ, HAVAMIZ VE SULARIMIZ \u00dcZER\u0130NDE YAPTI\u011eI ETK\u0130LER\u2019\u2019 KONULU MAKET YARI\u015eMASI TEKN\u0130K \u015eARTNAMES\u0130<\/strong><\/span><\/p>\n<p>Zile Belediyesi, \u00c7evre Koruma ve Kontrol M\u00fcd\u00fcrl\u00fc\u011f\u00fc\u2019nce iklim de\u011fi\u015fikli\u011fi etkilerine diren\u00e7li ve sa\u011fl\u0131kl\u0131 bir kent yaratmak amac\u0131yla iklim de\u011fi\u015fikli\u011fi, \u00e7evrenin ve do\u011fal zenginliklerin korunmas\u0131, enerji verimlili\u011fi ve yenilenebilir enerji kaynaklar\u0131 kullan\u0131m\u0131 gibi konularda toplumu ayd\u0131nlatmak ve fark\u0131ndal\u0131k olu\u015fturmak amac\u0131yla \u00e7al\u0131\u015fmalar yap\u0131lmaktad\u0131r. Bu \u00e7al\u0131\u015fmalar kapsam\u0131nda \u2018\u2019<strong>\u0130klim <\/strong><strong>De\u011fi\u015fikli\u011finin Topraklar\u0131m\u0131z, Havam\u0131z ve Sular\u0131m\u0131z \u00dczerinde Yapt\u0131\u011f\u0131 Etkiler\u2019\u2019 <\/strong>konulu \u00f6d\u00fcll\u00fc maket yar\u0131\u015fmas\u0131 d\u00fczenlenmektedir.<\/p>\n<p>&nbsp;<\/p>\n<p>&nbsp;<\/p>\n<table>\n<tbody>\n<tr>\n<td width=\"151\">&nbsp;<\/p>\n<p><strong>Yar\u0131\u015fman\u0131n Ad\u0131<\/strong><\/td>\n<td width=\"453\">&nbsp;<\/p>\n<p><strong>GELECE\u011e\u0130M \u0130\u00c7\u0130N \u0130KL\u0130M EYLEM\u0130<\/strong><\/td>\n<\/tr>\n<tr>\n<td width=\"151\">&nbsp;<\/p>\n<p><strong>Konusu<\/strong><\/td>\n<td width=\"453\">&nbsp;<\/p>\n<p>\u0130klim De\u011fi\u015fikli\u011finin Topraklar\u0131m\u0131za, Havam\u0131za ve Sular\u0131m\u0131za yapt\u0131\u011f\u0131 etkiler, yaratt\u0131\u011f\u0131 de\u011fi\u015fiklikler, sonu\u00e7lar\u0131.<\/td>\n<\/tr>\n<tr>\n<td width=\"151\">&nbsp;<\/p>\n<p><strong>T\u00fcr\u00fc<\/strong><\/td>\n<td width=\"453\">&nbsp;<\/p>\n<p>Maket Yap\u0131m\u0131<\/td>\n<\/tr>\n<tr>\n<td width=\"151\"><strong>Kategoriler<\/strong><\/td>\n<td width=\"453\">\u00a0 1)Ortaokul<\/p>\n<p>2)Lise<\/td>\n<\/tr>\n<tr>\n<td width=\"151\"><strong>Tan\u0131m\u0131<\/strong><\/td>\n<td width=\"453\">\u00b7\u00a0\u00a0\u00a0\u00a0\u00a0\u00a0\u00a0\u00a0 \u0130klim de\u011fi\u015fikli\u011finin yaratt\u0131\u011f\u0131 sorunlara dikkat \u00e7ekmek, toplumu ayd\u0131nlatmak ve fark\u0131ndal\u0131k olu\u015fturmak,<\/p>\n<p>&nbsp;<\/p>\n<p>\u00b7\u00a0\u00a0\u00a0\u00a0\u00a0\u00a0\u00a0\u00a0 \u0130klim De\u011fi\u015fikli\u011fi ile m\u00fccadelede, insan fakt\u00f6r\u00fcn\u00fcn \u00f6nemi dolay\u0131s\u0131yla \u00f6\u011frencilerde kal\u0131c\u0131 davran\u0131\u015f de\u011fi\u015fikliklerini sa\u011flamak,<\/p>\n<p>\u00b7\u00a0\u00a0\u00a0\u00a0\u00a0\u00a0\u00a0\u00a0 \u00c7evre bilincinin \u00f6\u011frencilere en do\u011fru ve etkili \u015fekilde aktar\u0131lmas\u0131n\u0131 sa\u011flamak.<\/p>\n<p>\u00b7\u00a0\u00a0\u00a0\u00a0\u00a0\u00a0\u00a0\u00a0 \u00d6\u011frencileri \u0130klim De\u011fi\u015fikli\u011finin Etkileri konular\u0131nda d\u00fc\u015f\u00fcnd\u00fcrmek ve \u00e7\u00f6z\u00fcm\u00fcn par\u00e7as\u0131 olmalar\u0131 konular\u0131nda hareketlendirerek d\u00fc\u015f\u00fcncelerini etkili ve verimli \u015fekilde ifade edebilmelerini te\u015fvik<\/p>\n<p>etmek.<\/td>\n<\/tr>\n<tr>\n<td width=\"151\">&nbsp;<\/p>\n<p><strong>Hedef Kitle<\/strong><\/td>\n<td width=\"453\">Zile \u0130l\u00e7e genelindeki \u0130l\u00e7e Milli E\u011fitim M\u00fcd\u00fcrl\u00fc\u011f\u00fcne ba\u011fl\u0131 Ortaokul ve Lise \u00f6\u011frencileri<\/td>\n<\/tr>\n<\/tbody>\n<\/table>\n<p>&nbsp;<\/p>\n<table>\n<tbody>\n<tr>\n<td width=\"151\">&nbsp;<\/p>\n<p><strong>Son Ba\u015fvuru Tarih<\/strong><\/td>\n<td width=\"453\">&nbsp;<\/p>\n<p>03 Haziran Cuma 2022 13:00 ye kadar<\/td>\n<\/tr>\n<tr>\n<td width=\"151\">&nbsp;<\/p>\n<p><strong>Ba\u015fvuru \u015eekli<\/strong><\/td>\n<td width=\"453\">&nbsp;<\/p>\n<p>Maketler Zile Belediye Ba\u015fkanl\u0131\u011f\u0131 \u00c7evre Koruma ve Kontrol M\u00fcd\u00fcrl\u00fc\u011f\u00fc\u2019ne elden teslim edilecektir.<\/td>\n<\/tr>\n<tr>\n<td width=\"151\">&nbsp;<\/p>\n<p><strong>J\u00fcri<\/strong><\/p>\n<p><strong>De\u011ferlendirme Tarihi<\/strong><\/td>\n<td width=\"453\">&nbsp;<\/p>\n<p>03 Haziran \u00a0\u201305 Haziran 2022<\/p>\n<p>&nbsp;<\/p>\n<p>&nbsp;<\/td>\n<\/tr>\n<tr>\n<td width=\"151\"><strong>Sonu\u00e7lar\u0131n A\u00e7\u0131klanmas\u0131<\/strong><\/td>\n<td width=\"453\">&nbsp;<\/p>\n<p>06 Haziran 2022<\/td>\n<\/tr>\n<tr>\n<td width=\"151\">&nbsp;<\/p>\n<p><strong>\u00d6d\u00fcl T\u00f6reni<\/strong><\/td>\n<td width=\"453\">07 Haziran 2022<\/p>\n<p>(\u00d6d\u00fcller Belediye Ba\u015fkanl\u0131\u011f\u0131 Makam\u0131nda teslim edilecektir.)<\/td>\n<\/tr>\n<tr>\n<td width=\"151\">&nbsp;<\/p>\n<p>&nbsp;<\/p>\n<p>&nbsp;<\/p>\n<p><strong>Ba\u015fvuru Ve \u0130leti\u015fim Bilgileri<\/strong><\/td>\n<td width=\"453\">&nbsp;<\/p>\n<p>Zile Belediyesi \u00c7evre Koruma ve Kontrol M\u00fcd\u00fcrl\u00fc\u011f\u00fc<\/p>\n<p>Amasya Caddesi No:1 60400 Zile\/TOKAT<\/p>\n<p>e-mail: <a href=\"mailto:sifiratik@zile.bel.tr\">sifiratik@zile.bel.tr<\/a><\/p>\n<p>Tel: (0 356) 317 50 80-157<\/p>\n<p>&nbsp;<\/p>\n<p><strong>Ayr\u0131nt\u0131l\u0131 Bilgi i\u00e7in: Ay\u015feg\u00fcl POLATT\u0130MUR<\/strong><\/p>\n<p>Zile Belediyesi<\/p>\n<p>\u00c7evre Koruma ve Kontrol M\u00fcd\u00fcrl\u00fc\u011f\u00fc<\/td>\n<\/tr>\n<tr>\n<td width=\"151\"><strong>Yar\u0131\u015fma \u00d6d\u00fclleri<\/strong><\/td>\n<td width=\"453\">Her Kategoride,<\/p>\n<p>*Birincilik \u00d6d\u00fcl\u00fc: Bisiklet<\/p>\n<p>*\u0130kincilik \u00d6d\u00fcl\u00fc\u00a0 : Tablet<\/p>\n<p>*\u00dc\u00e7\u00fcnc\u00fcl\u00fck \u00d6d\u00fcl\u00fc: Bluetooth Kulakl\u0131k<\/p>\n<p>&nbsp;<\/td>\n<\/tr>\n<\/tbody>\n<\/table>\n<p>&nbsp;<\/p>\n<p>&nbsp;<\/p>\n<h1>KATILIM \u015eARTLARI<\/h1>\n<ul>\n<li>Yar\u0131\u015fmaya \u0130l\u00e7e Milli E\u011fitim M\u00fcd\u00fcrl\u00fc\u011f\u00fcne ba\u011fl\u0131 ve Zile ikametinde olan Ortaokul ve Liselerde \u00f6\u011frenim g\u00f6ren s\u0131n\u0131f \u00f6\u011frencileri kat\u0131labileceklerdir.<\/li>\n<\/ul>\n<p>&nbsp;<\/p>\n<ul>\n<li>Yar\u0131\u015fma;<\/li>\n<\/ul>\n<p>1.kategori Ortaokul \u00f6\u011frencileri 2.kategori Lise \u00f6\u011frencileri<\/p>\n<p>Olmak \u00fczere 2 kategoride yap\u0131lacakt\u0131r. Her kat\u0131l\u0131mc\u0131 kategorisine uygun olarak \u0130klim De\u011fi\u015fikli\u011finin Topraklar\u0131m\u0131z, Havam\u0131z ve Sular\u0131m\u0131z \u00fczerinde yapt\u0131\u011f\u0131 etkiler konular\u0131nda, geri d\u00f6n\u00fc\u015f\u00fcm malzemeleri kullanarak, istedikleri \u00f6l\u00e7\u00fcde maket haz\u0131rlayacaklard\u0131r.<\/p>\n<p>&nbsp;<\/p>\n<p>&nbsp;<\/p>\n<p>Maket; \u0130klim De\u011fi\u015fikli\u011finin sadece Topraklar\u0131m\u0131za ve\/veya Havam\u0131za ve\/veya Sular\u0131m\u0131za \u00fczerinde yapt\u0131\u011f\u0131 etkiler \u015feklinde olabilece\u011fi gibi Topraklar\u0131m\u0131za, Sular\u0131m\u0131za, Havam\u0131za olan etkilerin hepsinin yer ald\u0131\u011f\u0131 \u015fekilde de olabilecektir.<\/p>\n<ul>\n<li>Yar\u0131\u015fmada sunulacak maketler, kategori seviyesine ve yar\u0131\u015fma konusuna uygun olacakt\u0131r.<\/li>\n<\/ul>\n<p>&nbsp;<\/p>\n<ul>\n<li>Ba\u015fvuru yap\u0131lan maket, T\u00fcrkiye Cumhuriyeti Anayasas\u0131, Mill\u00ee E\u011fitim Temel Kanunu ile T\u00fcrk Mill\u00ee E\u011fitiminin genel ama\u00e7lar\u0131na uygun olarak, ilgili yasal d\u00fczenlemelerde belirtilen ilke, esas ve ama\u00e7lara ayk\u0131r\u0131l\u0131k te\u015fkil etmeyecek \u015fekilde haz\u0131rlanmas\u0131 gerekmektedir. Bu \u015fekilde haz\u0131rlanmayan maket de\u011ferlendirilmeye al\u0131nmayacakt\u0131r.<\/li>\n<li>Yar\u0131\u015fmaya ba\u015fvurusu yap\u0131lan maket daha \u00f6nce herhangi bir yar\u0131\u015fmaya kat\u0131lmam\u0131\u015f, \u00f6d\u00fcl almam\u0131\u015f ve herhangi bir yerde yay\u0131nlanmam\u0131\u015f olmas\u0131<\/li>\n<li>Yar\u0131\u015fmac\u0131lar\u0131n, maketlerini 3 Haziran 2022 tarihinde saat 13:00 kadar \u00c7evre Koruma ve Kontrol M\u00fcd\u00fcrl\u00fc\u011f\u00fc\u2019ne elden iletmeleri<\/li>\n<li>Yar\u0131\u015fmaya g\u00f6nderilen maketin telif ve kullan\u0131m haklar\u0131n\u0131n s\u00fcresiz, bedelsiz ve ko\u015fulsuz olarak Zile Belediyesi\u2019 ne ge\u00e7mi\u015f oldu\u011funu yar\u0131\u015fmaya maket g\u00f6nderen her yar\u0131\u015fmac\u0131 kabul etmi\u015f say\u0131l\u0131r. Dolay\u0131s\u0131yla Zile Belediyesi, yar\u0131\u015fmaya kat\u0131lan maketler \u00fczerinde s\u00fcresiz tasarruf yetkisine sahiptir. Ayr\u0131ca yar\u0131\u015fmaya kat\u0131lan maketlerin muhafazas\u0131 da s\u00fcresiz ve ko\u015fulsuz olarak Zile Belediyesi\u2019 ne ait olup, yar\u0131\u015fmaya kat\u0131lanlar taraf\u0131ndan geri istenemeyecektir.<\/li>\n<li>Ba\u015fvurusunu tamamlayan her kat\u0131l\u0131mc\u0131 \u015fartnamede yer alan t\u00fcm hususlar\u0131 kabul etmi\u015f say\u0131lacakt\u0131r.<\/li>\n<\/ul>\n<p>&nbsp;<\/p>\n<ul>\n<li>J\u00fcride, yar\u0131\u015fman\u0131n d\u00fczenlenmesinde g\u00f6rev alanlar ile yar\u0131\u015fma konular\u0131yla ilgili y\u00f6netici kadrolardaki g\u00f6revli ki\u015filer ve bunlar\u0131n birinci h\u0131s\u0131mlar\u0131 yar\u0131\u015fmaya kat\u0131lamazlar. Bu ki\u015filer yar\u0131\u015fmaya kat\u0131lan maketler hi\u00e7bir \u015fekilde katk\u0131da<\/li>\n<li>Yar\u0131\u015fma ile ilgili de\u011fi\u015fiklik yapma hakk\u0131 internet sitesinden 5 (be\u015f) g\u00fcn \u00f6nceden duyurmak kayd\u0131yla Zile Belediyesi\u2019 ne<\/li>\n<\/ul>\n<p>&nbsp;<\/p>\n<h1>DE\u011eERLEND\u0130RME KR\u0130TERLER\u0130<\/h1>\n<p><strong>\u00a0<\/strong><\/p>\n<ol>\n<li>J\u00fcri, Kurumu temsilen se\u00e7ilecek kendi dal\u0131nda uzman \u00fcyelerden olu\u015fur.<\/li>\n<li>J\u00fcri de\u011ferlendirmesinde gizlilik ilkesi esas al\u0131n\u0131r.<\/li>\n<li>J\u00fcri karar\u0131 kesindir, itiraz edilemez, de\u011fi\u015ftirilemez.<\/li>\n<li>De\u011ferlendirme Kriterleri J\u00fcri de\u011ferlendirme kriterlerinde belirtilmi\u015ftir.<\/li>\n<\/ol>\n<p>&nbsp;<\/p>\n<h1>J\u00dcR\u0130 DE\u011eERLEND\u0130RME KR\u0130TERLER\u0130;<\/h1>\n<ul>\n<li>Maket yap\u0131m\u0131nda kullan\u0131lacak malzemeler geri d\u00f6n\u00fc\u015f\u00fcm malzemelerinden olmal\u0131d\u0131r. (25 Puan)<\/li>\n<li>\u00d6zg\u00fcnl\u00fck (25 Puan)<\/li>\n<li>G\u00f6rsellik (Maketin temaya uygun olarak estetik tarzda olmas\u0131) (25 Puan)<\/li>\n<li>Maketin temaya uygunlu\u011fu ve etkileyicili\u011fi (25 Puan)<\/li>\n<li>De\u011ferlendirilme, \u015fartnameye uygun yap\u0131lm\u0131\u015f her maketin , be\u015f (5) j\u00fcri \u00fcyesinin yukar\u0131daki de\u011ferlendirme kriterleri sonucu verdi\u011fi puanlar\u0131n toplam\u0131 \u00fczerinden yap\u0131lacakt\u0131r.<\/li>\n<\/ul>\n<p>&nbsp;<\/p>\n<h1>J\u00dcR\u0130 \u00dcYELER\u0130<\/h1>\n<p><strong>\u00a0<\/strong><\/p>\n<ol>\n<li>Ay\u015feg\u00fcl POLATT\u0130MUR\u2013\u00c7evre M\u00fchendisi\u2013 Zile Belediyesi<\/li>\n<li>Fikret E\u015eAT\u2013 Proje Uzman\u0131 \u2013 Zile Belediyesi<\/li>\n<li>Neslihan \u00d6ZALTUN \u2013 El Sanatlar\u0131 \u00d6\u011fretmeni- \u0130l\u00e7e Halk E\u011fitim Merkezi M\u00fcd\u00fcrl\u00fc\u011f\u00fc<\/li>\n<li>Nurettin EVREN \u2013Resim \u00d6\u011fretmeni-Usta \u00d6\u011fretici- \u0130l\u00e7e Halk E\u011fitim Merkezi M\u00fcd\u00fcrl\u00fc\u011f\u00fc<\/li>\n<li>B\u00fc\u015fra BEKARO\u011eLU \u2013Resim \u00d6\u011fretmeni- Usta \u00d6\u011fretici- \u0130l\u00e7e Halk E\u011fitim Merkezi M\u00fcd\u00fcrl\u00fc\u011f\u00fc<\/li>\n<\/ol>\n","protected":false},"excerpt":{"rendered":"<p>&nbsp; \u00a0\u00a0\u00a0\u00a0\u00a0 T.C. Z\u0130LE BELED\u0130YES\u0130 \u2018\u2019\u0130KL\u0130M DE\u011e\u0130\u015e\u0130KL\u0130\u011e\u0130N\u0130N TOPRAKLARIMIZ, HAVAMIZ VE SULARIMIZ \u00dcZER\u0130NDE YAPTI\u011eI ETK\u0130LER\u2019\u2019 KONULU MAKET YARI\u015eMASI TEKN\u0130K \u015eARTNAMES\u0130 Zile Belediyesi, \u00c7evre Koruma ve Kontrol M\u00fcd\u00fcrl\u00fc\u011f\u00fc\u2019nce iklim de\u011fi\u015fikli\u011fi etkilerine diren\u00e7li ve sa\u011fl\u0131kl\u0131 bir kent yaratmak amac\u0131yla iklim de\u011fi\u015fikli\u011fi, \u00e7evrenin ve do\u011fal zenginliklerin korunmas\u0131, enerji verimlili\u011fi ve yenilenebilir enerji kaynaklar\u0131 kullan\u0131m\u0131 gibi konularda toplumu ayd\u0131nlatmak ve [&hellip;]<\/p>\n","protected":false},"author":1,"featured_media":3690,"comment_status":"open","ping_status":"open","sticky":false,"template":"","format":"standard","meta":{"footnotes":""},"categories":[11],"tags":[],"class_list":["post-3689","post","type-post","status-publish","format-standard","has-post-thumbnail","hentry","category-haberler"],"_links":{"self":[{"href":"http:\/\/site.zile.bel.tr\/index.php\/wp-json\/wp\/v2\/posts\/3689","targetHints":{"allow":["GET"]}}],"collection":[{"href":"http:\/\/site.zile.bel.tr\/index.php\/wp-json\/wp\/v2\/posts"}],"about":[{"href":"http:\/\/site.zile.bel.tr\/index.php\/wp-json\/wp\/v2\/types\/post"}],"author":[{"embeddable":true,"href":"http:\/\/site.zile.bel.tr\/index.php\/wp-json\/wp\/v2\/users\/1"}],"replies":[{"embeddable":true,"href":"http:\/\/site.zile.bel.tr\/index.php\/wp-json\/wp\/v2\/comments?post=3689"}],"version-history":[{"count":10,"href":"http:\/\/site.zile.bel.tr\/index.php\/wp-json\/wp\/v2\/posts\/3689\/revisions"}],"predecessor-version":[{"id":3706,"href":"http:\/\/site.zile.bel.tr\/index.php\/wp-json\/wp\/v2\/posts\/3689\/revisions\/3706"}],"wp:featuredmedia":[{"embeddable":true,"href":"http:\/\/site.zile.bel.tr\/index.php\/wp-json\/wp\/v2\/media\/3690"}],"wp:attachment":[{"href":"http:\/\/site.zile.bel.tr\/index.php\/wp-json\/wp\/v2\/media?parent=3689"}],"wp:term":[{"taxonomy":"category","embeddable":true,"href":"http:\/\/site.zile.bel.tr\/index.php\/wp-json\/wp\/v2\/categories?post=3689"},{"taxonomy":"post_tag","embeddable":true,"href":"http:\/\/site.zile.bel.tr\/index.php\/wp-json\/wp\/v2\/tags?post=3689"}],"curies":[{"name":"wp","href":"https:\/\/api.w.org\/{rel}","templated":true}]}}