{"id":3745,"date":"2022-05-26T18:05:48","date_gmt":"2022-05-26T15:05:48","guid":{"rendered":"http:\/\/site.zile.bel.tr\/?p=3745"},"modified":"2022-05-27T09:36:30","modified_gmt":"2022-05-27T06:36:30","slug":"zile-belediye-baskani-sukru-sargin-geri-donusturulebilir-malzemeler-getiren-ogrencilere-hediyeler-verdi","status":"publish","type":"post","link":"http:\/\/site.zile.bel.tr\/index.php\/2022\/05\/26\/zile-belediye-baskani-sukru-sargin-geri-donusturulebilir-malzemeler-getiren-ogrencilere-hediyeler-verdi\/","title":{"rendered":"Zile Belediye Ba\u015fkan\u0131 \u015e\u00fckr\u00fc Sarg\u0131n, Geri D\u00f6n\u00fc\u015ft\u00fcr\u00fclebilir Malzemeler Getiren \u00d6\u011frencilere Hediyeler Verdi"},"content":{"rendered":"<div class=\"kvgmc6g5 cxmmr5t8 oygrvhab hcukyx3x c1et5uql ii04i59q\">\n<div dir=\"auto\">Zile Belediye Ba\u015fkan\u0131 \u015e\u00fckr\u00fc Sarg\u0131n, Kaymakam Mehmet Ali Aky\u00fcz, \u00c7evre \u015eehircilik ve \u0130klim De\u011fi\u015fikli\u011fi \u0130l M\u00fcd\u00fcr\u00fc Ali Y\u0131lmaz ve \u015eube M\u00fcd\u00fcr\u00fc Demet Akda\u011f belediye binam\u0131z \u00f6n\u00fcnde d\u00fczenlenen programda \u00c7evre Kontrol ve Koruma biriminin okullarda s\u0131f\u0131r at\u0131k konusunda e\u011fitim vererek ba\u015flatt\u0131\u011f\u0131 kampanya neticesinde geri d\u00f6n\u00fc\u015ft\u00fcr\u00fclebilir malzemeler getiren \u00f6\u011frencilere hediyeler verdi.<\/div>\n<div dir=\"auto\"><\/div>\n<\/div>\n<div class=\"cxmmr5t8 oygrvhab hcukyx3x c1et5uql o9v6fnle ii04i59q\">\n<div dir=\"auto\">Belediye binas\u0131 \u00f6n\u00fcndeki program sonras\u0131 Zile Belediyesi ve \u00c7\u00f6p\u00fcne Sahip \u00c7\u0131k Vakf\u0131 i\u015fbirli\u011fi ile Zile Halk E\u011fitim M\u00fcd\u00fcrl\u00fc\u011f\u00fc&#8217;nde a\u00e7m\u0131\u015f oldu\u011fumuz kursumuzda han\u0131mlar\u0131m\u0131z at\u0131klar\u0131 de\u011ferlendirip geri d\u00f6n\u00fc\u015f\u00fcm malzemelerinden aksesuar \u00e7ocuklar\u0131m\u0131z i\u00e7in de kullanabilecekleri farkl\u0131 materyaller elde etmi\u015flerdi. Yap\u0131lan bu \u00e7al\u0131\u015fmalar\u0131n sonucunda elde edilen \u00fcr\u00fcnler Eski H\u00fck\u00fcmet Kona\u011f\u0131\u2019nda sergilendi.<\/div>\n<div dir=\"auto\"><\/div>\n<\/div>\n<div class=\"cxmmr5t8 oygrvhab hcukyx3x c1et5uql o9v6fnle ii04i59q\">\n<div dir=\"auto\">Zile Belediye Ba\u015fkan\u0131 \u015e\u00fckr\u00fc Sarg\u0131n konu\u015fmas\u0131nda, \u201cHayalimizdeki \u015fehire daha \u00e7ok yak\u0131nla\u015fmak i\u00e7in \u00e7evreyi korumal\u0131 ve geri d\u00f6n\u00fc\u015f\u00fcme katk\u0131 sa\u011flamal\u0131y\u0131z. Temiz olmal\u0131, at\u0131k diye sak\u0131nmay\u0131p kirli bir d\u00fcnyaya hay\u0131r demeliyiz\u201d dedi.<\/div>\n<div dir=\"auto\"><img loading=\"lazy\" decoding=\"async\" class=\"alignnone wp-image-3746\" src=\"http:\/\/site.zile.bel.tr\/wp-content\/uploads\/2022\/05\/283617891_568387274654272_5230130154080024803_n.jpg\" alt=\"\" width=\"800\" height=\"533\" srcset=\"http:\/\/site.zile.bel.tr\/wp-content\/uploads\/2022\/05\/283617891_568387274654272_5230130154080024803_n.jpg 960w, http:\/\/site.zile.bel.tr\/wp-content\/uploads\/2022\/05\/283617891_568387274654272_5230130154080024803_n-300x200.jpg 300w, http:\/\/site.zile.bel.tr\/wp-content\/uploads\/2022\/05\/283617891_568387274654272_5230130154080024803_n-768x511.jpg 768w\" sizes=\"auto, (max-width: 800px) 100vw, 800px\" \/><\/div>\n<div dir=\"auto\">\n\n\t\t<style type=\"text\/css\">\n\t\t\t#gallery-1 {\n\t\t\t\tmargin: auto;\n\t\t\t}\n\t\t\t#gallery-1 .gallery-item {\n\t\t\t\tfloat: left;\n\t\t\t\tmargin-top: 10px;\n\t\t\t\ttext-align: center;\n\t\t\t\twidth: 33%;\n\t\t\t}\n\t\t\t#gallery-1 img {\n\t\t\t\tborder: 2px solid #cfcfcf;\n\t\t\t}\n\t\t\t#gallery-1 .gallery-caption {\n\t\t\t\tmargin-left: 0;\n\t\t\t}\n\t\t\t\/* see gallery_shortcode() in wp-includes\/media.php *\/\n\t\t<\/style>\n\t\t<div id='gallery-1' class='gallery galleryid-3745 gallery-columns-3 gallery-size-thumbnail'><dl class='gallery-item'>\n\t\t\t<dt class='gallery-icon landscape'>\n\t\t\t\t<a href='http:\/\/site.zile.bel.tr\/wp-content\/uploads\/2022\/05\/283425528_568387721320894_4817560052599871645_n.jpg'><img loading=\"lazy\" decoding=\"async\" width=\"150\" height=\"150\" src=\"http:\/\/site.zile.bel.tr\/wp-content\/uploads\/2022\/05\/283425528_568387721320894_4817560052599871645_n-150x150.jpg\" class=\"attachment-thumbnail size-thumbnail\" alt=\"\" \/><\/a>\n\t\t\t<\/dt><\/dl><dl class='gallery-item'>\n\t\t\t<dt class='gallery-icon landscape'>\n\t\t\t\t<a href='http:\/\/site.zile.bel.tr\/wp-content\/uploads\/2022\/05\/283108632_568387701320896_497029749443862482_n.jpg'><img loading=\"lazy\" decoding=\"async\" width=\"150\" height=\"150\" src=\"http:\/\/site.zile.bel.tr\/wp-content\/uploads\/2022\/05\/283108632_568387701320896_497029749443862482_n-150x150.jpg\" class=\"attachment-thumbnail size-thumbnail\" alt=\"\" \/><\/a>\n\t\t\t<\/dt><\/dl><dl class='gallery-item'>\n\t\t\t<dt class='gallery-icon landscape'>\n\t\t\t\t<a href='http:\/\/site.zile.bel.tr\/wp-content\/uploads\/2022\/05\/283617891_568387274654272_5230130154080024803_n-1.jpg'><img loading=\"lazy\" decoding=\"async\" width=\"150\" height=\"150\" src=\"http:\/\/site.zile.bel.tr\/wp-content\/uploads\/2022\/05\/283617891_568387274654272_5230130154080024803_n-1-150x150.jpg\" class=\"attachment-thumbnail size-thumbnail\" alt=\"\" \/><\/a>\n\t\t\t<\/dt><\/dl><br style=\"clear: both\" \/><dl class='gallery-item'>\n\t\t\t<dt class='gallery-icon landscape'>\n\t\t\t\t<a href='http:\/\/site.zile.bel.tr\/wp-content\/uploads\/2022\/05\/282739401_568387734654226_6435115824345745591_n.jpg'><img loading=\"lazy\" decoding=\"async\" width=\"150\" height=\"150\" src=\"http:\/\/site.zile.bel.tr\/wp-content\/uploads\/2022\/05\/282739401_568387734654226_6435115824345745591_n-150x150.jpg\" class=\"attachment-thumbnail size-thumbnail\" alt=\"\" \/><\/a>\n\t\t\t<\/dt><\/dl><dl class='gallery-item'>\n\t\t\t<dt class='gallery-icon landscape'>\n\t\t\t\t<a href='http:\/\/site.zile.bel.tr\/wp-content\/uploads\/2022\/05\/284416347_568388187987514_3685934809681363265_n.jpg'><img loading=\"lazy\" decoding=\"async\" width=\"150\" height=\"150\" src=\"http:\/\/site.zile.bel.tr\/wp-content\/uploads\/2022\/05\/284416347_568388187987514_3685934809681363265_n-150x150.jpg\" class=\"attachment-thumbnail size-thumbnail\" alt=\"\" \/><\/a>\n\t\t\t<\/dt><\/dl><dl class='gallery-item'>\n\t\t\t<dt class='gallery-icon landscape'>\n\t\t\t\t<a href='http:\/\/site.zile.bel.tr\/wp-content\/uploads\/2022\/05\/282318427_568388267987506_595693022004989413_n.jpg'><img loading=\"lazy\" decoding=\"async\" width=\"150\" height=\"150\" src=\"http:\/\/site.zile.bel.tr\/wp-content\/uploads\/2022\/05\/282318427_568388267987506_595693022004989413_n-150x150.jpg\" class=\"attachment-thumbnail size-thumbnail\" alt=\"\" \/><\/a>\n\t\t\t<\/dt><\/dl><br style=\"clear: both\" \/><dl class='gallery-item'>\n\t\t\t<dt class='gallery-icon portrait'>\n\t\t\t\t<a href='http:\/\/site.zile.bel.tr\/wp-content\/uploads\/2022\/05\/282139903_568388221320844_8254591131640328326_n.jpg'><img loading=\"lazy\" decoding=\"async\" width=\"150\" height=\"150\" src=\"http:\/\/site.zile.bel.tr\/wp-content\/uploads\/2022\/05\/282139903_568388221320844_8254591131640328326_n-150x150.jpg\" class=\"attachment-thumbnail size-thumbnail\" alt=\"\" \/><\/a>\n\t\t\t<\/dt><\/dl><dl class='gallery-item'>\n\t\t\t<dt class='gallery-icon portrait'>\n\t\t\t\t<a href='http:\/\/site.zile.bel.tr\/wp-content\/uploads\/2022\/05\/282566580_568388287987504_3502488909972933086_n.jpg'><img loading=\"lazy\" decoding=\"async\" width=\"150\" height=\"150\" src=\"http:\/\/site.zile.bel.tr\/wp-content\/uploads\/2022\/05\/282566580_568388287987504_3502488909972933086_n-150x150.jpg\" class=\"attachment-thumbnail size-thumbnail\" alt=\"\" \/><\/a>\n\t\t\t<\/dt><\/dl>\n\t\t\t<br style='clear: both' \/>\n\t\t<\/div>\n\n<\/div>\n<\/div>\n","protected":false},"excerpt":{"rendered":"<p>Zile Belediye Ba\u015fkan\u0131 \u015e\u00fckr\u00fc Sarg\u0131n, Kaymakam Mehmet Ali Aky\u00fcz, \u00c7evre \u015eehircilik ve \u0130klim De\u011fi\u015fikli\u011fi \u0130l M\u00fcd\u00fcr\u00fc Ali Y\u0131lmaz ve \u015eube M\u00fcd\u00fcr\u00fc Demet Akda\u011f belediye binam\u0131z \u00f6n\u00fcnde d\u00fczenlenen programda \u00c7evre Kontrol ve Koruma biriminin okullarda s\u0131f\u0131r at\u0131k konusunda e\u011fitim vererek ba\u015flatt\u0131\u011f\u0131 kampanya neticesinde geri d\u00f6n\u00fc\u015ft\u00fcr\u00fclebilir malzemeler getiren \u00f6\u011frencilere hediyeler verdi. Belediye binas\u0131 \u00f6n\u00fcndeki program sonras\u0131 Zile [&hellip;]<\/p>\n","protected":false},"author":1,"featured_media":3753,"comment_status":"open","ping_status":"open","sticky":false,"template":"","format":"standard","meta":{"footnotes":""},"categories":[11],"tags":[],"class_list":["post-3745","post","type-post","status-publish","format-standard","has-post-thumbnail","hentry","category-haberler"],"_links":{"self":[{"href":"http:\/\/site.zile.bel.tr\/index.php\/wp-json\/wp\/v2\/posts\/3745","targetHints":{"allow":["GET"]}}],"collection":[{"href":"http:\/\/site.zile.bel.tr\/index.php\/wp-json\/wp\/v2\/posts"}],"about":[{"href":"http:\/\/site.zile.bel.tr\/index.php\/wp-json\/wp\/v2\/types\/post"}],"author":[{"embeddable":true,"href":"http:\/\/site.zile.bel.tr\/index.php\/wp-json\/wp\/v2\/users\/1"}],"replies":[{"embeddable":true,"href":"http:\/\/site.zile.bel.tr\/index.php\/wp-json\/wp\/v2\/comments?post=3745"}],"version-history":[{"count":1,"href":"http:\/\/site.zile.bel.tr\/index.php\/wp-json\/wp\/v2\/posts\/3745\/revisions"}],"predecessor-version":[{"id":3755,"href":"http:\/\/site.zile.bel.tr\/index.php\/wp-json\/wp\/v2\/posts\/3745\/revisions\/3755"}],"wp:featuredmedia":[{"embeddable":true,"href":"http:\/\/site.zile.bel.tr\/index.php\/wp-json\/wp\/v2\/media\/3753"}],"wp:attachment":[{"href":"http:\/\/site.zile.bel.tr\/index.php\/wp-json\/wp\/v2\/media?parent=3745"}],"wp:term":[{"taxonomy":"category","embeddable":true,"href":"http:\/\/site.zile.bel.tr\/index.php\/wp-json\/wp\/v2\/categories?post=3745"},{"taxonomy":"post_tag","embeddable":true,"href":"http:\/\/site.zile.bel.tr\/index.php\/wp-json\/wp\/v2\/tags?post=3745"}],"curies":[{"name":"wp","href":"https:\/\/api.w.org\/{rel}","templated":true}]}}