{"id":3822,"date":"2022-06-13T14:59:40","date_gmt":"2022-06-13T11:59:40","guid":{"rendered":"http:\/\/site.zile.bel.tr\/?p=3822"},"modified":"2022-06-20T14:27:45","modified_gmt":"2022-06-20T11:27:45","slug":"zile-geleneksel-kiraz-festivali-24-haziranda-basliyor","status":"publish","type":"post","link":"http:\/\/site.zile.bel.tr\/index.php\/2022\/06\/13\/zile-geleneksel-kiraz-festivali-24-haziranda-basliyor\/","title":{"rendered":"Zile Geleneksel Kiraz Festivali 24 Haziran\u2019da Ba\u015fl\u0131yor"},"content":{"rendered":"<div class=\"kvgmc6g5 cxmmr5t8 oygrvhab hcukyx3x c1et5uql ii04i59q\">\n<div dir=\"auto\">Zile Geleneksel Kiraz Festivali 24 Haziran\u2019da ba\u015fl\u0131yor<\/div>\n<\/div>\n<div class=\"cxmmr5t8 oygrvhab hcukyx3x c1et5uql o9v6fnle ii04i59q\">\n<div dir=\"auto\">Zile Geleneksel Kiraz Festivali\u2019nin 24 Haziran\u2019da ba\u015flay\u0131p, 26 Haziran\u2019a kadar devam edece\u011fini belirten Belediye Ba\u015fkan\u0131 \u015e\u00fckr\u00fc Sarg\u0131n t\u00fcm Tokatl\u0131lar\u0131 festivale beklediklerini belirtti.<\/div>\n<\/div>\n<div class=\"cxmmr5t8 oygrvhab hcukyx3x c1et5uql o9v6fnle ii04i59q\">\n<div dir=\"auto\">Ba\u015fkan Sarg\u0131n 24 ve 25 Haziran tarihlerinde belediye \u00f6n\u00fcnde ak\u015fam halk konseri verilece\u011fini belirterek, \u201cFestival kapsam\u0131nda 26 Haziran Pazar g\u00fcn\u00fc Karadini mevkiinde bulunan belediyemiz ba\u011f\u0131nda Zile\u2019nin yerli sal\u00e7as\u0131ndan, salamura yapra\u011f\u0131ndan geleneksel usullere g\u00f6re ve geleneksel yiyece\u011fimiz olan Bat Yar\u0131\u015fmas\u0131 ile kiraz yar\u0131\u015fmas\u0131 d\u00fczenlenecek ve dereceye girenlere \u00e7e\u015fitli \u00f6d\u00fcller verilecektir\u201d dedi.<\/div>\n<\/div>\n<div class=\"cxmmr5t8 oygrvhab hcukyx3x c1et5uql o9v6fnle ii04i59q\">\n<div dir=\"auto\">26 Haziran Pazar g\u00fcn\u00fc festival ba\u011f\u0131nda yap\u0131lacak olan kiraz e\u011flencelerinde sahne almak \u00fczere y\u00f6resel sanat\u00e7\u0131 Tokatl\u0131 Mirza ve ekibinin sahne alaca\u011f\u0131n\u0131 ifade eden Ba\u015fkan Sarg\u0131n s\u00f6zlerini \u015f\u00f6yle s\u00fcrd\u00fcrd\u00fc.<\/div>\n<\/div>\n<div class=\"cxmmr5t8 oygrvhab hcukyx3x c1et5uql o9v6fnle ii04i59q\">\n<div dir=\"auto\">\u201cFestivalimize gelecek olan sanat\u00e7\u0131lar, bas\u0131n mensuplar\u0131 ve \u015fehrimizin tan\u0131t\u0131m\u0131 ve geli\u015fimine katk\u0131 sa\u011flayacak. Festival kapsam\u0131nda Zile Kale\u2019sini gezecek olan ziyaret\u00e7ilerimize gezilerinde cevizli helva ve limonata ikram edilecektir. 26 Haziran Pazar g\u00fcn\u00fc belediyemiz ba\u011f\u0131ndaki kiraz \u015fenliklerinde de \u00e7ocuklar\u0131 e\u011flendirmek amac\u0131yla etkinlikler d\u00fczenlenecektir. T\u00fcm Tokatl\u0131lar\u0131 festivalimize bekliyoruz.\u201d<\/div>\n<div dir=\"auto\"><img loading=\"lazy\" decoding=\"async\" class=\"alignnone wp-image-3823\" src=\"http:\/\/site.zile.bel.tr\/wp-content\/uploads\/2022\/06\/285863026_579924053500594_5411278684089439860_n.jpg\" alt=\"\" width=\"800\" height=\"572\" srcset=\"http:\/\/site.zile.bel.tr\/wp-content\/uploads\/2022\/06\/285863026_579924053500594_5411278684089439860_n.jpg 960w, http:\/\/site.zile.bel.tr\/wp-content\/uploads\/2022\/06\/285863026_579924053500594_5411278684089439860_n-300x214.jpg 300w, http:\/\/site.zile.bel.tr\/wp-content\/uploads\/2022\/06\/285863026_579924053500594_5411278684089439860_n-768x549.jpg 768w\" sizes=\"auto, (max-width: 800px) 100vw, 800px\" \/><\/div>\n<div dir=\"auto\"><img loading=\"lazy\" decoding=\"async\" class=\"alignnone wp-image-3824\" src=\"http:\/\/site.zile.bel.tr\/wp-content\/uploads\/2022\/06\/286281233_579924156833917_2752549714413525685_n-1024x721.jpg\" alt=\"\" width=\"800\" height=\"564\" srcset=\"http:\/\/site.zile.bel.tr\/wp-content\/uploads\/2022\/06\/286281233_579924156833917_2752549714413525685_n-1024x721.jpg 1024w, http:\/\/site.zile.bel.tr\/wp-content\/uploads\/2022\/06\/286281233_579924156833917_2752549714413525685_n-300x211.jpg 300w, http:\/\/site.zile.bel.tr\/wp-content\/uploads\/2022\/06\/286281233_579924156833917_2752549714413525685_n-768x541.jpg 768w, http:\/\/site.zile.bel.tr\/wp-content\/uploads\/2022\/06\/286281233_579924156833917_2752549714413525685_n-1536x1082.jpg 1536w, http:\/\/site.zile.bel.tr\/wp-content\/uploads\/2022\/06\/286281233_579924156833917_2752549714413525685_n.jpg 1600w\" sizes=\"auto, (max-width: 800px) 100vw, 800px\" \/><\/div>\n<div dir=\"auto\"><a href=\"http:\/\/site.zile.bel.tr\/wp-content\/uploads\/2022\/06\/Kiraz-Yarismasi-Teknik-Sartnamesi.pdf\" target=\"_blank\" rel=\"noopener\">Kiraz Yar\u0131\u015fmas\u0131 \u015eartnamesini \u0130ncelemek \u0130\u00e7in T\u0131klay\u0131n\u0131z<\/a><\/div>\n<div dir=\"auto\"><a href=\"http:\/\/site.zile.bel.tr\/wp-content\/uploads\/2022\/06\/BAT-TEKNIK-SARTNAME.pdf\" target=\"_blank\" rel=\"noopener\">Bat Yar\u0131\u015fmas\u0131 \u015eartnamesini \u0130ncelemek \u0130\u00e7in T\u0131klay\u0131n\u0131z<\/a><\/div>\n<div dir=\"auto\"><\/div>\n<\/div>\n","protected":false},"excerpt":{"rendered":"<p>Zile Geleneksel Kiraz Festivali 24 Haziran\u2019da ba\u015fl\u0131yor Zile Geleneksel Kiraz Festivali\u2019nin 24 Haziran\u2019da ba\u015flay\u0131p, 26 Haziran\u2019a kadar devam edece\u011fini belirten Belediye Ba\u015fkan\u0131 \u015e\u00fckr\u00fc Sarg\u0131n t\u00fcm Tokatl\u0131lar\u0131 festivale beklediklerini belirtti. Ba\u015fkan Sarg\u0131n 24 ve 25 Haziran tarihlerinde belediye \u00f6n\u00fcnde ak\u015fam halk konseri verilece\u011fini belirterek, \u201cFestival kapsam\u0131nda 26 Haziran Pazar g\u00fcn\u00fc Karadini mevkiinde bulunan belediyemiz ba\u011f\u0131nda Zile\u2019nin [&hellip;]<\/p>\n","protected":false},"author":1,"featured_media":3823,"comment_status":"open","ping_status":"open","sticky":false,"template":"","format":"standard","meta":{"footnotes":""},"categories":[11],"tags":[],"class_list":["post-3822","post","type-post","status-publish","format-standard","has-post-thumbnail","hentry","category-haberler"],"_links":{"self":[{"href":"http:\/\/site.zile.bel.tr\/index.php\/wp-json\/wp\/v2\/posts\/3822","targetHints":{"allow":["GET"]}}],"collection":[{"href":"http:\/\/site.zile.bel.tr\/index.php\/wp-json\/wp\/v2\/posts"}],"about":[{"href":"http:\/\/site.zile.bel.tr\/index.php\/wp-json\/wp\/v2\/types\/post"}],"author":[{"embeddable":true,"href":"http:\/\/site.zile.bel.tr\/index.php\/wp-json\/wp\/v2\/users\/1"}],"replies":[{"embeddable":true,"href":"http:\/\/site.zile.bel.tr\/index.php\/wp-json\/wp\/v2\/comments?post=3822"}],"version-history":[{"count":5,"href":"http:\/\/site.zile.bel.tr\/index.php\/wp-json\/wp\/v2\/posts\/3822\/revisions"}],"predecessor-version":[{"id":3896,"href":"http:\/\/site.zile.bel.tr\/index.php\/wp-json\/wp\/v2\/posts\/3822\/revisions\/3896"}],"wp:featuredmedia":[{"embeddable":true,"href":"http:\/\/site.zile.bel.tr\/index.php\/wp-json\/wp\/v2\/media\/3823"}],"wp:attachment":[{"href":"http:\/\/site.zile.bel.tr\/index.php\/wp-json\/wp\/v2\/media?parent=3822"}],"wp:term":[{"taxonomy":"category","embeddable":true,"href":"http:\/\/site.zile.bel.tr\/index.php\/wp-json\/wp\/v2\/categories?post=3822"},{"taxonomy":"post_tag","embeddable":true,"href":"http:\/\/site.zile.bel.tr\/index.php\/wp-json\/wp\/v2\/tags?post=3822"}],"curies":[{"name":"wp","href":"https:\/\/api.w.org\/{rel}","templated":true}]}}