{"id":3826,"date":"2022-06-10T20:36:24","date_gmt":"2022-06-10T17:36:24","guid":{"rendered":"http:\/\/site.zile.bel.tr\/?p=3826"},"modified":"2022-06-14T09:54:36","modified_gmt":"2022-06-14T06:54:36","slug":"ankara-ticaret-odasi-baskani-gursel-baran-ve-yonetim-kurulu-uyeleri-zile-belediye-baskani-sukru-sargini-ziyaret-etti","status":"publish","type":"post","link":"http:\/\/site.zile.bel.tr\/index.php\/2022\/06\/10\/ankara-ticaret-odasi-baskani-gursel-baran-ve-yonetim-kurulu-uyeleri-zile-belediye-baskani-sukru-sargini-ziyaret-etti\/","title":{"rendered":"Ankara Ticaret Odas\u0131 Ba\u015fkan\u0131 G\u00fcrsel Baran ve Y\u00f6netim Kurulu \u00dcyeleri Zile Belediye Ba\u015fkan\u0131 \u015e\u00fckr\u00fc Sarg\u0131n&#8217;\u0131 Ziyaret Etti"},"content":{"rendered":"<p>Zile Belediye Ba\u015fkan\u0131 \u015e\u00fckr\u00fc Sarg\u0131n\u2019\u0131 ziyarete gelen Ankara Ticaret Odas\u0131 Ba\u015fkan\u0131 G\u00fcrsel Baran, hem\u015ferimiz Murat \u00dclk\u00fc Karaku\u015f ve y\u00f6netim kurulu \u00fcyeleri Zile Kalesi ve Kent M\u00fczesi\u2019ni gezdiler. Ziyaretten duydu\u011fu memnuniyeti dile getiren Zile Belediye Ba\u015fkan\u0131 \u015e\u00fckr\u00fc Sarg\u0131n, \u201cBa\u015fkentimizin k\u0131ymetli ba\u015fkan\u0131n\u0131 Zile\u2019mizde a\u011f\u0131rlamaktan onur duydum. Kendilerine ve t\u00fcm y\u00f6netim kurulu \u00fcyelerine bu de\u011ferli ziyaretten dolay\u0131 te\u015fekk\u00fcrlerimi sunar\u0131m\u201d dedi.<\/p>\n<p><img loading=\"lazy\" decoding=\"async\" class=\"alignnone wp-image-3827\" src=\"http:\/\/site.zile.bel.tr\/wp-content\/uploads\/2022\/06\/287273720_578213910338275_7741308744200717982_n.jpg\" alt=\"\" width=\"800\" height=\"533\" srcset=\"http:\/\/site.zile.bel.tr\/wp-content\/uploads\/2022\/06\/287273720_578213910338275_7741308744200717982_n.jpg 960w, http:\/\/site.zile.bel.tr\/wp-content\/uploads\/2022\/06\/287273720_578213910338275_7741308744200717982_n-300x200.jpg 300w, http:\/\/site.zile.bel.tr\/wp-content\/uploads\/2022\/06\/287273720_578213910338275_7741308744200717982_n-768x511.jpg 768w\" sizes=\"auto, (max-width: 800px) 100vw, 800px\" \/><\/p>\n\n\t\t<style type=\"text\/css\">\n\t\t\t#gallery-1 {\n\t\t\t\tmargin: auto;\n\t\t\t}\n\t\t\t#gallery-1 .gallery-item {\n\t\t\t\tfloat: left;\n\t\t\t\tmargin-top: 10px;\n\t\t\t\ttext-align: center;\n\t\t\t\twidth: 33%;\n\t\t\t}\n\t\t\t#gallery-1 img {\n\t\t\t\tborder: 2px solid #cfcfcf;\n\t\t\t}\n\t\t\t#gallery-1 .gallery-caption {\n\t\t\t\tmargin-left: 0;\n\t\t\t}\n\t\t\t\/* see gallery_shortcode() in wp-includes\/media.php *\/\n\t\t<\/style>\n\t\t<div id='gallery-1' class='gallery galleryid-3826 gallery-columns-3 gallery-size-thumbnail'><dl class='gallery-item'>\n\t\t\t<dt class='gallery-icon landscape'>\n\t\t\t\t<a href='http:\/\/site.zile.bel.tr\/wp-content\/uploads\/2022\/06\/287273720_578213910338275_7741308744200717982_n-1.jpg'><img loading=\"lazy\" decoding=\"async\" width=\"150\" height=\"150\" src=\"http:\/\/site.zile.bel.tr\/wp-content\/uploads\/2022\/06\/287273720_578213910338275_7741308744200717982_n-1-150x150.jpg\" class=\"attachment-thumbnail size-thumbnail\" alt=\"\" \/><\/a>\n\t\t\t<\/dt><\/dl><dl class='gallery-item'>\n\t\t\t<dt class='gallery-icon landscape'>\n\t\t\t\t<a href='http:\/\/site.zile.bel.tr\/wp-content\/uploads\/2022\/06\/286589945_578213947004938_8136987447511735691_n.jpg'><img loading=\"lazy\" decoding=\"async\" width=\"150\" height=\"150\" src=\"http:\/\/site.zile.bel.tr\/wp-content\/uploads\/2022\/06\/286589945_578213947004938_8136987447511735691_n-150x150.jpg\" class=\"attachment-thumbnail size-thumbnail\" alt=\"\" \/><\/a>\n\t\t\t<\/dt><\/dl><dl class='gallery-item'>\n\t\t\t<dt class='gallery-icon landscape'>\n\t\t\t\t<a href='http:\/\/site.zile.bel.tr\/wp-content\/uploads\/2022\/06\/285667048_578214210338245_5890404548380466487_n.jpg'><img loading=\"lazy\" decoding=\"async\" width=\"150\" height=\"150\" src=\"http:\/\/site.zile.bel.tr\/wp-content\/uploads\/2022\/06\/285667048_578214210338245_5890404548380466487_n-150x150.jpg\" class=\"attachment-thumbnail size-thumbnail\" alt=\"\" \/><\/a>\n\t\t\t<\/dt><\/dl><br style=\"clear: both\" \/><dl class='gallery-item'>\n\t\t\t<dt class='gallery-icon portrait'>\n\t\t\t\t<a href='http:\/\/site.zile.bel.tr\/wp-content\/uploads\/2022\/06\/285673456_578214400338226_4704433588967913271_n.jpg'><img loading=\"lazy\" decoding=\"async\" width=\"150\" height=\"150\" src=\"http:\/\/site.zile.bel.tr\/wp-content\/uploads\/2022\/06\/285673456_578214400338226_4704433588967913271_n-150x150.jpg\" class=\"attachment-thumbnail size-thumbnail\" alt=\"\" \/><\/a>\n\t\t\t<\/dt><\/dl><dl class='gallery-item'>\n\t\t\t<dt class='gallery-icon landscape'>\n\t\t\t\t<a href='http:\/\/site.zile.bel.tr\/wp-content\/uploads\/2022\/06\/285687311_578214247004908_8171064471436043815_n.jpg'><img loading=\"lazy\" decoding=\"async\" width=\"150\" height=\"150\" src=\"http:\/\/site.zile.bel.tr\/wp-content\/uploads\/2022\/06\/285687311_578214247004908_8171064471436043815_n-150x150.jpg\" class=\"attachment-thumbnail size-thumbnail\" alt=\"\" \/><\/a>\n\t\t\t<\/dt><\/dl><dl class='gallery-item'>\n\t\t\t<dt class='gallery-icon landscape'>\n\t\t\t\t<a href='http:\/\/site.zile.bel.tr\/wp-content\/uploads\/2022\/06\/285820203_578214420338224_6892543851407009246_n.jpg'><img loading=\"lazy\" decoding=\"async\" width=\"150\" height=\"150\" src=\"http:\/\/site.zile.bel.tr\/wp-content\/uploads\/2022\/06\/285820203_578214420338224_6892543851407009246_n-150x150.jpg\" class=\"attachment-thumbnail size-thumbnail\" alt=\"\" \/><\/a>\n\t\t\t<\/dt><\/dl><br style=\"clear: both\" \/>\n\t\t<\/div>\n\n","protected":false},"excerpt":{"rendered":"<p>Zile Belediye Ba\u015fkan\u0131 \u015e\u00fckr\u00fc Sarg\u0131n\u2019\u0131 ziyarete gelen Ankara Ticaret Odas\u0131 Ba\u015fkan\u0131 G\u00fcrsel Baran, hem\u015ferimiz Murat \u00dclk\u00fc Karaku\u015f ve y\u00f6netim kurulu \u00fcyeleri Zile Kalesi ve Kent M\u00fczesi\u2019ni gezdiler. Ziyaretten duydu\u011fu memnuniyeti dile getiren Zile Belediye Ba\u015fkan\u0131 \u015e\u00fckr\u00fc Sarg\u0131n, \u201cBa\u015fkentimizin k\u0131ymetli ba\u015fkan\u0131n\u0131 Zile\u2019mizde a\u011f\u0131rlamaktan onur duydum. Kendilerine ve t\u00fcm y\u00f6netim kurulu \u00fcyelerine bu de\u011ferli ziyaretten dolay\u0131 te\u015fekk\u00fcrlerimi [&hellip;]<\/p>\n","protected":false},"author":1,"featured_media":3827,"comment_status":"open","ping_status":"open","sticky":false,"template":"","format":"standard","meta":{"footnotes":""},"categories":[11],"tags":[],"class_list":["post-3826","post","type-post","status-publish","format-standard","has-post-thumbnail","hentry","category-haberler"],"_links":{"self":[{"href":"http:\/\/site.zile.bel.tr\/index.php\/wp-json\/wp\/v2\/posts\/3826","targetHints":{"allow":["GET"]}}],"collection":[{"href":"http:\/\/site.zile.bel.tr\/index.php\/wp-json\/wp\/v2\/posts"}],"about":[{"href":"http:\/\/site.zile.bel.tr\/index.php\/wp-json\/wp\/v2\/types\/post"}],"author":[{"embeddable":true,"href":"http:\/\/site.zile.bel.tr\/index.php\/wp-json\/wp\/v2\/users\/1"}],"replies":[{"embeddable":true,"href":"http:\/\/site.zile.bel.tr\/index.php\/wp-json\/wp\/v2\/comments?post=3826"}],"version-history":[{"count":1,"href":"http:\/\/site.zile.bel.tr\/index.php\/wp-json\/wp\/v2\/posts\/3826\/revisions"}],"predecessor-version":[{"id":3834,"href":"http:\/\/site.zile.bel.tr\/index.php\/wp-json\/wp\/v2\/posts\/3826\/revisions\/3834"}],"wp:featuredmedia":[{"embeddable":true,"href":"http:\/\/site.zile.bel.tr\/index.php\/wp-json\/wp\/v2\/media\/3827"}],"wp:attachment":[{"href":"http:\/\/site.zile.bel.tr\/index.php\/wp-json\/wp\/v2\/media?parent=3826"}],"wp:term":[{"taxonomy":"category","embeddable":true,"href":"http:\/\/site.zile.bel.tr\/index.php\/wp-json\/wp\/v2\/categories?post=3826"},{"taxonomy":"post_tag","embeddable":true,"href":"http:\/\/site.zile.bel.tr\/index.php\/wp-json\/wp\/v2\/tags?post=3826"}],"curies":[{"name":"wp","href":"https:\/\/api.w.org\/{rel}","templated":true}]}}