{"id":3859,"date":"2022-06-16T11:31:38","date_gmt":"2022-06-16T08:31:38","guid":{"rendered":"http:\/\/site.zile.bel.tr\/?p=3859"},"modified":"2022-06-16T11:31:38","modified_gmt":"2022-06-16T08:31:38","slug":"kurban-kesim-ucretleri-ve-kura-cekimi","status":"publish","type":"post","link":"http:\/\/site.zile.bel.tr\/index.php\/2022\/06\/16\/kurban-kesim-ucretleri-ve-kura-cekimi\/","title":{"rendered":"Kurban Kesim \u00dccretleri ve Kura \u00c7ekimi"},"content":{"rendered":"<p>Kurbanlar\u0131n\u0131 Belediye Mezbahas\u0131nda kestirmek isteyen vatanda\u015flar\u0131m\u0131z B\u00fcy\u00fck Ba\u015f 400,00 TL, K\u00fc\u00e7\u00fck Ba\u015f 150,00 TL, kurban kesim \u00fccretlerini 5 Temmuz Sal\u0131 Saat:17.00 a kadar Belediye Emlak Servisine yat\u0131rarak Zab\u0131ta M\u00fcd\u00fcrl\u00fc\u011f\u00fcne ba\u015fvurmalar\u0131 gerekmektedir.<\/p>\n<p>Kurban kesim kuras\u0131 6 Temmuz \u00c7ar\u015famba g\u00fcn\u00fc saat:14.00 da Saray Sinemas\u0131nda yap\u0131lacakt\u0131r.<\/p>\n<p>Say\u0131n halk\u0131m\u0131za duyurulur.<\/p>\n<p>&nbsp;<\/p>\n<p><img loading=\"lazy\" decoding=\"async\" class=\"alignnone wp-image-3861\" src=\"http:\/\/site.zile.bel.tr\/wp-content\/uploads\/2022\/06\/ad-300x206.jpg\" alt=\"\" width=\"800\" height=\"548\" srcset=\"http:\/\/site.zile.bel.tr\/wp-content\/uploads\/2022\/06\/ad-300x206.jpg 300w, http:\/\/site.zile.bel.tr\/wp-content\/uploads\/2022\/06\/ad-768x527.jpg 768w, http:\/\/site.zile.bel.tr\/wp-content\/uploads\/2022\/06\/ad.jpg 1024w\" sizes=\"auto, (max-width: 800px) 100vw, 800px\" \/><\/p>\n","protected":false},"excerpt":{"rendered":"<p>Kurbanlar\u0131n\u0131 Belediye Mezbahas\u0131nda kestirmek isteyen vatanda\u015flar\u0131m\u0131z B\u00fcy\u00fck Ba\u015f 400,00 TL, K\u00fc\u00e7\u00fck Ba\u015f 150,00 TL, kurban kesim \u00fccretlerini 5 Temmuz Sal\u0131 Saat:17.00 a kadar Belediye Emlak Servisine yat\u0131rarak Zab\u0131ta M\u00fcd\u00fcrl\u00fc\u011f\u00fcne ba\u015fvurmalar\u0131 gerekmektedir. Kurban kesim kuras\u0131 6 Temmuz \u00c7ar\u015famba g\u00fcn\u00fc saat:14.00 da Saray Sinemas\u0131nda yap\u0131lacakt\u0131r. Say\u0131n halk\u0131m\u0131za duyurulur. &nbsp;<\/p>\n","protected":false},"author":1,"featured_media":3861,"comment_status":"open","ping_status":"open","sticky":false,"template":"","format":"standard","meta":{"footnotes":""},"categories":[11],"tags":[],"class_list":["post-3859","post","type-post","status-publish","format-standard","has-post-thumbnail","hentry","category-haberler"],"_links":{"self":[{"href":"http:\/\/site.zile.bel.tr\/index.php\/wp-json\/wp\/v2\/posts\/3859","targetHints":{"allow":["GET"]}}],"collection":[{"href":"http:\/\/site.zile.bel.tr\/index.php\/wp-json\/wp\/v2\/posts"}],"about":[{"href":"http:\/\/site.zile.bel.tr\/index.php\/wp-json\/wp\/v2\/types\/post"}],"author":[{"embeddable":true,"href":"http:\/\/site.zile.bel.tr\/index.php\/wp-json\/wp\/v2\/users\/1"}],"replies":[{"embeddable":true,"href":"http:\/\/site.zile.bel.tr\/index.php\/wp-json\/wp\/v2\/comments?post=3859"}],"version-history":[{"count":1,"href":"http:\/\/site.zile.bel.tr\/index.php\/wp-json\/wp\/v2\/posts\/3859\/revisions"}],"predecessor-version":[{"id":3862,"href":"http:\/\/site.zile.bel.tr\/index.php\/wp-json\/wp\/v2\/posts\/3859\/revisions\/3862"}],"wp:featuredmedia":[{"embeddable":true,"href":"http:\/\/site.zile.bel.tr\/index.php\/wp-json\/wp\/v2\/media\/3861"}],"wp:attachment":[{"href":"http:\/\/site.zile.bel.tr\/index.php\/wp-json\/wp\/v2\/media?parent=3859"}],"wp:term":[{"taxonomy":"category","embeddable":true,"href":"http:\/\/site.zile.bel.tr\/index.php\/wp-json\/wp\/v2\/categories?post=3859"},{"taxonomy":"post_tag","embeddable":true,"href":"http:\/\/site.zile.bel.tr\/index.php\/wp-json\/wp\/v2\/tags?post=3859"}],"curies":[{"name":"wp","href":"https:\/\/api.w.org\/{rel}","templated":true}]}}