{"id":3863,"date":"2022-06-17T16:39:18","date_gmt":"2022-06-17T13:39:18","guid":{"rendered":"http:\/\/site.zile.bel.tr\/?p=3863"},"modified":"2022-06-17T16:42:02","modified_gmt":"2022-06-17T13:42:02","slug":"3863","status":"publish","type":"post","link":"http:\/\/site.zile.bel.tr\/index.php\/2022\/06\/17\/3863\/","title":{"rendered":"\u015e\u00fckr\u00fc Sarg\u0131n: \u201c\u015eiar\u0131m\u0131z; \u2018kul bilmezse Allah bilir\u201d Anlay\u0131\u015f\u0131 \u0130le Hizmet Etmektir"},"content":{"rendered":"<div class=\"kvgmc6g5 cxmmr5t8 oygrvhab hcukyx3x c1et5uql ii04i59q\">\n<div dir=\"auto\">\u015e\u00fckr\u00fc Sarg\u0131n: \u201c\u015eiar\u0131m\u0131z; \u2018kul bilmezse Allah bilir\u201d anlay\u0131\u015f\u0131 ile hizmet etmektir<\/div>\n<div dir=\"auto\"><\/div>\n<\/div>\n<div class=\"cxmmr5t8 oygrvhab hcukyx3x c1et5uql o9v6fnle ii04i59q\">\n<div dir=\"auto\">Zile Kalesi \u00c7evre D\u00fczenleme A\u00e7\u0131l\u0131\u015f Program\u0131 Belediye Ba\u015fkan\u0131 \u015e\u00fckr\u00fc Sarg\u0131n\u2019\u0131n kat\u0131l\u0131m\u0131yla ger\u00e7ekle\u015ftirildi.<\/div>\n<div dir=\"auto\"><\/div>\n<\/div>\n<div class=\"cxmmr5t8 oygrvhab hcukyx3x c1et5uql o9v6fnle ii04i59q\">\n<div dir=\"auto\">T\u00f6rene Tokat Valisi Numan Hatipo\u011flu, Tokat Milletvekili Mustafa Arslan, Zile Kaymakam\u0131 Mehmet Ali Aky\u00fcz, \u0130l Genel Meclis Ba\u015fkan\u0131 Erol Duyum ile siyasi parti temsilcileri ve vatanda\u015flar kat\u0131ld\u0131lar.<\/div>\n<div dir=\"auto\"><\/div>\n<\/div>\n<div class=\"cxmmr5t8 oygrvhab hcukyx3x c1et5uql o9v6fnle ii04i59q\">\n<div dir=\"auto\">Zile Kalesi \u00c7evre D\u00fczenlemesi A\u00e7\u0131l\u0131\u015f Program\u0131&#8217;nda konu\u015fan Zile Belediye Ba\u015fkan\u0131 \u015e\u00fckr\u00fc Sarg\u0131n, Zile Kalesi\u2019nin kendileri i\u00e7in \u00e7ok \u00f6nemli oldu\u011funa vurgu yaparak, \u201c A\u015f\u0131klar burada bulu\u015fur, ailelerimiz burada piknik yaparlar ve \u015fehrimizin huzur noktalar\u0131n\u0131n ba\u015f\u0131nda buras\u0131 gelir. 2019\u2019 da biz g\u00f6reve geldi\u011fimizde Zile Kalesi virane haldeydi. Sa\u011f olsunlar emniyet te\u015fkilat\u0131m\u0131z ile kamera sistemleri kurarak gerekli \u00f6nlemleri almaya ba\u015flad\u0131k. Kale i\u00e7i d\u00fczenlemesinde eme\u011fi ge\u00e7en valilerimize, Tokat \u0130l \u00d6zel \u0130daremize, Zile Kaymakaml\u0131\u011f\u0131m\u0131za ve belediyemizin proje ekibine \u00e7ok te\u015fekk\u00fcr ediyorum\u201d dedi.<\/div>\n<div dir=\"auto\"><\/div>\n<\/div>\n<div class=\"cxmmr5t8 oygrvhab hcukyx3x c1et5uql o9v6fnle ii04i59q\">\n<div dir=\"auto\">A\u00e7\u0131l\u0131\u015fa kat\u0131lan Zileli hem\u015ferilerine de seslenen Belediye Ba\u015fkan \u015e\u00fckr\u00fc Sarg\u0131n s\u00f6zlerini \u015f\u00f6yle s\u00fcrd\u00fcrd\u00fc.<\/div>\n<\/div>\n<div class=\"cxmmr5t8 oygrvhab hcukyx3x c1et5uql o9v6fnle ii04i59q\">\n<div dir=\"auto\">\u201cDe\u011ferli hem\u015ferilerim, birlikten kuvvet do\u011fuyor. Kurul, proje ve saha uygulamalar\u0131 ile \u00e7ok g\u00fczel bir konuma geldik. Seneler \u00f6nce saat kulemizin saati s\u00f6k\u00fclm\u00fc\u015ft\u00fc. Kulede gerekli restorasyonu yap\u0131yoruz. \u00d6n\u00fcm\u00fczdeki g\u00fcnlerde saatimizi Zileliler ile bulu\u015fturaca\u011f\u0131z. Kalemizin d\u0131\u015f mek\u00e2n\u0131nda Tokat Valili\u011fimiz, Tokat \u0130l \u00d6zel \u0130daremiz ile birlikte ortak hareket ederek \u00e7evre d\u00fczenlememiz bakanl\u0131\u011f\u0131m\u0131z\u0131n proje a\u015famalar\u0131n\u0131 ge\u00e7erek kurul karar\u0131 s\u00fcrecine gelmi\u015f bulunuyor. D\u0131\u015far\u0131s\u0131nda yapaca\u011f\u0131m\u0131z Millet Bah\u00e7esi g\u00f6r\u00fcn\u00fcm\u00fcnde olacak olan projede lavanta bah\u00e7eleri, k\u00fclt\u00fcrel ve y\u00f6remize ait \u00fcr\u00fcnlerin sat\u0131\u015f noktalar\u0131, kafeteryalar yap\u0131lacak olup b\u00f6ylelikle ger\u00e7ekten Zile\u2019ye bir de\u011fer daha katacakt\u0131r. Say\u0131n Valimizden de bu projelerin devam ettirilmesini kendilerinden rica ediyorum\u201d<\/div>\n<\/div>\n<div class=\"cxmmr5t8 oygrvhab hcukyx3x c1et5uql o9v6fnle ii04i59q\">\n<div dir=\"auto\">Ba\u015fkan Sarg\u0131n Zile Kalesi\u2019nin i\u00e7indeki Silahl\u0131k dedikleri binan\u0131n K\u00fclt\u00fcr Bakanl\u0131\u011f\u0131\u2019ndan Zile Belediyesi\u2019ne tahsisli oldu\u011funu belirterek, \u201c Bu binan\u0131n i\u00e7erisini m\u00fcze olarak d\u00fczenlemekteyiz. OKA\u2019 dan, Orta Karadeniz Kalk\u0131nma Ajans\u0131\u2019ndan destek alarak y\u00fczde ellisini tamamlad\u0131k. \u00d6n\u00fcm\u00fczdeki g\u00fcnlerde Zile Kent M\u00fczesi\u2019ni de hizmete a\u00e7aca\u011f\u0131z. \u015eiar\u0131m\u0131z kul bilmezse Allah bilir anlay\u0131\u015f\u0131 ile hareket etmektir. T\u00fcm protokol \u00fcyelerimiz ve hem\u015ferilerimize te\u015fekk\u00fcr ediyor sayg\u0131lar\u0131m\u0131 sunuyorum&#8221; dedi.<\/div>\n<\/div>\n<div dir=\"auto\"><img loading=\"lazy\" decoding=\"async\" class=\"alignnone wp-image-3864\" src=\"http:\/\/site.zile.bel.tr\/wp-content\/uploads\/2022\/06\/286931780_582598123233187_2892329640699923663_n-300x200.jpg\" alt=\"\" width=\"800\" height=\"533\" srcset=\"http:\/\/site.zile.bel.tr\/wp-content\/uploads\/2022\/06\/286931780_582598123233187_2892329640699923663_n-300x200.jpg 300w, http:\/\/site.zile.bel.tr\/wp-content\/uploads\/2022\/06\/286931780_582598123233187_2892329640699923663_n-768x511.jpg 768w, http:\/\/site.zile.bel.tr\/wp-content\/uploads\/2022\/06\/286931780_582598123233187_2892329640699923663_n.jpg 960w\" sizes=\"auto, (max-width: 800px) 100vw, 800px\" \/><\/div>\n<div dir=\"auto\">\n\n\t\t<style type=\"text\/css\">\n\t\t\t#gallery-1 {\n\t\t\t\tmargin: auto;\n\t\t\t}\n\t\t\t#gallery-1 .gallery-item {\n\t\t\t\tfloat: left;\n\t\t\t\tmargin-top: 10px;\n\t\t\t\ttext-align: center;\n\t\t\t\twidth: 33%;\n\t\t\t}\n\t\t\t#gallery-1 img {\n\t\t\t\tborder: 2px solid #cfcfcf;\n\t\t\t}\n\t\t\t#gallery-1 .gallery-caption {\n\t\t\t\tmargin-left: 0;\n\t\t\t}\n\t\t\t\/* see gallery_shortcode() in wp-includes\/media.php *\/\n\t\t<\/style>\n\t\t<div id='gallery-1' class='gallery galleryid-3863 gallery-columns-3 gallery-size-thumbnail'><dl class='gallery-item'>\n\t\t\t<dt class='gallery-icon landscape'>\n\t\t\t\t<a href='http:\/\/site.zile.bel.tr\/wp-content\/uploads\/2022\/06\/286931780_582598123233187_2892329640699923663_n-1.jpg'><img loading=\"lazy\" decoding=\"async\" width=\"150\" height=\"150\" src=\"http:\/\/site.zile.bel.tr\/wp-content\/uploads\/2022\/06\/286931780_582598123233187_2892329640699923663_n-1-150x150.jpg\" class=\"attachment-thumbnail size-thumbnail\" alt=\"\" \/><\/a>\n\t\t\t<\/dt><\/dl><dl class='gallery-item'>\n\t\t\t<dt class='gallery-icon landscape'>\n\t\t\t\t<a href='http:\/\/site.zile.bel.tr\/wp-content\/uploads\/2022\/06\/286860117_582598169899849_4942401587789622554_n.jpg'><img loading=\"lazy\" decoding=\"async\" width=\"150\" height=\"150\" src=\"http:\/\/site.zile.bel.tr\/wp-content\/uploads\/2022\/06\/286860117_582598169899849_4942401587789622554_n-150x150.jpg\" class=\"attachment-thumbnail size-thumbnail\" alt=\"\" \/><\/a>\n\t\t\t<\/dt><\/dl><dl class='gallery-item'>\n\t\t\t<dt class='gallery-icon landscape'>\n\t\t\t\t<a href='http:\/\/site.zile.bel.tr\/wp-content\/uploads\/2022\/06\/287456874_582598636566469_3497917256181186570_n.jpg'><img loading=\"lazy\" decoding=\"async\" width=\"150\" height=\"150\" src=\"http:\/\/site.zile.bel.tr\/wp-content\/uploads\/2022\/06\/287456874_582598636566469_3497917256181186570_n-150x150.jpg\" class=\"attachment-thumbnail size-thumbnail\" alt=\"\" \/><\/a>\n\t\t\t<\/dt><\/dl><br style=\"clear: both\" \/><dl class='gallery-item'>\n\t\t\t<dt class='gallery-icon landscape'>\n\t\t\t\t<a href='http:\/\/site.zile.bel.tr\/wp-content\/uploads\/2022\/06\/287105845_582598679899798_6980429945681091688_n.jpg'><img loading=\"lazy\" decoding=\"async\" width=\"150\" height=\"150\" src=\"http:\/\/site.zile.bel.tr\/wp-content\/uploads\/2022\/06\/287105845_582598679899798_6980429945681091688_n-150x150.jpg\" class=\"attachment-thumbnail size-thumbnail\" alt=\"\" \/><\/a>\n\t\t\t<\/dt><\/dl><dl class='gallery-item'>\n\t\t\t<dt class='gallery-icon landscape'>\n\t\t\t\t<a href='http:\/\/site.zile.bel.tr\/wp-content\/uploads\/2022\/06\/288145970_582598699899796_2298054750750255819_n.jpg'><img loading=\"lazy\" decoding=\"async\" width=\"150\" height=\"150\" src=\"http:\/\/site.zile.bel.tr\/wp-content\/uploads\/2022\/06\/288145970_582598699899796_2298054750750255819_n-150x150.jpg\" class=\"attachment-thumbnail size-thumbnail\" alt=\"\" \/><\/a>\n\t\t\t<\/dt><\/dl><dl class='gallery-item'>\n\t\t\t<dt class='gallery-icon landscape'>\n\t\t\t\t<a href='http:\/\/site.zile.bel.tr\/wp-content\/uploads\/2022\/06\/288642797_582599383233061_255626106821704361_n.jpg'><img loading=\"lazy\" decoding=\"async\" width=\"150\" height=\"150\" src=\"http:\/\/site.zile.bel.tr\/wp-content\/uploads\/2022\/06\/288642797_582599383233061_255626106821704361_n-150x150.jpg\" class=\"attachment-thumbnail size-thumbnail\" alt=\"\" \/><\/a>\n\t\t\t<\/dt><\/dl><br style=\"clear: both\" \/><dl class='gallery-item'>\n\t\t\t<dt class='gallery-icon landscape'>\n\t\t\t\t<a href='http:\/\/site.zile.bel.tr\/wp-content\/uploads\/2022\/06\/287113790_582599399899726_8983613912542348715_n.jpg'><img loading=\"lazy\" decoding=\"async\" width=\"150\" height=\"150\" src=\"http:\/\/site.zile.bel.tr\/wp-content\/uploads\/2022\/06\/287113790_582599399899726_8983613912542348715_n-150x150.jpg\" class=\"attachment-thumbnail size-thumbnail\" alt=\"\" \/><\/a>\n\t\t\t<\/dt><\/dl><dl class='gallery-item'>\n\t\t\t<dt class='gallery-icon landscape'>\n\t\t\t\t<a href='http:\/\/site.zile.bel.tr\/wp-content\/uploads\/2022\/06\/288873599_582599419899724_2326843924852299704_n.jpg'><img loading=\"lazy\" decoding=\"async\" width=\"150\" height=\"150\" src=\"http:\/\/site.zile.bel.tr\/wp-content\/uploads\/2022\/06\/288873599_582599419899724_2326843924852299704_n-150x150.jpg\" class=\"attachment-thumbnail size-thumbnail\" alt=\"\" \/><\/a>\n\t\t\t<\/dt><\/dl><dl class='gallery-item'>\n\t\t\t<dt class='gallery-icon landscape'>\n\t\t\t\t<a href='http:\/\/site.zile.bel.tr\/wp-content\/uploads\/2022\/06\/287331031_582599453233054_4861016642799270503_n.jpg'><img loading=\"lazy\" decoding=\"async\" width=\"150\" height=\"150\" src=\"http:\/\/site.zile.bel.tr\/wp-content\/uploads\/2022\/06\/287331031_582599453233054_4861016642799270503_n-150x150.jpg\" class=\"attachment-thumbnail size-thumbnail\" alt=\"\" \/><\/a>\n\t\t\t<\/dt><\/dl><br style=\"clear: both\" \/><dl class='gallery-item'>\n\t\t\t<dt class='gallery-icon landscape'>\n\t\t\t\t<a href='http:\/\/site.zile.bel.tr\/wp-content\/uploads\/2022\/06\/287460954_582599476566385_6158739043212098444_n.jpg'><img loading=\"lazy\" decoding=\"async\" width=\"150\" height=\"150\" src=\"http:\/\/site.zile.bel.tr\/wp-content\/uploads\/2022\/06\/287460954_582599476566385_6158739043212098444_n-150x150.jpg\" class=\"attachment-thumbnail size-thumbnail\" alt=\"\" \/><\/a>\n\t\t\t<\/dt><\/dl>\n\t\t\t<br style='clear: both' \/>\n\t\t<\/div>\n\n<\/div>\n<div class=\"cxmmr5t8 oygrvhab hcukyx3x c1et5uql o9v6fnle ii04i59q\">\n<div dir=\"auto\"><\/div>\n<\/div>\n","protected":false},"excerpt":{"rendered":"<p>\u015e\u00fckr\u00fc Sarg\u0131n: \u201c\u015eiar\u0131m\u0131z; \u2018kul bilmezse Allah bilir\u201d anlay\u0131\u015f\u0131 ile hizmet etmektir Zile Kalesi \u00c7evre D\u00fczenleme A\u00e7\u0131l\u0131\u015f Program\u0131 Belediye Ba\u015fkan\u0131 \u015e\u00fckr\u00fc Sarg\u0131n\u2019\u0131n kat\u0131l\u0131m\u0131yla ger\u00e7ekle\u015ftirildi. T\u00f6rene Tokat Valisi Numan Hatipo\u011flu, Tokat Milletvekili Mustafa Arslan, Zile Kaymakam\u0131 Mehmet Ali Aky\u00fcz, \u0130l Genel Meclis Ba\u015fkan\u0131 Erol Duyum ile siyasi parti temsilcileri ve vatanda\u015flar kat\u0131ld\u0131lar. Zile Kalesi \u00c7evre D\u00fczenlemesi A\u00e7\u0131l\u0131\u015f [&hellip;]<\/p>\n","protected":false},"author":1,"featured_media":3864,"comment_status":"open","ping_status":"open","sticky":false,"template":"","format":"standard","meta":{"footnotes":""},"categories":[11],"tags":[],"class_list":["post-3863","post","type-post","status-publish","format-standard","has-post-thumbnail","hentry","category-haberler"],"_links":{"self":[{"href":"http:\/\/site.zile.bel.tr\/index.php\/wp-json\/wp\/v2\/posts\/3863","targetHints":{"allow":["GET"]}}],"collection":[{"href":"http:\/\/site.zile.bel.tr\/index.php\/wp-json\/wp\/v2\/posts"}],"about":[{"href":"http:\/\/site.zile.bel.tr\/index.php\/wp-json\/wp\/v2\/types\/post"}],"author":[{"embeddable":true,"href":"http:\/\/site.zile.bel.tr\/index.php\/wp-json\/wp\/v2\/users\/1"}],"replies":[{"embeddable":true,"href":"http:\/\/site.zile.bel.tr\/index.php\/wp-json\/wp\/v2\/comments?post=3863"}],"version-history":[{"count":4,"href":"http:\/\/site.zile.bel.tr\/index.php\/wp-json\/wp\/v2\/posts\/3863\/revisions"}],"predecessor-version":[{"id":3878,"href":"http:\/\/site.zile.bel.tr\/index.php\/wp-json\/wp\/v2\/posts\/3863\/revisions\/3878"}],"wp:featuredmedia":[{"embeddable":true,"href":"http:\/\/site.zile.bel.tr\/index.php\/wp-json\/wp\/v2\/media\/3864"}],"wp:attachment":[{"href":"http:\/\/site.zile.bel.tr\/index.php\/wp-json\/wp\/v2\/media?parent=3863"}],"wp:term":[{"taxonomy":"category","embeddable":true,"href":"http:\/\/site.zile.bel.tr\/index.php\/wp-json\/wp\/v2\/categories?post=3863"},{"taxonomy":"post_tag","embeddable":true,"href":"http:\/\/site.zile.bel.tr\/index.php\/wp-json\/wp\/v2\/tags?post=3863"}],"curies":[{"name":"wp","href":"https:\/\/api.w.org\/{rel}","templated":true}]}}