{"id":4057,"date":"2022-07-01T13:57:06","date_gmt":"2022-07-01T10:57:06","guid":{"rendered":"http:\/\/site.zile.bel.tr\/?p=4057"},"modified":"2022-07-01T13:57:54","modified_gmt":"2022-07-01T10:57:54","slug":"cumhuriyet-halk-partisi-genel-baskan-yardimcisi-veli-agbaba-sukru-sargini-ziyaret-etti","status":"publish","type":"post","link":"http:\/\/site.zile.bel.tr\/index.php\/2022\/07\/01\/cumhuriyet-halk-partisi-genel-baskan-yardimcisi-veli-agbaba-sukru-sargini-ziyaret-etti\/","title":{"rendered":"Cumhuriyet Halk Partisi Genel Ba\u015fkan Yard\u0131mc\u0131s\u0131 Veli A\u011fbaba Zile Belediye Ba\u015fkan\u0131 \u015e\u00fckr\u00fc Sarg\u0131n&#8217;\u0131 Ziyaret Etti"},"content":{"rendered":"<p>Cumhuriyet Halk Partisi Genel Ba\u015fkan Yard\u0131mc\u0131s\u0131 Veli A\u011fbaba, CHP Mu\u011fla Milletvekilimiz M\u00fcrsel Alban, CHP Bal\u0131kesir Milletvekilimiz Ensar Aytekin, CHP Tokat Milletvekili Kadim Durmaz, CHP \u00c7orum \u0130l Ba\u015fkan\u0131 Mehmet Tahtas\u0131z ve CHP Amasya \u0130l Ba\u015fkan\u0131 Turgay Sevindi, Zile Belediye Ba\u015fkan\u0131 \u015e\u00fckr\u00fc Sarg\u0131n\u2019\u0131 makam\u0131nda ziyaret etti.<\/p>\n<p><img loading=\"lazy\" decoding=\"async\" class=\"alignnone wp-image-4058\" src=\"http:\/\/site.zile.bel.tr\/wp-content\/uploads\/2022\/07\/291509346_592122065614126_1478668428840024733_n-300x138.jpg\" alt=\"\" width=\"800\" height=\"369\" srcset=\"http:\/\/site.zile.bel.tr\/wp-content\/uploads\/2022\/07\/291509346_592122065614126_1478668428840024733_n-300x138.jpg 300w, http:\/\/site.zile.bel.tr\/wp-content\/uploads\/2022\/07\/291509346_592122065614126_1478668428840024733_n-1024x472.jpg 1024w, http:\/\/site.zile.bel.tr\/wp-content\/uploads\/2022\/07\/291509346_592122065614126_1478668428840024733_n-768x354.jpg 768w, http:\/\/site.zile.bel.tr\/wp-content\/uploads\/2022\/07\/291509346_592122065614126_1478668428840024733_n.jpg 1389w\" sizes=\"auto, (max-width: 800px) 100vw, 800px\" \/><\/p>\n","protected":false},"excerpt":{"rendered":"<p>Cumhuriyet Halk Partisi Genel Ba\u015fkan Yard\u0131mc\u0131s\u0131 Veli A\u011fbaba, CHP Mu\u011fla Milletvekilimiz M\u00fcrsel Alban, CHP Bal\u0131kesir Milletvekilimiz Ensar Aytekin, CHP Tokat Milletvekili Kadim Durmaz, CHP \u00c7orum \u0130l Ba\u015fkan\u0131 Mehmet Tahtas\u0131z ve CHP Amasya \u0130l Ba\u015fkan\u0131 Turgay Sevindi, Zile Belediye Ba\u015fkan\u0131 \u015e\u00fckr\u00fc Sarg\u0131n\u2019\u0131 makam\u0131nda ziyaret etti.<\/p>\n","protected":false},"author":1,"featured_media":4058,"comment_status":"open","ping_status":"open","sticky":false,"template":"","format":"standard","meta":{"footnotes":""},"categories":[11],"tags":[],"class_list":["post-4057","post","type-post","status-publish","format-standard","has-post-thumbnail","hentry","category-haberler"],"_links":{"self":[{"href":"http:\/\/site.zile.bel.tr\/index.php\/wp-json\/wp\/v2\/posts\/4057","targetHints":{"allow":["GET"]}}],"collection":[{"href":"http:\/\/site.zile.bel.tr\/index.php\/wp-json\/wp\/v2\/posts"}],"about":[{"href":"http:\/\/site.zile.bel.tr\/index.php\/wp-json\/wp\/v2\/types\/post"}],"author":[{"embeddable":true,"href":"http:\/\/site.zile.bel.tr\/index.php\/wp-json\/wp\/v2\/users\/1"}],"replies":[{"embeddable":true,"href":"http:\/\/site.zile.bel.tr\/index.php\/wp-json\/wp\/v2\/comments?post=4057"}],"version-history":[{"count":2,"href":"http:\/\/site.zile.bel.tr\/index.php\/wp-json\/wp\/v2\/posts\/4057\/revisions"}],"predecessor-version":[{"id":4060,"href":"http:\/\/site.zile.bel.tr\/index.php\/wp-json\/wp\/v2\/posts\/4057\/revisions\/4060"}],"wp:featuredmedia":[{"embeddable":true,"href":"http:\/\/site.zile.bel.tr\/index.php\/wp-json\/wp\/v2\/media\/4058"}],"wp:attachment":[{"href":"http:\/\/site.zile.bel.tr\/index.php\/wp-json\/wp\/v2\/media?parent=4057"}],"wp:term":[{"taxonomy":"category","embeddable":true,"href":"http:\/\/site.zile.bel.tr\/index.php\/wp-json\/wp\/v2\/categories?post=4057"},{"taxonomy":"post_tag","embeddable":true,"href":"http:\/\/site.zile.bel.tr\/index.php\/wp-json\/wp\/v2\/tags?post=4057"}],"curies":[{"name":"wp","href":"https:\/\/api.w.org\/{rel}","templated":true}]}}