{"id":4100,"date":"2022-07-29T17:06:55","date_gmt":"2022-07-29T14:06:55","guid":{"rendered":"https:\/\/site.zile.bel.tr\/?p=4100"},"modified":"2022-07-29T17:06:55","modified_gmt":"2022-07-29T14:06:55","slug":"baskan-sargin-parklarimiz-copluk-degildir","status":"publish","type":"post","link":"http:\/\/site.zile.bel.tr\/index.php\/2022\/07\/29\/baskan-sargin-parklarimiz-copluk-degildir\/","title":{"rendered":"Ba\u015fkan Sarg\u0131n; \u201cParklar\u0131m\u0131z \u00e7\u00f6pl\u00fck de\u011fildir!"},"content":{"rendered":"<div class=\"kvgmc6g5 cxmmr5t8 oygrvhab hcukyx3x c1et5uql ii04i59q\">\n<div dir=\"auto\">Ba\u015fkan Sarg\u0131n; \u201cParklar\u0131m\u0131z \u00e7\u00f6pl\u00fck de\u011fildir!<\/p>\n<\/div>\n<\/div>\n<div class=\"cxmmr5t8 oygrvhab hcukyx3x c1et5uql o9v6fnle ii04i59q\">\n<div dir=\"auto\">Parklar\u0131n \u00e7\u00f6pl\u00fc\u011fe d\u00f6n\u00fc\u015ft\u00fcr\u00fclmesinin \u00e7ok \u00fcz\u00fcc\u00fc oldu\u011funu ifade eden Belediye Ba\u015fkan\u0131 \u015e\u00fckr\u00fc Sarg\u0131n, \u201cParklar\u0131m\u0131z\u0131n bu \u00e7\u00f6pl\u00fck gibi hali hangi duyarl\u0131 yurtta\u015f\u0131m\u0131z\u0131 \u00fczmez? Parklar\u0131m\u0131z \u00e7\u00f6p at\u0131lacak yerler mi?\u201d diye sordu.<\/div>\n<div dir=\"auto\"><img loading=\"lazy\" decoding=\"async\" class=\"alignnone wp-image-4101\" src=\"http:\/\/site.zile.bel.tr\/wp-content\/uploads\/2022\/07\/5a-300x200.jpg\" alt=\"\" width=\"800\" height=\"533\" srcset=\"http:\/\/site.zile.bel.tr\/wp-content\/uploads\/2022\/07\/5a-300x200.jpg 300w, http:\/\/site.zile.bel.tr\/wp-content\/uploads\/2022\/07\/5a-1024x683.jpg 1024w, http:\/\/site.zile.bel.tr\/wp-content\/uploads\/2022\/07\/5a-768x512.jpg 768w, http:\/\/site.zile.bel.tr\/wp-content\/uploads\/2022\/07\/5a-1536x1024.jpg 1536w, http:\/\/site.zile.bel.tr\/wp-content\/uploads\/2022\/07\/5a-2048x1365.jpg 2048w\" sizes=\"auto, (max-width: 800px) 100vw, 800px\" \/><\/div>\n<\/div>\n<div class=\"cxmmr5t8 oygrvhab hcukyx3x c1et5uql o9v6fnle ii04i59q\">\n<div dir=\"auto\">Parklara s\u00fcrekli olarak \u00e7\u00f6p at\u0131lmas\u0131ndan duydu\u011fu rahats\u0131zl\u0131\u011f\u0131 dile getiren Ba\u015fkan Sarg\u0131n, parklar\u0131n\u0131n belediye taraf\u0131ndan temizlenmesine ra\u011fmen, \u00e7evreye duyars\u0131z insanlarca kirletilmeye ve \u00e7\u00f6pl\u00fck gibi kullan\u0131lmaya devam edildi\u011fini belirterek bu davran\u0131\u015f\u0131 k\u0131nad\u0131\u011f\u0131n\u0131 belirtti.<\/div>\n<div dir=\"auto\"><img loading=\"lazy\" decoding=\"async\" class=\"alignnone wp-image-4102\" src=\"http:\/\/site.zile.bel.tr\/wp-content\/uploads\/2022\/07\/2a-300x200.jpg\" alt=\"\" width=\"800\" height=\"533\" srcset=\"http:\/\/site.zile.bel.tr\/wp-content\/uploads\/2022\/07\/2a-300x200.jpg 300w, http:\/\/site.zile.bel.tr\/wp-content\/uploads\/2022\/07\/2a-1024x683.jpg 1024w, http:\/\/site.zile.bel.tr\/wp-content\/uploads\/2022\/07\/2a-768x512.jpg 768w, http:\/\/site.zile.bel.tr\/wp-content\/uploads\/2022\/07\/2a-1536x1024.jpg 1536w, http:\/\/site.zile.bel.tr\/wp-content\/uploads\/2022\/07\/2a-2048x1365.jpg 2048w\" sizes=\"auto, (max-width: 800px) 100vw, 800px\" \/><\/div>\n<\/div>\n<div class=\"cxmmr5t8 oygrvhab hcukyx3x c1et5uql o9v6fnle ii04i59q\">\n<div dir=\"auto\">Mutat \u015fehir i\u00e7i gezisi s\u0131ras\u0131nda Muhsin Yaz\u0131c\u0131o\u011flu Park\u0131\u2019n\u0131n \u00e7\u00f6pl\u00fc\u011fe d\u00f6n\u00fc\u015fm\u00fc\u015f halini g\u00f6ren Ba\u015fkan Sarg\u0131n, Zile\u2019deki parklara yap\u0131lan bu \u00e7irkin ve \u00fcz\u00fcc\u00fc davran\u0131\u015f\u0131n \u00e7evreye ve kentine sayg\u0131l\u0131 bir insana yak\u0131\u015fmayaca\u011f\u0131n\u0131 belirterek, parklar\u0131m\u0131z\u0131n ve \u00e7evremizin kirletilmesine neden olanlar asl\u0131nda kendi ruhlar\u0131n\u0131 kirletmektedirler\u201d dedi.<\/div>\n<div dir=\"auto\"><img loading=\"lazy\" decoding=\"async\" class=\"alignnone wp-image-4103\" src=\"http:\/\/site.zile.bel.tr\/wp-content\/uploads\/2022\/07\/8a-300x200.jpg\" alt=\"\" width=\"800\" height=\"533\" srcset=\"http:\/\/site.zile.bel.tr\/wp-content\/uploads\/2022\/07\/8a-300x200.jpg 300w, http:\/\/site.zile.bel.tr\/wp-content\/uploads\/2022\/07\/8a-1024x683.jpg 1024w, http:\/\/site.zile.bel.tr\/wp-content\/uploads\/2022\/07\/8a-768x512.jpg 768w, http:\/\/site.zile.bel.tr\/wp-content\/uploads\/2022\/07\/8a-1536x1024.jpg 1536w, http:\/\/site.zile.bel.tr\/wp-content\/uploads\/2022\/07\/8a-2048x1365.jpg 2048w\" sizes=\"auto, (max-width: 800px) 100vw, 800px\" \/><\/div>\n<\/div>\n<div class=\"cxmmr5t8 oygrvhab hcukyx3x c1et5uql o9v6fnle ii04i59q\">\n<div dir=\"auto\">Bu parklar\u0131n her kirletildi\u011finde belediye ekiplerince temizlendi\u011fini vurgulayana Ba\u015fkan Sarg\u0131n Zile\u2019ye can veren bu parklar\u0131 as\u0131l temiz tutmas\u0131 gerekenlerin bu \u015fehirde ya\u015fayanlar oldu\u011funu ifade ederek \u015funlar\u0131 s\u00f6yledi.<\/div>\n<\/div>\n<div class=\"cxmmr5t8 oygrvhab hcukyx3x c1et5uql o9v6fnle ii04i59q\">\n<div dir=\"auto\">\u201cParklar\u0131m\u0131z \u00e7\u00f6pl\u00fck de\u011fildir\u201d kampanyas\u0131<\/div>\n<\/div>\n<div class=\"cxmmr5t8 oygrvhab hcukyx3x c1et5uql o9v6fnle ii04i59q\">\n<div dir=\"auto\">\u201cKimi duyars\u0131z yurtta\u015flar\u0131m\u0131z \u2018nas\u0131lsa belediye gelir temizler\u2019 mant\u0131\u011f\u0131yla bu parklara \u00e7\u00f6plerini atarak sadece parklar\u0131m\u0131z\u0131 kirletmekle kalm\u0131yor, Zile\u2019yi de kirletiyorlar. Bu davran\u0131\u015f, sorumluluklar\u0131n\u0131n bilincinde olan, duyarl\u0131 insanlara yak\u0131\u015fan bir durum de\u011fil. B\u00f6lgedeki en \u00e7evreci belediye olarak bilinen bir belediyenin ba\u015fkan\u0131 olarak, Zile halk\u0131n\u0131n \u00e7evreye kar\u015f\u0131 duyars\u0131z ve sayg\u0131s\u0131z olduklar\u0131 y\u00f6n\u00fcndeki s\u00f6zleri i\u015fitti\u011fimde onlar ad\u0131na \u00fcz\u00fcl\u00fcyorum. Zilelilerin ger\u00e7ekte b\u00f6yle olmad\u0131\u011f\u0131na inan\u0131yorum. Zilelilerin kendi i\u00e7lerinde \u2018Parklar\u0131m\u0131z \u00c7\u00f6pl\u00fck De\u011fildir!\u2019 kampanyas\u0131 ba\u015flatmalar\u0131n\u0131 ve bu \u00f6nemli ya\u015fam kaynaklar\u0131m\u0131z\u0131 kirletenlere m\u00fcsaade etmemelerini diliyorum.\u201d<\/div>\n<div dir=\"auto\"><img loading=\"lazy\" decoding=\"async\" class=\"alignnone wp-image-4104\" src=\"http:\/\/site.zile.bel.tr\/wp-content\/uploads\/2022\/07\/7a-300x200.jpg\" alt=\"\" width=\"800\" height=\"533\" srcset=\"http:\/\/site.zile.bel.tr\/wp-content\/uploads\/2022\/07\/7a-300x200.jpg 300w, http:\/\/site.zile.bel.tr\/wp-content\/uploads\/2022\/07\/7a-1024x683.jpg 1024w, http:\/\/site.zile.bel.tr\/wp-content\/uploads\/2022\/07\/7a-768x512.jpg 768w, http:\/\/site.zile.bel.tr\/wp-content\/uploads\/2022\/07\/7a-1536x1024.jpg 1536w, http:\/\/site.zile.bel.tr\/wp-content\/uploads\/2022\/07\/7a-2048x1365.jpg 2048w\" sizes=\"auto, (max-width: 800px) 100vw, 800px\" \/><\/div>\n<\/div>\n","protected":false},"excerpt":{"rendered":"<p>Ba\u015fkan Sarg\u0131n; \u201cParklar\u0131m\u0131z \u00e7\u00f6pl\u00fck de\u011fildir! Parklar\u0131n \u00e7\u00f6pl\u00fc\u011fe d\u00f6n\u00fc\u015ft\u00fcr\u00fclmesinin \u00e7ok \u00fcz\u00fcc\u00fc oldu\u011funu ifade eden Belediye Ba\u015fkan\u0131 \u015e\u00fckr\u00fc Sarg\u0131n, \u201cParklar\u0131m\u0131z\u0131n bu \u00e7\u00f6pl\u00fck gibi hali hangi duyarl\u0131 yurtta\u015f\u0131m\u0131z\u0131 \u00fczmez? Parklar\u0131m\u0131z \u00e7\u00f6p at\u0131lacak yerler mi?\u201d diye sordu. Parklara s\u00fcrekli olarak \u00e7\u00f6p at\u0131lmas\u0131ndan duydu\u011fu rahats\u0131zl\u0131\u011f\u0131 dile getiren Ba\u015fkan Sarg\u0131n, parklar\u0131n\u0131n belediye taraf\u0131ndan temizlenmesine ra\u011fmen, \u00e7evreye duyars\u0131z insanlarca kirletilmeye ve \u00e7\u00f6pl\u00fck [&hellip;]<\/p>\n","protected":false},"author":1,"featured_media":4102,"comment_status":"open","ping_status":"open","sticky":false,"template":"","format":"standard","meta":{"footnotes":""},"categories":[11],"tags":[82,24,177,27],"class_list":["post-4100","post","type-post","status-publish","format-standard","has-post-thumbnail","hentry","category-haberler","tag-belediye","tag-cop","tag-park","tag-zile"],"_links":{"self":[{"href":"http:\/\/site.zile.bel.tr\/index.php\/wp-json\/wp\/v2\/posts\/4100","targetHints":{"allow":["GET"]}}],"collection":[{"href":"http:\/\/site.zile.bel.tr\/index.php\/wp-json\/wp\/v2\/posts"}],"about":[{"href":"http:\/\/site.zile.bel.tr\/index.php\/wp-json\/wp\/v2\/types\/post"}],"author":[{"embeddable":true,"href":"http:\/\/site.zile.bel.tr\/index.php\/wp-json\/wp\/v2\/users\/1"}],"replies":[{"embeddable":true,"href":"http:\/\/site.zile.bel.tr\/index.php\/wp-json\/wp\/v2\/comments?post=4100"}],"version-history":[{"count":1,"href":"http:\/\/site.zile.bel.tr\/index.php\/wp-json\/wp\/v2\/posts\/4100\/revisions"}],"predecessor-version":[{"id":4105,"href":"http:\/\/site.zile.bel.tr\/index.php\/wp-json\/wp\/v2\/posts\/4100\/revisions\/4105"}],"wp:featuredmedia":[{"embeddable":true,"href":"http:\/\/site.zile.bel.tr\/index.php\/wp-json\/wp\/v2\/media\/4102"}],"wp:attachment":[{"href":"http:\/\/site.zile.bel.tr\/index.php\/wp-json\/wp\/v2\/media?parent=4100"}],"wp:term":[{"taxonomy":"category","embeddable":true,"href":"http:\/\/site.zile.bel.tr\/index.php\/wp-json\/wp\/v2\/categories?post=4100"},{"taxonomy":"post_tag","embeddable":true,"href":"http:\/\/site.zile.bel.tr\/index.php\/wp-json\/wp\/v2\/tags?post=4100"}],"curies":[{"name":"wp","href":"https:\/\/api.w.org\/{rel}","templated":true}]}}