{"id":4119,"date":"2022-08-09T18:04:33","date_gmt":"2022-08-09T15:04:33","guid":{"rendered":"http:\/\/site.zile.bel.tr\/?p=4119"},"modified":"2022-08-10T16:34:31","modified_gmt":"2022-08-10T13:34:31","slug":"zile-belediyesi-kentsel-yasam-alani-kazandirma-calismalarina-devam-ediyor","status":"publish","type":"post","link":"http:\/\/site.zile.bel.tr\/index.php\/2022\/08\/09\/zile-belediyesi-kentsel-yasam-alani-kazandirma-calismalarina-devam-ediyor\/","title":{"rendered":"Zile Belediyesi Kentsel Ya\u015fam Alan\u0131 Kazand\u0131rma \u00c7al\u0131\u015fmalar\u0131na Devam Ediyor"},"content":{"rendered":"<div class=\"kvgmc6g5 cxmmr5t8 oygrvhab hcukyx3x c1et5uql ii04i59q\">\n<div dir=\"auto\">Zile Belediyesi Kentsel Ya\u015fam Alan\u0131 Kazand\u0131rma \u00c7al\u0131\u015fmalar\u0131na Devam Ediyor<\/div>\n<\/div>\n<div class=\"cxmmr5t8 oygrvhab hcukyx3x c1et5uql o9v6fnle ii04i59q\">\n<div dir=\"auto\">Yunus Emre Mahallesi Mimoza Evleri mekiisinde ikamet eden vatanda\u015flar\u0131m\u0131za bir nebze nefes ald\u0131rabilmek ve dinlenme ihtiya\u00e7lar\u0131na destek olmak amac\u0131yla park in\u015fa etme \u00e7al\u0131\u015fmalar\u0131m\u0131z devam ediyor.<\/div>\n<div dir=\"auto\"><img loading=\"lazy\" decoding=\"async\" class=\"alignnone wp-image-4120\" src=\"http:\/\/site.zile.bel.tr\/wp-content\/uploads\/2022\/08\/297230961_617568259736173_4682885500408029687_n-1-300x200.jpg\" alt=\"\" width=\"800\" height=\"533\" srcset=\"http:\/\/site.zile.bel.tr\/wp-content\/uploads\/2022\/08\/297230961_617568259736173_4682885500408029687_n-1-300x200.jpg 300w, http:\/\/site.zile.bel.tr\/wp-content\/uploads\/2022\/08\/297230961_617568259736173_4682885500408029687_n-1-768x511.jpg 768w, http:\/\/site.zile.bel.tr\/wp-content\/uploads\/2022\/08\/297230961_617568259736173_4682885500408029687_n-1.jpg 960w\" sizes=\"auto, (max-width: 800px) 100vw, 800px\" \/><\/div>\n<div dir=\"auto\">\n\n\t\t<style type=\"text\/css\">\n\t\t\t#gallery-1 {\n\t\t\t\tmargin: auto;\n\t\t\t}\n\t\t\t#gallery-1 .gallery-item {\n\t\t\t\tfloat: left;\n\t\t\t\tmargin-top: 10px;\n\t\t\t\ttext-align: center;\n\t\t\t\twidth: 33%;\n\t\t\t}\n\t\t\t#gallery-1 img {\n\t\t\t\tborder: 2px solid #cfcfcf;\n\t\t\t}\n\t\t\t#gallery-1 .gallery-caption {\n\t\t\t\tmargin-left: 0;\n\t\t\t}\n\t\t\t\/* see gallery_shortcode() in wp-includes\/media.php *\/\n\t\t<\/style>\n\t\t<div id='gallery-1' class='gallery galleryid-4119 gallery-columns-3 gallery-size-thumbnail'><dl class='gallery-item'>\n\t\t\t<dt class='gallery-icon landscape'>\n\t\t\t\t<a href='http:\/\/site.zile.bel.tr\/wp-content\/uploads\/2022\/08\/297230961_617568259736173_4682885500408029687_n-2.jpg'><img loading=\"lazy\" decoding=\"async\" width=\"150\" height=\"150\" src=\"http:\/\/site.zile.bel.tr\/wp-content\/uploads\/2022\/08\/297230961_617568259736173_4682885500408029687_n-2-150x150.jpg\" class=\"attachment-thumbnail size-thumbnail\" alt=\"\" \/><\/a>\n\t\t\t<\/dt><\/dl><dl class='gallery-item'>\n\t\t\t<dt class='gallery-icon landscape'>\n\t\t\t\t<a href='http:\/\/site.zile.bel.tr\/wp-content\/uploads\/2022\/08\/298007660_617568446402821_5659538271599812869_n.jpg'><img loading=\"lazy\" decoding=\"async\" width=\"150\" height=\"150\" src=\"http:\/\/site.zile.bel.tr\/wp-content\/uploads\/2022\/08\/298007660_617568446402821_5659538271599812869_n-150x150.jpg\" class=\"attachment-thumbnail size-thumbnail\" alt=\"\" \/><\/a>\n\t\t\t<\/dt><\/dl><dl class='gallery-item'>\n\t\t\t<dt class='gallery-icon landscape'>\n\t\t\t\t<a href='http:\/\/site.zile.bel.tr\/wp-content\/uploads\/2022\/08\/298467229_617568473069485_7679701200417350120_n.jpg'><img loading=\"lazy\" decoding=\"async\" width=\"150\" height=\"150\" src=\"http:\/\/site.zile.bel.tr\/wp-content\/uploads\/2022\/08\/298467229_617568473069485_7679701200417350120_n-150x150.jpg\" class=\"attachment-thumbnail size-thumbnail\" alt=\"\" \/><\/a>\n\t\t\t<\/dt><\/dl><br style=\"clear: both\" \/>\n\t\t<\/div>\n\n<\/div>\n<\/div>\n","protected":false},"excerpt":{"rendered":"<p>Zile Belediyesi Kentsel Ya\u015fam Alan\u0131 Kazand\u0131rma \u00c7al\u0131\u015fmalar\u0131na Devam Ediyor Yunus Emre Mahallesi Mimoza Evleri mekiisinde ikamet eden vatanda\u015flar\u0131m\u0131za bir nebze nefes ald\u0131rabilmek ve dinlenme ihtiya\u00e7lar\u0131na destek olmak amac\u0131yla park in\u015fa etme \u00e7al\u0131\u015fmalar\u0131m\u0131z devam ediyor.<\/p>\n","protected":false},"author":1,"featured_media":4120,"comment_status":"open","ping_status":"open","sticky":false,"template":"","format":"standard","meta":{"footnotes":""},"categories":[11],"tags":[],"class_list":["post-4119","post","type-post","status-publish","format-standard","has-post-thumbnail","hentry","category-haberler"],"_links":{"self":[{"href":"http:\/\/site.zile.bel.tr\/index.php\/wp-json\/wp\/v2\/posts\/4119","targetHints":{"allow":["GET"]}}],"collection":[{"href":"http:\/\/site.zile.bel.tr\/index.php\/wp-json\/wp\/v2\/posts"}],"about":[{"href":"http:\/\/site.zile.bel.tr\/index.php\/wp-json\/wp\/v2\/types\/post"}],"author":[{"embeddable":true,"href":"http:\/\/site.zile.bel.tr\/index.php\/wp-json\/wp\/v2\/users\/1"}],"replies":[{"embeddable":true,"href":"http:\/\/site.zile.bel.tr\/index.php\/wp-json\/wp\/v2\/comments?post=4119"}],"version-history":[{"count":1,"href":"http:\/\/site.zile.bel.tr\/index.php\/wp-json\/wp\/v2\/posts\/4119\/revisions"}],"predecessor-version":[{"id":4124,"href":"http:\/\/site.zile.bel.tr\/index.php\/wp-json\/wp\/v2\/posts\/4119\/revisions\/4124"}],"wp:featuredmedia":[{"embeddable":true,"href":"http:\/\/site.zile.bel.tr\/index.php\/wp-json\/wp\/v2\/media\/4120"}],"wp:attachment":[{"href":"http:\/\/site.zile.bel.tr\/index.php\/wp-json\/wp\/v2\/media?parent=4119"}],"wp:term":[{"taxonomy":"category","embeddable":true,"href":"http:\/\/site.zile.bel.tr\/index.php\/wp-json\/wp\/v2\/categories?post=4119"},{"taxonomy":"post_tag","embeddable":true,"href":"http:\/\/site.zile.bel.tr\/index.php\/wp-json\/wp\/v2\/tags?post=4119"}],"curies":[{"name":"wp","href":"https:\/\/api.w.org\/{rel}","templated":true}]}}