{"id":4262,"date":"2022-09-11T22:06:53","date_gmt":"2022-09-11T19:06:53","guid":{"rendered":"http:\/\/site.zile.bel.tr\/?p=4262"},"modified":"2022-09-12T17:11:22","modified_gmt":"2022-09-12T14:11:22","slug":"pence-kilit-operasyon-bolgesinde-hain-teror-orgutu-mensuplariyla-cikan-catismada-turhalli-hemserimiz-piyade-astsubay-kidemli-cavus-gokhan-agil-sehit-olmustur","status":"publish","type":"post","link":"http:\/\/site.zile.bel.tr\/index.php\/2022\/09\/11\/pence-kilit-operasyon-bolgesinde-hain-teror-orgutu-mensuplariyla-cikan-catismada-turhalli-hemserimiz-piyade-astsubay-kidemli-cavus-gokhan-agil-sehit-olmustur\/","title":{"rendered":"Pen\u00e7e-Kilit Operasyon B\u00f6lgesinde Hain Ter\u00f6r \u00d6rg\u00fct\u00fc Mensuplar\u0131yla \u00c7\u0131kan \u00c7at\u0131\u015fmada Turhal\u2019l\u0131 Hem\u015ferimiz Piyade Astsubay K\u0131demli \u00c7avu\u015f G\u00f6khan A\u011f\u0131l \u015eehit Olmu\u015ftur"},"content":{"rendered":"<div class=\"m8h3af8h l7ghb35v kjdc1dyq kmwttqpk gh25dzvf n3t5jt4f\">\n<div dir=\"auto\">Pen\u00e7e-Kilit operasyon b\u00f6lgesinde bug\u00fcn arama tarama faaliyeti esnas\u0131nda hain ter\u00f6r \u00f6rg\u00fct\u00fc mensuplar\u0131yla \u00e7\u0131kan \u00e7at\u0131\u015fmada Turhal\u2019l\u0131 hem\u015ferimiz Piyade Astsubay K\u0131demli \u00c7avu\u015f G\u00f6khan A\u011f\u0131l \u015fehit olmu\u015ftur.<\/div>\n<div dir=\"auto\">Turhal\u2019l\u0131 hem\u015ferimizin cenazesi 12 Eyl\u00fcl Pazartesi ikindi namaz\u0131na m\u00fctakiben Turhal\u2019da defnedilecektir.<\/div>\n<div dir=\"auto\">Bizleri derin bir ac\u0131 ve \u00fcz\u00fcnt\u00fcye bo\u011fan bu olayda, hayat\u0131n\u0131 kaybeden aziz \u015fehitlerimize Allah&#8217;tan rahmet, kederli ailelerine, T\u00fcrk Silahl\u0131 Kuvvetleri ile asil milletimize ba\u015fsa\u011fl\u0131\u011f\u0131 ve sab\u0131r, yaral\u0131lar\u0131m\u0131za da acil \u015fifalar dilerim.<\/div>\n<\/div>\n<div class=\"l7ghb35v kjdc1dyq kmwttqpk gh25dzvf jikcssrz n3t5jt4f\">\n<div dir=\"auto\">\u015e\u00fckr\u00fc SARGIN<\/div>\n<div dir=\"auto\">Zile Belediye Ba\u015fkan\u0131<\/div>\n<div dir=\"auto\"><img loading=\"lazy\" decoding=\"async\" class=\"alignnone wp-image-4263\" src=\"http:\/\/site.zile.bel.tr\/wp-content\/uploads\/2022\/09\/305805820_190641270010297_6793656311735201077_n-300x300.jpg\" alt=\"\" width=\"800\" height=\"800\" srcset=\"http:\/\/site.zile.bel.tr\/wp-content\/uploads\/2022\/09\/305805820_190641270010297_6793656311735201077_n-300x300.jpg 300w, http:\/\/site.zile.bel.tr\/wp-content\/uploads\/2022\/09\/305805820_190641270010297_6793656311735201077_n-150x150.jpg 150w, http:\/\/site.zile.bel.tr\/wp-content\/uploads\/2022\/09\/305805820_190641270010297_6793656311735201077_n-768x768.jpg 768w, http:\/\/site.zile.bel.tr\/wp-content\/uploads\/2022\/09\/305805820_190641270010297_6793656311735201077_n.jpg 960w\" sizes=\"auto, (max-width: 800px) 100vw, 800px\" \/><\/div>\n<div dir=\"auto\">\n\n\t\t<style type=\"text\/css\">\n\t\t\t#gallery-1 {\n\t\t\t\tmargin: auto;\n\t\t\t}\n\t\t\t#gallery-1 .gallery-item {\n\t\t\t\tfloat: left;\n\t\t\t\tmargin-top: 10px;\n\t\t\t\ttext-align: center;\n\t\t\t\twidth: 33%;\n\t\t\t}\n\t\t\t#gallery-1 img {\n\t\t\t\tborder: 2px solid #cfcfcf;\n\t\t\t}\n\t\t\t#gallery-1 .gallery-caption {\n\t\t\t\tmargin-left: 0;\n\t\t\t}\n\t\t\t\/* see gallery_shortcode() in wp-includes\/media.php *\/\n\t\t<\/style>\n\t\t<div id='gallery-1' class='gallery galleryid-4262 gallery-columns-3 gallery-size-thumbnail'><dl class='gallery-item'>\n\t\t\t<dt class='gallery-icon landscape'>\n\t\t\t\t<a href='http:\/\/site.zile.bel.tr\/wp-content\/uploads\/2022\/09\/305807167_190641333343624_5778785460762814358_n.jpg'><img loading=\"lazy\" decoding=\"async\" width=\"150\" height=\"150\" src=\"http:\/\/site.zile.bel.tr\/wp-content\/uploads\/2022\/09\/305807167_190641333343624_5778785460762814358_n-150x150.jpg\" class=\"attachment-thumbnail size-thumbnail\" alt=\"\" srcset=\"http:\/\/site.zile.bel.tr\/wp-content\/uploads\/2022\/09\/305807167_190641333343624_5778785460762814358_n-150x150.jpg 150w, http:\/\/site.zile.bel.tr\/wp-content\/uploads\/2022\/09\/305807167_190641333343624_5778785460762814358_n-300x300.jpg 300w, http:\/\/site.zile.bel.tr\/wp-content\/uploads\/2022\/09\/305807167_190641333343624_5778785460762814358_n-1024x1024.jpg 1024w, http:\/\/site.zile.bel.tr\/wp-content\/uploads\/2022\/09\/305807167_190641333343624_5778785460762814358_n-768x768.jpg 768w, http:\/\/site.zile.bel.tr\/wp-content\/uploads\/2022\/09\/305807167_190641333343624_5778785460762814358_n-1536x1536.jpg 1536w, http:\/\/site.zile.bel.tr\/wp-content\/uploads\/2022\/09\/305807167_190641333343624_5778785460762814358_n.jpg 2048w\" sizes=\"auto, (max-width: 150px) 100vw, 150px\" \/><\/a>\n\t\t\t<\/dt><\/dl>\n\t\t\t<br style='clear: both' \/>\n\t\t<\/div>\n\n<\/div>\n<\/div>\n","protected":false},"excerpt":{"rendered":"<p>Pen\u00e7e-Kilit operasyon b\u00f6lgesinde bug\u00fcn arama tarama faaliyeti esnas\u0131nda hain ter\u00f6r \u00f6rg\u00fct\u00fc mensuplar\u0131yla \u00e7\u0131kan \u00e7at\u0131\u015fmada Turhal\u2019l\u0131 hem\u015ferimiz Piyade Astsubay K\u0131demli \u00c7avu\u015f G\u00f6khan A\u011f\u0131l \u015fehit olmu\u015ftur. Turhal\u2019l\u0131 hem\u015ferimizin cenazesi 12 Eyl\u00fcl Pazartesi ikindi namaz\u0131na m\u00fctakiben Turhal\u2019da defnedilecektir. Bizleri derin bir ac\u0131 ve \u00fcz\u00fcnt\u00fcye bo\u011fan bu olayda, hayat\u0131n\u0131 kaybeden aziz \u015fehitlerimize Allah&#8217;tan rahmet, kederli ailelerine, T\u00fcrk Silahl\u0131 Kuvvetleri [&hellip;]<\/p>\n","protected":false},"author":1,"featured_media":4263,"comment_status":"open","ping_status":"open","sticky":false,"template":"","format":"standard","meta":{"footnotes":""},"categories":[11],"tags":[],"class_list":["post-4262","post","type-post","status-publish","format-standard","has-post-thumbnail","hentry","category-haberler"],"_links":{"self":[{"href":"http:\/\/site.zile.bel.tr\/index.php\/wp-json\/wp\/v2\/posts\/4262","targetHints":{"allow":["GET"]}}],"collection":[{"href":"http:\/\/site.zile.bel.tr\/index.php\/wp-json\/wp\/v2\/posts"}],"about":[{"href":"http:\/\/site.zile.bel.tr\/index.php\/wp-json\/wp\/v2\/types\/post"}],"author":[{"embeddable":true,"href":"http:\/\/site.zile.bel.tr\/index.php\/wp-json\/wp\/v2\/users\/1"}],"replies":[{"embeddable":true,"href":"http:\/\/site.zile.bel.tr\/index.php\/wp-json\/wp\/v2\/comments?post=4262"}],"version-history":[{"count":1,"href":"http:\/\/site.zile.bel.tr\/index.php\/wp-json\/wp\/v2\/posts\/4262\/revisions"}],"predecessor-version":[{"id":4265,"href":"http:\/\/site.zile.bel.tr\/index.php\/wp-json\/wp\/v2\/posts\/4262\/revisions\/4265"}],"wp:featuredmedia":[{"embeddable":true,"href":"http:\/\/site.zile.bel.tr\/index.php\/wp-json\/wp\/v2\/media\/4263"}],"wp:attachment":[{"href":"http:\/\/site.zile.bel.tr\/index.php\/wp-json\/wp\/v2\/media?parent=4262"}],"wp:term":[{"taxonomy":"category","embeddable":true,"href":"http:\/\/site.zile.bel.tr\/index.php\/wp-json\/wp\/v2\/categories?post=4262"},{"taxonomy":"post_tag","embeddable":true,"href":"http:\/\/site.zile.bel.tr\/index.php\/wp-json\/wp\/v2\/tags?post=4262"}],"curies":[{"name":"wp","href":"https:\/\/api.w.org\/{rel}","templated":true}]}}