{"id":4467,"date":"2022-10-15T19:13:43","date_gmt":"2022-10-15T16:13:43","guid":{"rendered":"http:\/\/site.zile.bel.tr\/?p=4467"},"modified":"2022-10-17T13:18:36","modified_gmt":"2022-10-17T10:18:36","slug":"asirlik-zile-panayiri-karakucak-guresleri-dun-aksam-bartinda-gerceklesen-maden-faciasi-sebebiyle-iptal-edilmistir","status":"publish","type":"post","link":"http:\/\/site.zile.bel.tr\/index.php\/2022\/10\/15\/asirlik-zile-panayiri-karakucak-guresleri-dun-aksam-bartinda-gerceklesen-maden-faciasi-sebebiyle-iptal-edilmistir\/","title":{"rendered":"Bart\u0131n&#8217;daki maden facias\u0131nda hayat\u0131n\u0131 kaybeden emek\u00e7i i\u015f\u00e7ilerimize Allah&#8217;tan rahmet kederli ailelerine ba\u015fsa\u011fl\u0131\u011f\u0131 dilerim. \u015e\u00fckr\u00fc SARGIN Zile Belediye Ba\u015fkan\u0131"},"content":{"rendered":"<div class=\"xdj266r x11i5rnm xat24cr x1mh8g0r x1vvkbs x126k92a\">\n<div dir=\"auto\">As\u0131rl\u0131k Zile Panay\u0131r\u0131 Karakucak G\u00fcre\u015fleri d\u00fcn ak\u015fam Bart\u0131n&#8217;da ger\u00e7ekle\u015fen maden facias\u0131 sebebiyle iptal edilmi\u015ftir. Bart\u0131n&#8217;daki maden facias\u0131nda hayat\u0131n\u0131 kaybeden emek\u00e7i i\u015f\u00e7ilerimize Allah&#8217;tan rahmet kederli ailelerine ba\u015fsa\u011fl\u0131\u011f\u0131 dilerim.<\/div>\n<\/div>\n<div class=\"x11i5rnm xat24cr x1mh8g0r x1vvkbs xtlvy1s x126k92a\">\n<div dir=\"auto\">\u015e\u00fckr\u00fc SARGIN<\/div>\n<div dir=\"auto\">Zile Belediye Ba\u015fkan\u0131<\/div>\n<\/div>\n<div class=\"x11i5rnm xat24cr x1mh8g0r x1vvkbs xtlvy1s x126k92a\">\n<div dir=\"auto\">Not: As\u0131rl\u0131k Zile Panay\u0131r\u0131 Karakucak G\u00fcre\u015fleri ileri bir tarihe ertelenmi\u015ftir.<\/div>\n<div dir=\"auto\"><\/div>\n<div dir=\"auto\"><img loading=\"lazy\" decoding=\"async\" class=\"alignnone wp-image-4468\" src=\"http:\/\/site.zile.bel.tr\/wp-content\/uploads\/2022\/10\/311451277_196371389437285_3841315773530338576_n-300x168.jpg\" alt=\"\" width=\"800\" height=\"448\" srcset=\"http:\/\/site.zile.bel.tr\/wp-content\/uploads\/2022\/10\/311451277_196371389437285_3841315773530338576_n-300x168.jpg 300w, http:\/\/site.zile.bel.tr\/wp-content\/uploads\/2022\/10\/311451277_196371389437285_3841315773530338576_n.jpg 719w\" sizes=\"auto, (max-width: 800px) 100vw, 800px\" \/><\/div>\n<div dir=\"auto\"><img loading=\"lazy\" decoding=\"async\" class=\"alignnone wp-image-4469\" src=\"http:\/\/site.zile.bel.tr\/wp-content\/uploads\/2022\/10\/311419230_196371416103949_4313317324905158241_n-300x212.jpg\" alt=\"\" width=\"800\" height=\"564\" srcset=\"http:\/\/site.zile.bel.tr\/wp-content\/uploads\/2022\/10\/311419230_196371416103949_4313317324905158241_n-300x212.jpg 300w, http:\/\/site.zile.bel.tr\/wp-content\/uploads\/2022\/10\/311419230_196371416103949_4313317324905158241_n-768x542.jpg 768w, http:\/\/site.zile.bel.tr\/wp-content\/uploads\/2022\/10\/311419230_196371416103949_4313317324905158241_n.jpg 960w\" sizes=\"auto, (max-width: 800px) 100vw, 800px\" \/><\/div>\n<\/div>\n","protected":false},"excerpt":{"rendered":"<p>As\u0131rl\u0131k Zile Panay\u0131r\u0131 Karakucak G\u00fcre\u015fleri d\u00fcn ak\u015fam Bart\u0131n&#8217;da ger\u00e7ekle\u015fen maden facias\u0131 sebebiyle iptal edilmi\u015ftir. Bart\u0131n&#8217;daki maden facias\u0131nda hayat\u0131n\u0131 kaybeden emek\u00e7i i\u015f\u00e7ilerimize Allah&#8217;tan rahmet kederli ailelerine ba\u015fsa\u011fl\u0131\u011f\u0131 dilerim. \u015e\u00fckr\u00fc SARGIN Zile Belediye Ba\u015fkan\u0131 Not: As\u0131rl\u0131k Zile Panay\u0131r\u0131 Karakucak G\u00fcre\u015fleri ileri bir tarihe ertelenmi\u015ftir.<\/p>\n","protected":false},"author":1,"featured_media":4468,"comment_status":"open","ping_status":"open","sticky":false,"template":"","format":"standard","meta":{"footnotes":""},"categories":[11],"tags":[],"class_list":["post-4467","post","type-post","status-publish","format-standard","has-post-thumbnail","hentry","category-haberler"],"_links":{"self":[{"href":"http:\/\/site.zile.bel.tr\/index.php\/wp-json\/wp\/v2\/posts\/4467","targetHints":{"allow":["GET"]}}],"collection":[{"href":"http:\/\/site.zile.bel.tr\/index.php\/wp-json\/wp\/v2\/posts"}],"about":[{"href":"http:\/\/site.zile.bel.tr\/index.php\/wp-json\/wp\/v2\/types\/post"}],"author":[{"embeddable":true,"href":"http:\/\/site.zile.bel.tr\/index.php\/wp-json\/wp\/v2\/users\/1"}],"replies":[{"embeddable":true,"href":"http:\/\/site.zile.bel.tr\/index.php\/wp-json\/wp\/v2\/comments?post=4467"}],"version-history":[{"count":3,"href":"http:\/\/site.zile.bel.tr\/index.php\/wp-json\/wp\/v2\/posts\/4467\/revisions"}],"predecessor-version":[{"id":4472,"href":"http:\/\/site.zile.bel.tr\/index.php\/wp-json\/wp\/v2\/posts\/4467\/revisions\/4472"}],"wp:featuredmedia":[{"embeddable":true,"href":"http:\/\/site.zile.bel.tr\/index.php\/wp-json\/wp\/v2\/media\/4468"}],"wp:attachment":[{"href":"http:\/\/site.zile.bel.tr\/index.php\/wp-json\/wp\/v2\/media?parent=4467"}],"wp:term":[{"taxonomy":"category","embeddable":true,"href":"http:\/\/site.zile.bel.tr\/index.php\/wp-json\/wp\/v2\/categories?post=4467"},{"taxonomy":"post_tag","embeddable":true,"href":"http:\/\/site.zile.bel.tr\/index.php\/wp-json\/wp\/v2\/tags?post=4467"}],"curies":[{"name":"wp","href":"https:\/\/api.w.org\/{rel}","templated":true}]}}