{"id":4702,"date":"2022-11-26T21:03:20","date_gmt":"2022-11-26T18:03:20","guid":{"rendered":"http:\/\/site.zile.bel.tr\/?p=4702"},"modified":"2022-11-28T11:34:02","modified_gmt":"2022-11-28T08:34:02","slug":"zile-engellilere-meslek-kazandirma-dayanisma-dernegi-zile-belediyesi-saray-sinemasinda-3-aralik-dunya-engelliler-gunu-programi-duzenledi","status":"publish","type":"post","link":"http:\/\/site.zile.bel.tr\/index.php\/2022\/11\/26\/zile-engellilere-meslek-kazandirma-dayanisma-dernegi-zile-belediyesi-saray-sinemasinda-3-aralik-dunya-engelliler-gunu-programi-duzenledi\/","title":{"rendered":"Zile Engellilere Meslek Kazand\u0131rma Dayan\u0131\u015fma Derne\u011fi Zile Belediyesi Saray Sinemas\u0131\u2019nda 3 Aral\u0131k D\u00fcnya Engelliler G\u00fcn\u00fc Program\u0131 d\u00fczenledi"},"content":{"rendered":"<div class=\"x11i5rnm xat24cr x1mh8g0r x1vvkbs xdj266r x126k92a\">\n<div dir=\"auto\">Zile Engellilere Meslek Kazand\u0131rma Dayan\u0131\u015fma Derne\u011fi Zile Belediyesi Saray Sinemas\u0131\u2019nda 3 Aral\u0131k D\u00fcnya Engelliler G\u00fcn\u00fc Program\u0131 d\u00fczenledi<\/div>\n<div dir=\"auto\"><\/div>\n<\/div>\n<div class=\"x11i5rnm xat24cr x1mh8g0r x1vvkbs xtlvy1s x126k92a\">\n<div dir=\"auto\">D\u00fczenlenen programa Tokat Milletvekili Kadim Durmaz, Zile \u0130l\u00e7e Kaymakam\u0131 Mehmet Ali Aky\u00fcz, Zile Belediye Ba\u015fkan\u0131 \u015e\u00fckr\u00fc Sarg\u0131n, Tokat Belediye Ba\u015fkan\u0131 Ey\u00fcp Ero\u011flu, \u0130l\u00e7e Emniyet M\u00fcd\u00fcr\u00fc Bilal K\u00fcr\u015fat K\u0131l\u0131\u00e7arslan, \u0130l\u00e7e Jandarma Komutan\u0131 Binba\u015f\u0131 Erhan Arslan, \u0130l\u00e7e Milli E\u011fitim M\u00fcd\u00fcr\u00fc Hac\u0131 Bayram Polattimur, siyasi parti temsilcileri, STK y\u00f6neticileri ve vatanda\u015flar yo\u011fun kat\u0131l\u0131m g\u00f6sterdi.<\/div>\n<div dir=\"auto\"><\/div>\n<\/div>\n<div class=\"x11i5rnm xat24cr x1mh8g0r x1vvkbs xtlvy1s x126k92a\">\n<div dir=\"auto\">A\u00e7\u0131l\u0131\u015f konu\u015fmas\u0131n\u0131 yapan belediye ba\u015fkan\u0131 \u015e\u00fckr\u00fc Sarg\u0131n,\u201cZile Engellilere Meslek Kazand\u0131rma Dayan\u0131\u015fma Derne\u011fi Ba\u015fkan\u0131m\u0131z Halil \u0130\u00e7can ile birlikte y\u00f6netici arkada\u015flar Zile\u2019de sosyal sorumluluk g\u00f6revini gayet d\u00fczg\u00fcn ve kaliteli bir bi\u00e7imde s\u00fcrd\u00fcr\u00fcyor. \u00d6ncelikle bu \u00f6zel karde\u015flerimizin ailelerini kutluyorum. \u00c7ok b\u00fcy\u00fck cefakarl\u0131k g\u00f6steriyorlar. Bir \u00f6rnek de ben k\u0131saca vermek isterim. Bizim hem\u015ferimiz Avc\u0131lar Belediye Ba\u015fkan\u0131 Turan Han\u00e7erli. T\u0131pk\u0131 derne\u011fimizin ba\u015fkan\u0131 Halil Bey gibi bedensel olarak ayn\u0131 m\u00fccadeleyi veriyor. Ama ne yap\u0131yor, azmi ve kararl\u0131l\u0131\u011f\u0131 ile \u0130stanbul\u2019da Avc\u0131lar gibi b\u00fcy\u00fck bir il\u00e7enin belediye ba\u015fkan\u0131 ve kendisi \u0130stanbul Bo\u011faz\u0131\u2019n\u0131 y\u00fczerek ge\u00e7iyor. Bunu b\u00fcy\u00fck bir \u00f6rnek olarak vermek istedim. B\u00fcy\u00fck emekler ile ger\u00e7ekle\u015fen bu programa desteklerinden dolay\u0131 herkese te\u015fekk\u00fcr ediyorum. \u00d6zel karde\u015flerim, sizi g\u00f6ky\u00fcz\u00fc kadar seviyorum. 3 Aral\u0131k D\u00fcnya Engelliler G\u00fcn\u00fc Kutlu Olsun!\u201d dedi.<\/div>\n<div dir=\"auto\"><img loading=\"lazy\" decoding=\"async\" class=\"alignnone wp-image-4703\" src=\"http:\/\/site.zile.bel.tr\/wp-content\/uploads\/2022\/11\/316822496_205279771879780_9039438796252446706_n-300x200.jpg\" alt=\"\" width=\"800\" height=\"533\" srcset=\"http:\/\/site.zile.bel.tr\/wp-content\/uploads\/2022\/11\/316822496_205279771879780_9039438796252446706_n-300x200.jpg 300w, http:\/\/site.zile.bel.tr\/wp-content\/uploads\/2022\/11\/316822496_205279771879780_9039438796252446706_n-768x511.jpg 768w, http:\/\/site.zile.bel.tr\/wp-content\/uploads\/2022\/11\/316822496_205279771879780_9039438796252446706_n.jpg 960w\" sizes=\"auto, (max-width: 800px) 100vw, 800px\" \/><\/div>\n<div dir=\"auto\">\n\n\t\t<style type=\"text\/css\">\n\t\t\t#gallery-1 {\n\t\t\t\tmargin: auto;\n\t\t\t}\n\t\t\t#gallery-1 .gallery-item {\n\t\t\t\tfloat: left;\n\t\t\t\tmargin-top: 10px;\n\t\t\t\ttext-align: center;\n\t\t\t\twidth: 33%;\n\t\t\t}\n\t\t\t#gallery-1 img {\n\t\t\t\tborder: 2px solid #cfcfcf;\n\t\t\t}\n\t\t\t#gallery-1 .gallery-caption {\n\t\t\t\tmargin-left: 0;\n\t\t\t}\n\t\t\t\/* see gallery_shortcode() in wp-includes\/media.php *\/\n\t\t<\/style>\n\t\t<div id='gallery-1' class='gallery galleryid-4702 gallery-columns-3 gallery-size-thumbnail'><dl class='gallery-item'>\n\t\t\t<dt class='gallery-icon landscape'>\n\t\t\t\t<a href='http:\/\/site.zile.bel.tr\/wp-content\/uploads\/2022\/11\/316822496_205279771879780_9039438796252446706_n-1.jpg'><img loading=\"lazy\" decoding=\"async\" width=\"150\" height=\"150\" src=\"http:\/\/site.zile.bel.tr\/wp-content\/uploads\/2022\/11\/316822496_205279771879780_9039438796252446706_n-1-150x150.jpg\" class=\"attachment-thumbnail size-thumbnail\" alt=\"\" \/><\/a>\n\t\t\t<\/dt><\/dl><dl class='gallery-item'>\n\t\t\t<dt class='gallery-icon landscape'>\n\t\t\t\t<a href='http:\/\/site.zile.bel.tr\/wp-content\/uploads\/2022\/11\/316551441_205280118546412_7955573804546889016_n.jpg'><img loading=\"lazy\" decoding=\"async\" width=\"150\" height=\"150\" src=\"http:\/\/site.zile.bel.tr\/wp-content\/uploads\/2022\/11\/316551441_205280118546412_7955573804546889016_n-150x150.jpg\" class=\"attachment-thumbnail size-thumbnail\" alt=\"\" \/><\/a>\n\t\t\t<\/dt><\/dl><dl class='gallery-item'>\n\t\t\t<dt class='gallery-icon landscape'>\n\t\t\t\t<a href='http:\/\/site.zile.bel.tr\/wp-content\/uploads\/2022\/11\/316668215_205280105213080_38885773437794239_n.jpg'><img loading=\"lazy\" decoding=\"async\" width=\"150\" height=\"150\" src=\"http:\/\/site.zile.bel.tr\/wp-content\/uploads\/2022\/11\/316668215_205280105213080_38885773437794239_n-150x150.jpg\" class=\"attachment-thumbnail size-thumbnail\" alt=\"\" \/><\/a>\n\t\t\t<\/dt><\/dl><br style=\"clear: both\" \/><dl class='gallery-item'>\n\t\t\t<dt class='gallery-icon landscape'>\n\t\t\t\t<a href='http:\/\/site.zile.bel.tr\/wp-content\/uploads\/2022\/11\/317078816_205279795213111_6263328528486752268_n.jpg'><img loading=\"lazy\" decoding=\"async\" width=\"150\" height=\"150\" src=\"http:\/\/site.zile.bel.tr\/wp-content\/uploads\/2022\/11\/317078816_205279795213111_6263328528486752268_n-150x150.jpg\" class=\"attachment-thumbnail size-thumbnail\" alt=\"\" \/><\/a>\n\t\t\t<\/dt><\/dl><dl class='gallery-item'>\n\t\t\t<dt class='gallery-icon landscape'>\n\t\t\t\t<a href='http:\/\/site.zile.bel.tr\/wp-content\/uploads\/2022\/11\/316559585_205280251879732_8641042144967185992_n.jpg'><img loading=\"lazy\" decoding=\"async\" width=\"150\" height=\"150\" src=\"http:\/\/site.zile.bel.tr\/wp-content\/uploads\/2022\/11\/316559585_205280251879732_8641042144967185992_n-150x150.jpg\" class=\"attachment-thumbnail size-thumbnail\" alt=\"\" \/><\/a>\n\t\t\t<\/dt><\/dl><dl class='gallery-item'>\n\t\t\t<dt class='gallery-icon landscape'>\n\t\t\t\t<a href='http:\/\/site.zile.bel.tr\/wp-content\/uploads\/2022\/11\/316670915_205280838546340_7410504919921229580_n.jpg'><img loading=\"lazy\" decoding=\"async\" width=\"150\" height=\"150\" src=\"http:\/\/site.zile.bel.tr\/wp-content\/uploads\/2022\/11\/316670915_205280838546340_7410504919921229580_n-150x150.jpg\" class=\"attachment-thumbnail size-thumbnail\" alt=\"\" \/><\/a>\n\t\t\t<\/dt><\/dl><br style=\"clear: both\" \/><dl class='gallery-item'>\n\t\t\t<dt class='gallery-icon landscape'>\n\t\t\t\t<a href='http:\/\/site.zile.bel.tr\/wp-content\/uploads\/2022\/11\/316671515_205280825213008_8121495691159807384_n.jpg'><img loading=\"lazy\" decoding=\"async\" width=\"150\" height=\"150\" src=\"http:\/\/site.zile.bel.tr\/wp-content\/uploads\/2022\/11\/316671515_205280825213008_8121495691159807384_n-150x150.jpg\" class=\"attachment-thumbnail size-thumbnail\" alt=\"\" \/><\/a>\n\t\t\t<\/dt><\/dl><dl class='gallery-item'>\n\t\t\t<dt class='gallery-icon landscape'>\n\t\t\t\t<a href='http:\/\/site.zile.bel.tr\/wp-content\/uploads\/2022\/11\/316675238_205280848546339_2308132580576182553_n.jpg'><img loading=\"lazy\" decoding=\"async\" width=\"150\" height=\"150\" src=\"http:\/\/site.zile.bel.tr\/wp-content\/uploads\/2022\/11\/316675238_205280848546339_2308132580576182553_n-150x150.jpg\" class=\"attachment-thumbnail size-thumbnail\" alt=\"\" \/><\/a>\n\t\t\t<\/dt><\/dl><dl class='gallery-item'>\n\t\t\t<dt class='gallery-icon landscape'>\n\t\t\t\t<a href='http:\/\/site.zile.bel.tr\/wp-content\/uploads\/2022\/11\/316676812_205280158546408_890000071719866289_n.jpg'><img loading=\"lazy\" decoding=\"async\" width=\"150\" height=\"150\" src=\"http:\/\/site.zile.bel.tr\/wp-content\/uploads\/2022\/11\/316676812_205280158546408_890000071719866289_n-150x150.jpg\" class=\"attachment-thumbnail size-thumbnail\" alt=\"\" \/><\/a>\n\t\t\t<\/dt><\/dl><br style=\"clear: both\" \/><dl class='gallery-item'>\n\t\t\t<dt class='gallery-icon landscape'>\n\t\t\t\t<a href='http:\/\/site.zile.bel.tr\/wp-content\/uploads\/2022\/11\/316836799_205280831879674_4240646869688122829_n.jpg'><img loading=\"lazy\" decoding=\"async\" width=\"150\" height=\"150\" src=\"http:\/\/site.zile.bel.tr\/wp-content\/uploads\/2022\/11\/316836799_205280831879674_4240646869688122829_n-150x150.jpg\" class=\"attachment-thumbnail size-thumbnail\" alt=\"\" \/><\/a>\n\t\t\t<\/dt><\/dl><dl class='gallery-item'>\n\t\t\t<dt class='gallery-icon landscape'>\n\t\t\t\t<a href='http:\/\/site.zile.bel.tr\/wp-content\/uploads\/2022\/11\/316658607_205280858546338_2034355919485713434_n.jpg'><img loading=\"lazy\" decoding=\"async\" width=\"150\" height=\"150\" src=\"http:\/\/site.zile.bel.tr\/wp-content\/uploads\/2022\/11\/316658607_205280858546338_2034355919485713434_n-150x150.jpg\" class=\"attachment-thumbnail size-thumbnail\" alt=\"\" \/><\/a>\n\t\t\t<\/dt><\/dl>\n\t\t\t<br style='clear: both' \/>\n\t\t<\/div>\n\n<\/div>\n<\/div>\n","protected":false},"excerpt":{"rendered":"<p>Zile Engellilere Meslek Kazand\u0131rma Dayan\u0131\u015fma Derne\u011fi Zile Belediyesi Saray Sinemas\u0131\u2019nda 3 Aral\u0131k D\u00fcnya Engelliler G\u00fcn\u00fc Program\u0131 d\u00fczenledi D\u00fczenlenen programa Tokat Milletvekili Kadim Durmaz, Zile \u0130l\u00e7e Kaymakam\u0131 Mehmet Ali Aky\u00fcz, Zile Belediye Ba\u015fkan\u0131 \u015e\u00fckr\u00fc Sarg\u0131n, Tokat Belediye Ba\u015fkan\u0131 Ey\u00fcp Ero\u011flu, \u0130l\u00e7e Emniyet M\u00fcd\u00fcr\u00fc Bilal K\u00fcr\u015fat K\u0131l\u0131\u00e7arslan, \u0130l\u00e7e Jandarma Komutan\u0131 Binba\u015f\u0131 Erhan Arslan, \u0130l\u00e7e Milli E\u011fitim M\u00fcd\u00fcr\u00fc [&hellip;]<\/p>\n","protected":false},"author":1,"featured_media":4703,"comment_status":"open","ping_status":"open","sticky":false,"template":"","format":"standard","meta":{"footnotes":""},"categories":[11],"tags":[],"class_list":["post-4702","post","type-post","status-publish","format-standard","has-post-thumbnail","hentry","category-haberler"],"_links":{"self":[{"href":"http:\/\/site.zile.bel.tr\/index.php\/wp-json\/wp\/v2\/posts\/4702","targetHints":{"allow":["GET"]}}],"collection":[{"href":"http:\/\/site.zile.bel.tr\/index.php\/wp-json\/wp\/v2\/posts"}],"about":[{"href":"http:\/\/site.zile.bel.tr\/index.php\/wp-json\/wp\/v2\/types\/post"}],"author":[{"embeddable":true,"href":"http:\/\/site.zile.bel.tr\/index.php\/wp-json\/wp\/v2\/users\/1"}],"replies":[{"embeddable":true,"href":"http:\/\/site.zile.bel.tr\/index.php\/wp-json\/wp\/v2\/comments?post=4702"}],"version-history":[{"count":1,"href":"http:\/\/site.zile.bel.tr\/index.php\/wp-json\/wp\/v2\/posts\/4702\/revisions"}],"predecessor-version":[{"id":4715,"href":"http:\/\/site.zile.bel.tr\/index.php\/wp-json\/wp\/v2\/posts\/4702\/revisions\/4715"}],"wp:featuredmedia":[{"embeddable":true,"href":"http:\/\/site.zile.bel.tr\/index.php\/wp-json\/wp\/v2\/media\/4703"}],"wp:attachment":[{"href":"http:\/\/site.zile.bel.tr\/index.php\/wp-json\/wp\/v2\/media?parent=4702"}],"wp:term":[{"taxonomy":"category","embeddable":true,"href":"http:\/\/site.zile.bel.tr\/index.php\/wp-json\/wp\/v2\/categories?post=4702"},{"taxonomy":"post_tag","embeddable":true,"href":"http:\/\/site.zile.bel.tr\/index.php\/wp-json\/wp\/v2\/tags?post=4702"}],"curies":[{"name":"wp","href":"https:\/\/api.w.org\/{rel}","templated":true}]}}